{"id":15381,"date":"2023-01-16T10:30:12","date_gmt":"2023-01-16T09:30:12","guid":{"rendered":"https:\/\/bergers-schlagerparadies.de\/?p=15381"},"modified":"2023-01-14T18:13:52","modified_gmt":"2023-01-14T17:13:52","slug":"judy-weiss-voellig-unerwartet-%c2%b7-bergers-schlagerparadies","status":"publish","type":"post","link":"https:\/\/bergers-schlagerparadies.de\/?p=15381","title":{"rendered":"Judy Weiss &#8211; V\u00f6llig unerwartet \u00b7 Berger\u00b4s Schlagerparadies"},"content":{"rendered":"<p><img loading=\"lazy\" decoding=\"async\" class=\"size-medium wp-image-15383 alignleft\" src=\"https:\/\/bergers-schlagerparadies.de\/wp-content\/uploads\/2023\/01\/Judy-Weiss-Voellig-unerwartet-300x300.jpg\" alt=\"\" width=\"300\" height=\"300\" srcset=\"https:\/\/bergers-schlagerparadies.de\/wp-content\/uploads\/2023\/01\/Judy-Weiss-Voellig-unerwartet-300x300.jpg 300w, https:\/\/bergers-schlagerparadies.de\/wp-content\/uploads\/2023\/01\/Judy-Weiss-Voellig-unerwartet-1024x1024.jpg 1024w, https:\/\/bergers-schlagerparadies.de\/wp-content\/uploads\/2023\/01\/Judy-Weiss-Voellig-unerwartet-150x150.jpg 150w, https:\/\/bergers-schlagerparadies.de\/wp-content\/uploads\/2023\/01\/Judy-Weiss-Voellig-unerwartet-768x768.jpg 768w, https:\/\/bergers-schlagerparadies.de\/wp-content\/uploads\/2023\/01\/Judy-Weiss-Voellig-unerwartet.jpg 1200w, https:\/\/bergers-schlagerparadies.de\/wp-content\/uploads\/2023\/01\/Judy-Weiss-Voellig-unerwartet-1188x1188.jpg 1188w, https:\/\/bergers-schlagerparadies.de\/wp-content\/uploads\/2023\/01\/Judy-Weiss-Voellig-unerwartet-100x100.jpg 100w\" sizes=\"auto, (max-width: 300px) 100vw, 300px\" \/>\u201eWas macht eigentlich Judy Weiss?\u201c Das ist eine Frage, die man im Musikgesch\u00e4ft in den letzten Jahren \u00f6fter h\u00f6rte. Nun gibt es darauf eine Antwort: Die geb\u00fcrtige Berlinerin arbeitet seit einiger Zeit an einem neuen Album und pr\u00e4sentiert daraus jetzt die mitrei\u00dfende erste Single \u201eV\u00f6llig unerwartet\u201c. Der Titel ist gleichzeitig das perfekte Motto f\u00fcr das Comeback der K\u00fcnstlerin, die in den Neunzigerjahren h\u00e4ufiger Gast in der ZDF-Hitparade war, schon mit dem Startenor Andrea Bocelli im Duett und bei ihren Musical-Engagements (z. B. als Anita in \u201eWest Side Story\u201c und als Esm\u00e9ralda in \u201eDer Gl\u00f6ckner von Notre-Dame\u201c) begeistern konnte. F\u00fcr Erfolgsproduzent Jack White galt sie einst als \u201ebeste deutsche S\u00e4ngerin, deren Stimme internationales Niveau erreicht\u201c. Judy Weiss hat viel zu erz\u00e4hlen und mit anderen zu teilen. Mit den Erfahrungen einer 50-j\u00e4hrigen, dreifachen Mutter und K\u00fcnstlerin, die schon vieles erlebt hat, wei\u00df sie was im Leben wirklich z\u00e4hlt und dies auch wert zu sch\u00e4tzen. Nicht ohne Grund wird das neue Album \u201eAlles was z\u00e4hlt\u201c hei\u00dfen (V\u00d6: 31.03.2023). Mit einem neuen Team um sich herum, meldet sich Judy nun zur\u00fcck. Den neuen Songs h\u00f6rt man die Kraft und Begeisterung an, mit der sie im Studio in Zusammenarbeit mit dem Produzenten und Songschreiber Rainer Kalb entstanden. \u201eV\u00f6llig unerwartet\u201c: Judy Weiss ist wieder da!<\/p>\n<p><span style=\"color: #800000;\"><strong>Quelle: MORE Music &amp; Media \/ Vertrieb: Edel\/Kontor New Media<\/strong><\/span><\/p>\n<p><span style=\"color: #800000;\"><strong>Dieser Song ist ab dem 20.01.2023 in allen bekannten Onlineshops erh\u00e4ltlich!<\/strong><\/span><\/p>\n<p><span style=\"color: #800000;\"><strong>Airdate (f\u00fcr Radiosender): 13.01.2023<\/strong><\/span><\/p>\n","protected":false},"excerpt":{"rendered":"<p>\u201eWas macht eigentlich Judy Weiss?\u201c Das ist eine Frage, die man im Musikgesch\u00e4ft in den letzten Jahren \u00f6fter h\u00f6rte. Nun gibt es darauf eine Antwort: Die geb\u00fcrtige Berlinerin arbeitet seit einiger Zeit an einem neuen Album und pr\u00e4sentiert daraus jetzt die mitrei\u00dfende erste Single \u201eV\u00f6llig unerwartet\u201c. Der Titel ist gleichzeitig das perfekte Motto f\u00fcr das Comeback der K\u00fcnstlerin, die in den Neunzigerjahren h\u00e4ufiger Gast in der ZDF-Hitparade war, schon mit dem Startenor Andrea Bocelli im Duett und bei ihren Musical-Engagements (z. B. als Anita in \u201eWest Side Story\u201c und als Esm\u00e9ralda in \u201eDer Gl\u00f6ckner von Notre-Dame\u201c) begeistern konnte. F\u00fcr Erfolgsproduzent Jack White galt sie einst&#8230;<\/p>\n","protected":false},"author":1,"featured_media":15383,"comment_status":"open","ping_status":"open","sticky":false,"template":"","format":"standard","meta":{"footnotes":""},"categories":[2],"tags":[1638],"class_list":["post-15381","post","type-post","status-publish","format-standard","has-post-thumbnail","hentry","category-schlager","tag-judy-weiss","wpcat-2-id"],"_links":{"self":[{"href":"https:\/\/bergers-schlagerparadies.de\/index.php?rest_route=\/wp\/v2\/posts\/15381","targetHints":{"allow":["GET"]}}],"collection":[{"href":"https:\/\/bergers-schlagerparadies.de\/index.php?rest_route=\/wp\/v2\/posts"}],"about":[{"href":"https:\/\/bergers-schlagerparadies.de\/index.php?rest_route=\/wp\/v2\/types\/post"}],"author":[{"embeddable":true,"href":"https:\/\/bergers-schlagerparadies.de\/index.php?rest_route=\/wp\/v2\/users\/1"}],"replies":[{"embeddable":true,"href":"https:\/\/bergers-schlagerparadies.de\/index.php?rest_route=%2Fwp%2Fv2%2Fcomments&post=15381"}],"version-history":[{"count":1,"href":"https:\/\/bergers-schlagerparadies.de\/index.php?rest_route=\/wp\/v2\/posts\/15381\/revisions"}],"predecessor-version":[{"id":15384,"href":"https:\/\/bergers-schlagerparadies.de\/index.php?rest_route=\/wp\/v2\/posts\/15381\/revisions\/15384"}],"wp:featuredmedia":[{"embeddable":true,"href":"https:\/\/bergers-schlagerparadies.de\/index.php?rest_route=\/wp\/v2\/media\/15383"}],"wp:attachment":[{"href":"https:\/\/bergers-schlagerparadies.de\/index.php?rest_route=%2Fwp%2Fv2%2Fmedia&parent=15381"}],"wp:term":[{"taxonomy":"category","embeddable":true,"href":"https:\/\/bergers-schlagerparadies.de\/index.php?rest_route=%2Fwp%2Fv2%2Fcategories&post=15381"},{"taxonomy":"post_tag","embeddable":true,"href":"https:\/\/bergers-schlagerparadies.de\/index.php?rest_route=%2Fwp%2Fv2%2Ftags&post=15381"}],"curies":[{"name":"wp","href":"https:\/\/api.w.org\/{rel}","templated":true}]}}