{"id":15336,"date":"2023-01-16T10:30:22","date_gmt":"2023-01-16T09:30:22","guid":{"rendered":"https:\/\/bergers-schlagerparadies.de\/?p=15336"},"modified":"2023-01-14T17:04:56","modified_gmt":"2023-01-14T16:04:56","slug":"patrick-bonk-auszeit-%c2%b7-bergers-schlagerparadies","status":"publish","type":"post","link":"https:\/\/bergers-schlagerparadies.de\/?p=15336","title":{"rendered":"Patrick Bonk &#8211; Auszeit \u00b7 Berger\u00b4s Schlagerparadies"},"content":{"rendered":"<p><img loading=\"lazy\" decoding=\"async\" class=\"size-medium wp-image-15338 alignleft\" src=\"https:\/\/bergers-schlagerparadies.de\/wp-content\/uploads\/2023\/01\/Patrick-Bonk-Auszeit-300x300.jpg\" alt=\"\" width=\"300\" height=\"300\" srcset=\"https:\/\/bergers-schlagerparadies.de\/wp-content\/uploads\/2023\/01\/Patrick-Bonk-Auszeit-300x300.jpg 300w, https:\/\/bergers-schlagerparadies.de\/wp-content\/uploads\/2023\/01\/Patrick-Bonk-Auszeit-1024x1024.jpg 1024w, https:\/\/bergers-schlagerparadies.de\/wp-content\/uploads\/2023\/01\/Patrick-Bonk-Auszeit-150x150.jpg 150w, https:\/\/bergers-schlagerparadies.de\/wp-content\/uploads\/2023\/01\/Patrick-Bonk-Auszeit-768x768.jpg 768w, https:\/\/bergers-schlagerparadies.de\/wp-content\/uploads\/2023\/01\/Patrick-Bonk-Auszeit-1536x1536.jpg 1536w, https:\/\/bergers-schlagerparadies.de\/wp-content\/uploads\/2023\/01\/Patrick-Bonk-Auszeit-2048x2048.jpg 2048w, https:\/\/bergers-schlagerparadies.de\/wp-content\/uploads\/2023\/01\/Patrick-Bonk-Auszeit-1200x1200.jpg 1200w, https:\/\/bergers-schlagerparadies.de\/wp-content\/uploads\/2023\/01\/Patrick-Bonk-Auszeit-1188x1188.jpg 1188w, https:\/\/bergers-schlagerparadies.de\/wp-content\/uploads\/2023\/01\/Patrick-Bonk-Auszeit-100x100.jpg 100w\" sizes=\"auto, (max-width: 300px) 100vw, 300px\" \/>\u201eAuthentizit\u00e4t ist die Kraft eines jeden K\u00fcnstlers&#8220;, genau das beweist Patrick Bonk in seinem neusten Musikst\u00fcck.<\/p>\n<p>Ehrlich, ber\u00fchrend, und ganz nahbar &#8211; in \u201eAuszeit\u201c zeigt sich Patrick Bonk von seiner verletzlichen Seite und l\u00e4dt seine H\u00f6rer zu einer Reise ein, die direkt durch seine Gef\u00fchlswelt geht.<\/p>\n<p>Der Text stammt aus seiner eigenen musikalischen Feder. Dies wird vor allem deutlich, wenn man die Zerbrechlichkeit seiner Stimme im Verlauf des Songs verfolgt.<\/p>\n<p>\u201eMir war es wichtig, mich in dieser Ballade komplett nackt zu machen und mich von einer anderen Seite zu zeigen.\u201c, so der S\u00e4nger.<\/p>\n<p>Und so hinterl\u00e4sst der Song \u201eAuszeit\u201c ein packendes Gef\u00fchl, das noch Minuten sp\u00e4ter zum Nachdenken anregt.<\/p>\n<p><span style=\"color: #800000;\"><strong>Quelle: Fiesta Records<\/strong><\/span><\/p>\n<p><span style=\"color: #800000;\"><strong>Dieser Song ist ab dem 20.01.2023 in allen bekannten Onlineshops erh\u00e4ltlich!<\/strong><\/span><\/p>\n<p><span style=\"color: #800000;\"><strong>Airdate (f\u00fcr Radiosender): 13.01.2023<\/strong><\/span><\/p>\n","protected":false},"excerpt":{"rendered":"<p>\u201eAuthentizit\u00e4t ist die Kraft eines jeden K\u00fcnstlers&#8220;, genau das beweist Patrick Bonk in seinem neusten Musikst\u00fcck. Ehrlich, ber\u00fchrend, und ganz nahbar &#8211; in \u201eAuszeit\u201c zeigt sich Patrick Bonk von seiner verletzlichen Seite und l\u00e4dt seine H\u00f6rer zu einer Reise ein, die direkt durch seine Gef\u00fchlswelt geht. Der Text stammt aus seiner eigenen musikalischen Feder. Dies wird vor allem deutlich, wenn man die Zerbrechlichkeit seiner Stimme im Verlauf des Songs verfolgt. \u201eMir war es wichtig, mich in dieser Ballade komplett nackt zu machen und mich von einer anderen Seite zu zeigen.\u201c, so der S\u00e4nger. Und so hinterl\u00e4sst der Song \u201eAuszeit\u201c ein packendes Gef\u00fchl, das noch Minuten&#8230;<\/p>\n","protected":false},"author":1,"featured_media":15338,"comment_status":"open","ping_status":"open","sticky":false,"template":"","format":"standard","meta":{"footnotes":""},"categories":[2],"tags":[461],"class_list":["post-15336","post","type-post","status-publish","format-standard","has-post-thumbnail","hentry","category-schlager","tag-patrick-bonk","wpcat-2-id"],"_links":{"self":[{"href":"https:\/\/bergers-schlagerparadies.de\/index.php?rest_route=\/wp\/v2\/posts\/15336","targetHints":{"allow":["GET"]}}],"collection":[{"href":"https:\/\/bergers-schlagerparadies.de\/index.php?rest_route=\/wp\/v2\/posts"}],"about":[{"href":"https:\/\/bergers-schlagerparadies.de\/index.php?rest_route=\/wp\/v2\/types\/post"}],"author":[{"embeddable":true,"href":"https:\/\/bergers-schlagerparadies.de\/index.php?rest_route=\/wp\/v2\/users\/1"}],"replies":[{"embeddable":true,"href":"https:\/\/bergers-schlagerparadies.de\/index.php?rest_route=%2Fwp%2Fv2%2Fcomments&post=15336"}],"version-history":[{"count":1,"href":"https:\/\/bergers-schlagerparadies.de\/index.php?rest_route=\/wp\/v2\/posts\/15336\/revisions"}],"predecessor-version":[{"id":15339,"href":"https:\/\/bergers-schlagerparadies.de\/index.php?rest_route=\/wp\/v2\/posts\/15336\/revisions\/15339"}],"wp:featuredmedia":[{"embeddable":true,"href":"https:\/\/bergers-schlagerparadies.de\/index.php?rest_route=\/wp\/v2\/media\/15338"}],"wp:attachment":[{"href":"https:\/\/bergers-schlagerparadies.de\/index.php?rest_route=%2Fwp%2Fv2%2Fmedia&parent=15336"}],"wp:term":[{"taxonomy":"category","embeddable":true,"href":"https:\/\/bergers-schlagerparadies.de\/index.php?rest_route=%2Fwp%2Fv2%2Fcategories&post=15336"},{"taxonomy":"post_tag","embeddable":true,"href":"https:\/\/bergers-schlagerparadies.de\/index.php?rest_route=%2Fwp%2Fv2%2Ftags&post=15336"}],"curies":[{"name":"wp","href":"https:\/\/api.w.org\/{rel}","templated":true}]}}