{"id":15305,"date":"2023-01-16T10:30:00","date_gmt":"2023-01-16T09:30:00","guid":{"rendered":"https:\/\/bergers-schlagerparadies.de\/?p=15305"},"modified":"2023-01-14T10:48:03","modified_gmt":"2023-01-14T09:48:03","slug":"victoria-kern-ich-will-nicht-dass-du-gehst-%c2%b7-bergers-schlagerparadies","status":"publish","type":"post","link":"https:\/\/bergers-schlagerparadies.de\/?p=15305","title":{"rendered":"Victoria Kern &#8211; Ich will nicht, dass du gehst \u00b7 Berger\u00b4s Schlagerparadies"},"content":{"rendered":"<p><img loading=\"lazy\" decoding=\"async\" class=\"size-medium wp-image-15307 alignleft\" src=\"https:\/\/bergers-schlagerparadies.de\/wp-content\/uploads\/2023\/01\/Victoria-Kern-Ich-will-nicht-dass-du-gehst-300x300.jpg\" alt=\"\" width=\"300\" height=\"300\" srcset=\"https:\/\/bergers-schlagerparadies.de\/wp-content\/uploads\/2023\/01\/Victoria-Kern-Ich-will-nicht-dass-du-gehst-300x300.jpg 300w, https:\/\/bergers-schlagerparadies.de\/wp-content\/uploads\/2023\/01\/Victoria-Kern-Ich-will-nicht-dass-du-gehst-1024x1024.jpg 1024w, https:\/\/bergers-schlagerparadies.de\/wp-content\/uploads\/2023\/01\/Victoria-Kern-Ich-will-nicht-dass-du-gehst-150x150.jpg 150w, https:\/\/bergers-schlagerparadies.de\/wp-content\/uploads\/2023\/01\/Victoria-Kern-Ich-will-nicht-dass-du-gehst-768x768.jpg 768w, https:\/\/bergers-schlagerparadies.de\/wp-content\/uploads\/2023\/01\/Victoria-Kern-Ich-will-nicht-dass-du-gehst-1536x1536.jpg 1536w, https:\/\/bergers-schlagerparadies.de\/wp-content\/uploads\/2023\/01\/Victoria-Kern-Ich-will-nicht-dass-du-gehst-2048x2048.jpg 2048w, https:\/\/bergers-schlagerparadies.de\/wp-content\/uploads\/2023\/01\/Victoria-Kern-Ich-will-nicht-dass-du-gehst-1200x1200.jpg 1200w, https:\/\/bergers-schlagerparadies.de\/wp-content\/uploads\/2023\/01\/Victoria-Kern-Ich-will-nicht-dass-du-gehst-1188x1188.jpg 1188w, https:\/\/bergers-schlagerparadies.de\/wp-content\/uploads\/2023\/01\/Victoria-Kern-Ich-will-nicht-dass-du-gehst-100x100.jpg 100w\" sizes=\"auto, (max-width: 300px) 100vw, 300px\" \/>Lange war es vorbei. Bei nahe ist eine halbe Ewigkeit vergangen. Dann das pl\u00f6tzliche Wiedersehen und auf einmal ist sie wieder da\u2013diese Vertrautheit. In ihrer neuen Single \u201eIch will nicht, dass du gehst\u201c zeigt uns Victoria Kern, wie sch\u00f6n es sein kann, vergessen geglaubte Gef\u00fchle wieder aufleben zu lassen. Es gibt Begebenheiten, die einen solchen Reiz verspr\u00fchen, dass man sie immer wieder zum Mittelpunktmacht und die beinahe jeder kennt. So auch das Thema, welches sich Victoria Kern f\u00fcr ihre neue Single \u201eIch will nicht, dass du gehst\u201c ausgesucht hat: 2 Menschen, die einst innig miteinander verbunden waren und dann doch getrennte Wege gingen, finden wieder zu einander. Der Titelbeschreibt das Gef\u00fchl des Wiedersehens. Auch wenn die gemeinsame Vergangenheit im Sande verlaufen ist, manchmal bringt der Zufall doch eine zweite Chance mit sich. \u201eIch finde, das ist eine unheimlich romantische Vorstellung\u201c, sagt die S\u00e4ngerin. \u201eDiese Aufregung, dieses Wissen, dass es fr\u00fcher vielleicht nicht der richtige Moment war, aber das Leben einem zeigt, dass manchmal nur ein kleiner Funke ausreicht, um uns emotional wieder mit voller Wucht in fr\u00fchere Zeiten zur\u00fcckzuversetzen\u201c. So gen\u00fcgt ein Blick in die Augen und sofort ist das Herzklopfen wieder da. Sofort kehrt die Erinnerung an die sch\u00f6nen, unbeschwerten Momente zur\u00fcck und man will nur, dass der Augenblick nicht endet. Mit einer Mischung aus modernen Schlagerelementen und dem Stil der 80er Jahre, besonders authentisch arrangiert mit Originalsynthesizern der damaligen Zeit, bleibt das Team um Victoria Kern und ihrem Produzenten Mathias Ramson seinem Stil treu. Mit Gitarrensoundsundeinem groovigen Uptempo-Beat f\u00fchrt es damit die Erfolgslinie der letzten Ver\u00f6ffentlichungen fort und entwickelt einen Signature -Stil, der sofort ins Bein geht und uns direkt an Discolichter und durchtanzte N\u00e4chte denken l\u00e4sst. \u201eIch freue mich so sehr, diese Nummer endlich singen zu d\u00fcrfen, es ist einer meiner absoluten Lieblingssongs von mir\u201c, sagt die sympathische S\u00e4ngerin. Die Ver\u00f6ffentlichung von \u201eIch will nicht, dass du gehst\u201c erfolgt wieder bei dem Duisburger Label VIA Music. Und auch wir f\u00fchlen uns bei diesem Song sofort zur\u00fcckversetzt in fr\u00fchere Zeiten, sind v\u00f6llig verliebt in den einzigartigen Sound und singen voller \u00dcberzeugung im Hinblick zu Victoria Kern lauthals mit: \u201eIch will nicht, das Du gehst.<\/p>\n<p><span style=\"color: #800000;\"><strong>Quelle: VIA Music<\/strong><\/span><\/p>\n<p><span style=\"color: #800000;\"><strong>Dieser Song ist ab dem 13.01.2023 in allen bekannten Onlineshops erh\u00e4ltlich!<\/strong><\/span><\/p>\n<p><span style=\"color: #800000;\"><strong>Airdate (f\u00fcr Radiosender): 13.01.2023<\/strong><\/span><\/p>\n","protected":false},"excerpt":{"rendered":"<p>Lange war es vorbei. Bei nahe ist eine halbe Ewigkeit vergangen. Dann das pl\u00f6tzliche Wiedersehen und auf einmal ist sie wieder da\u2013diese Vertrautheit. In ihrer neuen Single \u201eIch will nicht, dass du gehst\u201c zeigt uns Victoria Kern, wie sch\u00f6n es sein kann, vergessen geglaubte Gef\u00fchle wieder aufleben zu lassen. Es gibt Begebenheiten, die einen solchen Reiz verspr\u00fchen, dass man sie immer wieder zum Mittelpunktmacht und die beinahe jeder kennt. So auch das Thema, welches sich Victoria Kern f\u00fcr ihre neue Single \u201eIch will nicht, dass du gehst\u201c ausgesucht hat: 2 Menschen, die einst innig miteinander verbunden waren und dann doch getrennte Wege gingen, finden wieder&#8230;<\/p>\n","protected":false},"author":1,"featured_media":15307,"comment_status":"open","ping_status":"open","sticky":false,"template":"","format":"standard","meta":{"footnotes":""},"categories":[2],"tags":[1175],"class_list":["post-15305","post","type-post","status-publish","format-standard","has-post-thumbnail","hentry","category-schlager","tag-victoria-kern","wpcat-2-id"],"_links":{"self":[{"href":"https:\/\/bergers-schlagerparadies.de\/index.php?rest_route=\/wp\/v2\/posts\/15305","targetHints":{"allow":["GET"]}}],"collection":[{"href":"https:\/\/bergers-schlagerparadies.de\/index.php?rest_route=\/wp\/v2\/posts"}],"about":[{"href":"https:\/\/bergers-schlagerparadies.de\/index.php?rest_route=\/wp\/v2\/types\/post"}],"author":[{"embeddable":true,"href":"https:\/\/bergers-schlagerparadies.de\/index.php?rest_route=\/wp\/v2\/users\/1"}],"replies":[{"embeddable":true,"href":"https:\/\/bergers-schlagerparadies.de\/index.php?rest_route=%2Fwp%2Fv2%2Fcomments&post=15305"}],"version-history":[{"count":1,"href":"https:\/\/bergers-schlagerparadies.de\/index.php?rest_route=\/wp\/v2\/posts\/15305\/revisions"}],"predecessor-version":[{"id":15308,"href":"https:\/\/bergers-schlagerparadies.de\/index.php?rest_route=\/wp\/v2\/posts\/15305\/revisions\/15308"}],"wp:featuredmedia":[{"embeddable":true,"href":"https:\/\/bergers-schlagerparadies.de\/index.php?rest_route=\/wp\/v2\/media\/15307"}],"wp:attachment":[{"href":"https:\/\/bergers-schlagerparadies.de\/index.php?rest_route=%2Fwp%2Fv2%2Fmedia&parent=15305"}],"wp:term":[{"taxonomy":"category","embeddable":true,"href":"https:\/\/bergers-schlagerparadies.de\/index.php?rest_route=%2Fwp%2Fv2%2Fcategories&post=15305"},{"taxonomy":"post_tag","embeddable":true,"href":"https:\/\/bergers-schlagerparadies.de\/index.php?rest_route=%2Fwp%2Fv2%2Ftags&post=15305"}],"curies":[{"name":"wp","href":"https:\/\/api.w.org\/{rel}","templated":true}]}}