{"id":15180,"date":"2023-01-11T18:16:45","date_gmt":"2023-01-11T17:16:45","guid":{"rendered":"https:\/\/bergers-schlagerparadies.de\/?p=15180"},"modified":"2023-01-11T18:16:45","modified_gmt":"2023-01-11T17:16:45","slug":"jens-bogner-wir-feiern-das-leben-%c2%b7-bergers-schlagerparadies","status":"publish","type":"post","link":"https:\/\/bergers-schlagerparadies.de\/?p=15180","title":{"rendered":"Jens Bogner &#8211; Wir feiern das Leben \u00b7 Berger\u00b4s Schlagerparadies"},"content":{"rendered":"<p><img loading=\"lazy\" decoding=\"async\" class=\"size-medium wp-image-15182 alignleft\" src=\"https:\/\/bergers-schlagerparadies.de\/wp-content\/uploads\/2023\/01\/Jens-Bogner-Wir-feiern-das-Leben-300x300.jpg\" alt=\"\" width=\"300\" height=\"300\" srcset=\"https:\/\/bergers-schlagerparadies.de\/wp-content\/uploads\/2023\/01\/Jens-Bogner-Wir-feiern-das-Leben-300x300.jpg 300w, https:\/\/bergers-schlagerparadies.de\/wp-content\/uploads\/2023\/01\/Jens-Bogner-Wir-feiern-das-Leben-1024x1024.jpg 1024w, https:\/\/bergers-schlagerparadies.de\/wp-content\/uploads\/2023\/01\/Jens-Bogner-Wir-feiern-das-Leben-150x150.jpg 150w, https:\/\/bergers-schlagerparadies.de\/wp-content\/uploads\/2023\/01\/Jens-Bogner-Wir-feiern-das-Leben-768x768.jpg 768w, https:\/\/bergers-schlagerparadies.de\/wp-content\/uploads\/2023\/01\/Jens-Bogner-Wir-feiern-das-Leben-1536x1536.jpg 1536w, https:\/\/bergers-schlagerparadies.de\/wp-content\/uploads\/2023\/01\/Jens-Bogner-Wir-feiern-das-Leben-2048x2048.jpg 2048w, https:\/\/bergers-schlagerparadies.de\/wp-content\/uploads\/2023\/01\/Jens-Bogner-Wir-feiern-das-Leben-1200x1200.jpg 1200w, https:\/\/bergers-schlagerparadies.de\/wp-content\/uploads\/2023\/01\/Jens-Bogner-Wir-feiern-das-Leben-1188x1188.jpg 1188w, https:\/\/bergers-schlagerparadies.de\/wp-content\/uploads\/2023\/01\/Jens-Bogner-Wir-feiern-das-Leben-100x100.jpg 100w\" sizes=\"auto, (max-width: 300px) 100vw, 300px\" \/>Schon 2021 konnte JENS BOGNER feiern! N\u00e4mlich sein\u00a025-j\u00e4hriges Plattenjubil\u00e4um, und damit zufrieden auf \u00fcber 30 Singles und 10\u00a0ver\u00f6ffentlichte Alben zur\u00fcckschauen. Mit seinem letzten Titel \u201eSein, so wie der\u00a0Wind\u201c\u00a0\u00a0wehte dann auch mal wieder neuer\u00a0Wind in seine\u00a0Gesangskarriere. Mit der Unterst\u00fctzung von Hit-Produzent Alexander\u00a0Menke\u00a0\u00a0aus dem Studio Maschen gelang ihm\u00a0ein sch\u00f6ner Erfolg\u00a0und diese erfolgreiche Zusammenarbeit wurde nun nat\u00fcrlich fortgesetzt:<\/p>\n<p>Auch wenn es aktuell weltweit gen\u00fcgend Probleme und\u00a0Krisenherde gibt, so erinnert uns der Text (Alexander Menke und Susan\u00a0Ebrahimi)\u00a0von \u201eWir feiern das Leben\u201c doch auch daran, im Hier und Jetzt zu sein, und dankbar\u00a0und positiv in die Zukunft zu schauen. Das\u00a0k\u00f6nnte auch ein guter Vorsatz f\u00fcr\u00a0das neue Jahr sein.<\/p>\n<p>Musikalisch gibt es sph\u00e4rische Kl\u00e4nge, mit modernen Rhythmen\u00a0unterlegt. Diese Kombination plus eing\u00e4ngiger Melodie ist sowohl wieder\u00a0radiotauglich\u00a0als auch tanzbar, jedoch kein billiger \u201eParty-Schlager\u201c, was man bei dem Titel\u00a0durchaus vermuten k\u00f6nnte. Jens Bogner\u00a0liefert auch diesmal, wie gewohnt\u00a0souver\u00e4n, mit \u00fcberzeugendem Gesang ab\u00a0\u00a0\u2013\u00a0eine Vocoder \u00e4hnliche Countermelodie \u00fcberrascht gegen\u00a0Ende des Songs. Alexander\u00a0Menke ist auch wieder f\u00fcr die Komposition und das Arrangement verantwortlich.<\/p>\n<p>Jens Bogner feiert mit uns! Wir feiern das Leben!<\/p>\n<p><span style=\"color: #800000;\"><strong>Quelle: KLONDIKE Records &amp; Songs<\/strong><\/span><\/p>\n<p><span style=\"color: #800000;\"><strong>Dieser Song ist ab dem 13.01.2023 in allen bekannten Onlineshops erh\u00e4ltlich!<\/strong><\/span><\/p>\n<p><span style=\"color: #800000;\"><strong>Airdate (f\u00fcr Radiosender): 13.01.2023<\/strong><\/span><\/p>\n<p>&nbsp;<\/p>\n","protected":false},"excerpt":{"rendered":"<p>Schon 2021 konnte JENS BOGNER feiern! N\u00e4mlich sein\u00a025-j\u00e4hriges Plattenjubil\u00e4um, und damit zufrieden auf \u00fcber 30 Singles und 10\u00a0ver\u00f6ffentlichte Alben zur\u00fcckschauen. Mit seinem letzten Titel \u201eSein, so wie der\u00a0Wind\u201c\u00a0\u00a0wehte dann auch mal wieder neuer\u00a0Wind in seine\u00a0Gesangskarriere. Mit der Unterst\u00fctzung von Hit-Produzent Alexander\u00a0Menke\u00a0\u00a0aus dem Studio Maschen gelang ihm\u00a0ein sch\u00f6ner Erfolg\u00a0und diese erfolgreiche Zusammenarbeit wurde nun nat\u00fcrlich fortgesetzt: Auch wenn es aktuell weltweit gen\u00fcgend Probleme und\u00a0Krisenherde gibt, so erinnert uns der Text (Alexander Menke und Susan\u00a0Ebrahimi)\u00a0von \u201eWir feiern das Leben\u201c doch auch daran, im Hier und Jetzt zu sein, und dankbar\u00a0und positiv in die Zukunft zu schauen. Das\u00a0k\u00f6nnte auch ein guter Vorsatz f\u00fcr\u00a0das neue Jahr sein. Musikalisch gibt&#8230;<\/p>\n","protected":false},"author":1,"featured_media":15182,"comment_status":"open","ping_status":"open","sticky":false,"template":"","format":"standard","meta":{"footnotes":""},"categories":[2],"tags":[775],"class_list":["post-15180","post","type-post","status-publish","format-standard","has-post-thumbnail","hentry","category-schlager","tag-jens-bogner","wpcat-2-id"],"_links":{"self":[{"href":"https:\/\/bergers-schlagerparadies.de\/index.php?rest_route=\/wp\/v2\/posts\/15180","targetHints":{"allow":["GET"]}}],"collection":[{"href":"https:\/\/bergers-schlagerparadies.de\/index.php?rest_route=\/wp\/v2\/posts"}],"about":[{"href":"https:\/\/bergers-schlagerparadies.de\/index.php?rest_route=\/wp\/v2\/types\/post"}],"author":[{"embeddable":true,"href":"https:\/\/bergers-schlagerparadies.de\/index.php?rest_route=\/wp\/v2\/users\/1"}],"replies":[{"embeddable":true,"href":"https:\/\/bergers-schlagerparadies.de\/index.php?rest_route=%2Fwp%2Fv2%2Fcomments&post=15180"}],"version-history":[{"count":1,"href":"https:\/\/bergers-schlagerparadies.de\/index.php?rest_route=\/wp\/v2\/posts\/15180\/revisions"}],"predecessor-version":[{"id":15183,"href":"https:\/\/bergers-schlagerparadies.de\/index.php?rest_route=\/wp\/v2\/posts\/15180\/revisions\/15183"}],"wp:featuredmedia":[{"embeddable":true,"href":"https:\/\/bergers-schlagerparadies.de\/index.php?rest_route=\/wp\/v2\/media\/15182"}],"wp:attachment":[{"href":"https:\/\/bergers-schlagerparadies.de\/index.php?rest_route=%2Fwp%2Fv2%2Fmedia&parent=15180"}],"wp:term":[{"taxonomy":"category","embeddable":true,"href":"https:\/\/bergers-schlagerparadies.de\/index.php?rest_route=%2Fwp%2Fv2%2Fcategories&post=15180"},{"taxonomy":"post_tag","embeddable":true,"href":"https:\/\/bergers-schlagerparadies.de\/index.php?rest_route=%2Fwp%2Fv2%2Ftags&post=15180"}],"curies":[{"name":"wp","href":"https:\/\/api.w.org\/{rel}","templated":true}]}}