{"id":15065,"date":"2023-01-06T10:02:07","date_gmt":"2023-01-06T09:02:07","guid":{"rendered":"https:\/\/bergers-schlagerparadies.de\/?p=15065"},"modified":"2023-01-06T10:02:07","modified_gmt":"2023-01-06T09:02:07","slug":"isabel-varell-ich-tanz-den-tango-ganz-allein-%c2%b7-bergers-schlagerparadies","status":"publish","type":"post","link":"https:\/\/bergers-schlagerparadies.de\/?p=15065","title":{"rendered":"Isabel Varell \u2013 Ich Tanz den Tango ganz allein \u00b7 Berger\u00b4s Schlagerparadies"},"content":{"rendered":"<p><img loading=\"lazy\" decoding=\"async\" class=\"size-medium wp-image-15066 alignleft\" src=\"https:\/\/bergers-schlagerparadies.de\/wp-content\/uploads\/2023\/01\/Isabel-Varell-\u2013-Ich-Tanz-den-Tango-ganz-allein-300x300.jpg\" alt=\"\" width=\"300\" height=\"300\" srcset=\"https:\/\/bergers-schlagerparadies.de\/wp-content\/uploads\/2023\/01\/Isabel-Varell-\u2013-Ich-Tanz-den-Tango-ganz-allein-300x300.jpg 300w, https:\/\/bergers-schlagerparadies.de\/wp-content\/uploads\/2023\/01\/Isabel-Varell-\u2013-Ich-Tanz-den-Tango-ganz-allein-1024x1024.jpg 1024w, https:\/\/bergers-schlagerparadies.de\/wp-content\/uploads\/2023\/01\/Isabel-Varell-\u2013-Ich-Tanz-den-Tango-ganz-allein-150x150.jpg 150w, https:\/\/bergers-schlagerparadies.de\/wp-content\/uploads\/2023\/01\/Isabel-Varell-\u2013-Ich-Tanz-den-Tango-ganz-allein-768x768.jpg 768w, https:\/\/bergers-schlagerparadies.de\/wp-content\/uploads\/2023\/01\/Isabel-Varell-\u2013-Ich-Tanz-den-Tango-ganz-allein-1536x1536.jpg 1536w, https:\/\/bergers-schlagerparadies.de\/wp-content\/uploads\/2023\/01\/Isabel-Varell-\u2013-Ich-Tanz-den-Tango-ganz-allein-2048x2048.jpg 2048w, https:\/\/bergers-schlagerparadies.de\/wp-content\/uploads\/2023\/01\/Isabel-Varell-\u2013-Ich-Tanz-den-Tango-ganz-allein-1200x1200.jpg 1200w, https:\/\/bergers-schlagerparadies.de\/wp-content\/uploads\/2023\/01\/Isabel-Varell-\u2013-Ich-Tanz-den-Tango-ganz-allein-1188x1188.jpg 1188w, https:\/\/bergers-schlagerparadies.de\/wp-content\/uploads\/2023\/01\/Isabel-Varell-\u2013-Ich-Tanz-den-Tango-ganz-allein-100x100.jpg 100w\" sizes=\"auto, (max-width: 300px) 100vw, 300px\" \/>Wenn f\u00fcr jemanden das Leben ein Tanz ist, ist das sehr beneidenswert.<\/p>\n<p>Und w\u00e4hrend beim Tanzen einer das F\u00fchren \u00fcbernimmt, hat sie erkannt, dass das in ihrem Leben nicht n\u00f6tig ist.<\/p>\n<p>Isabel liebt es zu tanzen (leben) \u2013 und sie wei\u00df, dass Abh\u00e4ngigkeit kein guter Rhythmus ist. Der Tango &#8211; als Symbol der St\u00e4rke &#8211; ist eine perfekte Begleitung f\u00fcr ihre Lebenserfahrung, es selbst in die Hand zu nehmen, wenn etwas gelingen soll&#8230;<\/p>\n<p>Isabel Varell singt, was sie lebt \u2013 logisch, weil sie seit Jahren ihr Leben, ihre Gedanken und Ihre Erfahrungen in ihre Lieder \u00fcbertr\u00e4gt. Das ist alles sehr authentisch und gar nicht so schwierig \u2013 eben, weil sie es erst aufschreibt und dann selbst singt.<\/p>\n<p><i>\u201eWer sagt das ginge nur zu zweit Ich f\u00fchre selbst \u2013 bin wie befreit.\u00a0 H\u00f6r wie das Leben nach mir schreit. Ich w\u00fcnsch dir Gl\u00fcck mein lieber Ex &#8211; Jetzt geh wohin der Pfeffer w\u00e4chst. Ich tanz den Tango ganz allein\u201c<\/i><\/p>\n<p>Komposition und Produktion stammen von Stefan K\u00f6hne, der \u00fcber 40 Chart-Erfolge vorweisen kann.<\/p>\n<p>Isabel Varell gibt mit ihrem neuen Titel \u201eIch tanz den Tango ganz allein\u201c ihren Einstand bei Klondike Records. Eine gute \u201eTanzfl\u00e4che\u201c f\u00fcr sie!<\/p>\n<p>Isabel hat zwei autobiografische Bestseller ver\u00f6ffentlicht: \u201eMittlere Reife\u201c und \u201eDie guten alten Zeiten sind jetzt\u201c.<br \/>\nSie moderiert das t\u00e4gliche ARD Magazin \u201eLive nach 9\u201c und tourt mit Konzertlesungen.<br \/>\nAm 1. Januar ist sie wieder in einer Hauptrolle als Schauspielerin im Einsatz: ZDF \u201eKreuzfahrt ins Gl\u00fcck\u201c.<\/p>\n<p><span style=\"color: #800000;\"><strong>Quelle: KLONDIKE Records &amp; Songs<\/strong><\/span><\/p>\n<p><span style=\"color: #800000;\"><strong>Dieser Song ist ab dem 06.01.2023 in allen bekannten Onlineshops erh\u00e4ltlich!<\/strong><\/span><\/p>\n<p><span style=\"color: #800000;\"><strong>Airdate (f\u00fcr Radiosender): 06.01.2023<\/strong><\/span><\/p>\n","protected":false},"excerpt":{"rendered":"<p>Wenn f\u00fcr jemanden das Leben ein Tanz ist, ist das sehr beneidenswert. Und w\u00e4hrend beim Tanzen einer das F\u00fchren \u00fcbernimmt, hat sie erkannt, dass das in ihrem Leben nicht n\u00f6tig ist. Isabel liebt es zu tanzen (leben) \u2013 und sie wei\u00df, dass Abh\u00e4ngigkeit kein guter Rhythmus ist. Der Tango &#8211; als Symbol der St\u00e4rke &#8211; ist eine perfekte Begleitung f\u00fcr ihre Lebenserfahrung, es selbst in die Hand zu nehmen, wenn etwas gelingen soll&#8230; Isabel Varell singt, was sie lebt \u2013 logisch, weil sie seit Jahren ihr Leben, ihre Gedanken und Ihre Erfahrungen in ihre Lieder \u00fcbertr\u00e4gt. Das ist alles sehr authentisch und gar nicht so&#8230;<\/p>\n","protected":false},"author":1,"featured_media":15066,"comment_status":"open","ping_status":"open","sticky":false,"template":"","format":"standard","meta":{"footnotes":""},"categories":[2],"tags":[1607],"class_list":["post-15065","post","type-post","status-publish","format-standard","has-post-thumbnail","hentry","category-schlager","tag-isabel-varell","wpcat-2-id"],"_links":{"self":[{"href":"https:\/\/bergers-schlagerparadies.de\/index.php?rest_route=\/wp\/v2\/posts\/15065","targetHints":{"allow":["GET"]}}],"collection":[{"href":"https:\/\/bergers-schlagerparadies.de\/index.php?rest_route=\/wp\/v2\/posts"}],"about":[{"href":"https:\/\/bergers-schlagerparadies.de\/index.php?rest_route=\/wp\/v2\/types\/post"}],"author":[{"embeddable":true,"href":"https:\/\/bergers-schlagerparadies.de\/index.php?rest_route=\/wp\/v2\/users\/1"}],"replies":[{"embeddable":true,"href":"https:\/\/bergers-schlagerparadies.de\/index.php?rest_route=%2Fwp%2Fv2%2Fcomments&post=15065"}],"version-history":[{"count":1,"href":"https:\/\/bergers-schlagerparadies.de\/index.php?rest_route=\/wp\/v2\/posts\/15065\/revisions"}],"predecessor-version":[{"id":15067,"href":"https:\/\/bergers-schlagerparadies.de\/index.php?rest_route=\/wp\/v2\/posts\/15065\/revisions\/15067"}],"wp:featuredmedia":[{"embeddable":true,"href":"https:\/\/bergers-schlagerparadies.de\/index.php?rest_route=\/wp\/v2\/media\/15066"}],"wp:attachment":[{"href":"https:\/\/bergers-schlagerparadies.de\/index.php?rest_route=%2Fwp%2Fv2%2Fmedia&parent=15065"}],"wp:term":[{"taxonomy":"category","embeddable":true,"href":"https:\/\/bergers-schlagerparadies.de\/index.php?rest_route=%2Fwp%2Fv2%2Fcategories&post=15065"},{"taxonomy":"post_tag","embeddable":true,"href":"https:\/\/bergers-schlagerparadies.de\/index.php?rest_route=%2Fwp%2Fv2%2Ftags&post=15065"}],"curies":[{"name":"wp","href":"https:\/\/api.w.org\/{rel}","templated":true}]}}