{"id":15037,"date":"2023-01-23T10:30:41","date_gmt":"2023-01-23T09:30:41","guid":{"rendered":"https:\/\/bergers-schlagerparadies.de\/?p=15037"},"modified":"2023-01-04T21:41:19","modified_gmt":"2023-01-04T20:41:19","slug":"anna-carina-woitschack-das-beste-album-%c2%b7-bergers-schlagerparadies","status":"publish","type":"post","link":"https:\/\/bergers-schlagerparadies.de\/?p=15037","title":{"rendered":"Anna-Carina Woitschack &#8211; Das Beste (Album) \u00b7 Berger\u00b4s Schlagerparadies"},"content":{"rendered":"<p><img loading=\"lazy\" decoding=\"async\" class=\"size-medium wp-image-15038 alignleft\" src=\"https:\/\/bergers-schlagerparadies.de\/wp-content\/uploads\/2023\/01\/Anna-Carina-Woitschack-Das-Beste-Album-300x300.jpg\" alt=\"\" width=\"300\" height=\"300\" srcset=\"https:\/\/bergers-schlagerparadies.de\/wp-content\/uploads\/2023\/01\/Anna-Carina-Woitschack-Das-Beste-Album-300x300.jpg 300w, https:\/\/bergers-schlagerparadies.de\/wp-content\/uploads\/2023\/01\/Anna-Carina-Woitschack-Das-Beste-Album-150x150.jpg 150w, https:\/\/bergers-schlagerparadies.de\/wp-content\/uploads\/2023\/01\/Anna-Carina-Woitschack-Das-Beste-Album-768x768.jpg 768w, https:\/\/bergers-schlagerparadies.de\/wp-content\/uploads\/2023\/01\/Anna-Carina-Woitschack-Das-Beste-Album-100x100.jpg 100w, https:\/\/bergers-schlagerparadies.de\/wp-content\/uploads\/2023\/01\/Anna-Carina-Woitschack-Das-Beste-Album.jpg 800w\" sizes=\"auto, (max-width: 300px) 100vw, 300px\" \/>Anna-Carina Woitschack &#8211; Das Beste V\u00d6 27.01.2023 Mit 2022 geht ein aufregendes Jahr f\u00fcr Anna-Carina Woitschack zu Ende. Im Herbst feierte sie ihren 30. Geburtstag, davor ver\u00f6ffentlichte sie ihr neues Album \u201eLichtblicke\u201c, welches sich direkt auf Platz 5 der offiziellen deutschen Charts platzierte. Der perfekte Soundtrack f\u00fcr diese nicht so leichte Zeit, denn mit ihren Songs m\u00f6chte die S\u00e4ngerin vor allem Lebensfreude und Optimismus verspr\u00fchen. Direkt am 27. Januar des neuen Jahres 2023 \u00fcberrascht uns Anna-Carina Woitschack mit dem n\u00e4chsten musikalischen Highlight der Single-Auskopplung von \u201e Das Beste \u201c. Wer jetzt denkt die neue Nummer ist eine Ballade f\u00fcr kalte Wintertage hat sich geirrt. Dieser Uptempo-Song ist voller positiver Vibes und wird der S\u00e4ngerin garantiert den n\u00e4chsten Airplay-Hit bescheren. Direkt beim ersten H\u00f6ren bleibt die aussagekr\u00e4ftige Hookline \u201eAm Ende bist du das Beste, das Beste f\u00fcr mich\u201c im Ohr und man denkt an seinen eigenen Lieblingsmenschen\u2026<\/p>\n<p><span style=\"color: #800000;\"><strong>Quelle: Telamo<\/strong><\/span><\/p>\n<p><span style=\"color: #800000;\"><strong>Dieser Song ist ab dem 27.01.2023 in allen bekannten Onlineshops erh\u00e4ltlich!<\/strong><\/span><\/p>\n<p><span style=\"color: #800000;\"><strong>Airdate (f\u00fcr Radiosender): 27.01.2023<\/strong><\/span><\/p>\n","protected":false},"excerpt":{"rendered":"<p>Anna-Carina Woitschack &#8211; Das Beste V\u00d6 27.01.2023 Mit 2022 geht ein aufregendes Jahr f\u00fcr Anna-Carina Woitschack zu Ende. Im Herbst feierte sie ihren 30. Geburtstag, davor ver\u00f6ffentlichte sie ihr neues Album \u201eLichtblicke\u201c, welches sich direkt auf Platz 5 der offiziellen deutschen Charts platzierte. Der perfekte Soundtrack f\u00fcr diese nicht so leichte Zeit, denn mit ihren Songs m\u00f6chte die S\u00e4ngerin vor allem Lebensfreude und Optimismus verspr\u00fchen. Direkt am 27. Januar des neuen Jahres 2023 \u00fcberrascht uns Anna-Carina Woitschack mit dem n\u00e4chsten musikalischen Highlight der Single-Auskopplung von \u201e Das Beste \u201c. Wer jetzt denkt die neue Nummer ist eine Ballade f\u00fcr kalte Wintertage hat sich geirrt. Dieser&#8230;<\/p>\n","protected":false},"author":1,"featured_media":15038,"comment_status":"open","ping_status":"open","sticky":false,"template":"","format":"standard","meta":{"footnotes":""},"categories":[2],"tags":[567],"class_list":["post-15037","post","type-post","status-publish","format-standard","has-post-thumbnail","hentry","category-schlager","tag-anna-carina-woitschack","wpcat-2-id"],"_links":{"self":[{"href":"https:\/\/bergers-schlagerparadies.de\/index.php?rest_route=\/wp\/v2\/posts\/15037","targetHints":{"allow":["GET"]}}],"collection":[{"href":"https:\/\/bergers-schlagerparadies.de\/index.php?rest_route=\/wp\/v2\/posts"}],"about":[{"href":"https:\/\/bergers-schlagerparadies.de\/index.php?rest_route=\/wp\/v2\/types\/post"}],"author":[{"embeddable":true,"href":"https:\/\/bergers-schlagerparadies.de\/index.php?rest_route=\/wp\/v2\/users\/1"}],"replies":[{"embeddable":true,"href":"https:\/\/bergers-schlagerparadies.de\/index.php?rest_route=%2Fwp%2Fv2%2Fcomments&post=15037"}],"version-history":[{"count":1,"href":"https:\/\/bergers-schlagerparadies.de\/index.php?rest_route=\/wp\/v2\/posts\/15037\/revisions"}],"predecessor-version":[{"id":15039,"href":"https:\/\/bergers-schlagerparadies.de\/index.php?rest_route=\/wp\/v2\/posts\/15037\/revisions\/15039"}],"wp:featuredmedia":[{"embeddable":true,"href":"https:\/\/bergers-schlagerparadies.de\/index.php?rest_route=\/wp\/v2\/media\/15038"}],"wp:attachment":[{"href":"https:\/\/bergers-schlagerparadies.de\/index.php?rest_route=%2Fwp%2Fv2%2Fmedia&parent=15037"}],"wp:term":[{"taxonomy":"category","embeddable":true,"href":"https:\/\/bergers-schlagerparadies.de\/index.php?rest_route=%2Fwp%2Fv2%2Fcategories&post=15037"},{"taxonomy":"post_tag","embeddable":true,"href":"https:\/\/bergers-schlagerparadies.de\/index.php?rest_route=%2Fwp%2Fv2%2Ftags&post=15037"}],"curies":[{"name":"wp","href":"https:\/\/api.w.org\/{rel}","templated":true}]}}