{"id":15016,"date":"2023-01-02T21:31:52","date_gmt":"2023-01-02T20:31:52","guid":{"rendered":"https:\/\/bergers-schlagerparadies.de\/?p=15016"},"modified":"2023-01-02T21:31:52","modified_gmt":"2023-01-02T20:31:52","slug":"kuult-endlich-2023-%c2%b7-bergers-schlagerparadies","status":"publish","type":"post","link":"https:\/\/bergers-schlagerparadies.de\/?p=15016","title":{"rendered":"KUULT &#8211; Endlich 2023 \u00b7 Berger\u00b4s Schlagerparadies"},"content":{"rendered":"<p><img loading=\"lazy\" decoding=\"async\" class=\"size-medium wp-image-15018 alignleft\" src=\"https:\/\/bergers-schlagerparadies.de\/wp-content\/uploads\/2023\/01\/KUULT-Endlich-2023-240x300.jpg\" alt=\"\" width=\"240\" height=\"300\" srcset=\"https:\/\/bergers-schlagerparadies.de\/wp-content\/uploads\/2023\/01\/KUULT-Endlich-2023-240x300.jpg 240w, https:\/\/bergers-schlagerparadies.de\/wp-content\/uploads\/2023\/01\/KUULT-Endlich-2023-819x1024.jpg 819w, https:\/\/bergers-schlagerparadies.de\/wp-content\/uploads\/2023\/01\/KUULT-Endlich-2023-768x960.jpg 768w, https:\/\/bergers-schlagerparadies.de\/wp-content\/uploads\/2023\/01\/KUULT-Endlich-2023-1229x1536.jpg 1229w, https:\/\/bergers-schlagerparadies.de\/wp-content\/uploads\/2023\/01\/KUULT-Endlich-2023-1638x2048.jpg 1638w, https:\/\/bergers-schlagerparadies.de\/wp-content\/uploads\/2023\/01\/KUULT-Endlich-2023-960x1200.jpg 960w, https:\/\/bergers-schlagerparadies.de\/wp-content\/uploads\/2023\/01\/KUULT-Endlich-2023-1188x1485.jpg 1188w, https:\/\/bergers-schlagerparadies.de\/wp-content\/uploads\/2023\/01\/KUULT-Endlich-2023-1320x1650.jpg 1320w, https:\/\/bergers-schlagerparadies.de\/wp-content\/uploads\/2023\/01\/KUULT-Endlich-2023-scaled.jpg 2048w\" sizes=\"auto, (max-width: 240px) 100vw, 240px\" \/>Mit dieser Nummer k\u00fcndigt KUULT ihr im Februar erscheinendes 4. Studioalbum \u201eRiesig stark\u201c an.<\/p>\n<p>Nach nun mehr 2 Jahren musikalischer Einschr\u00e4nkung durch die Pandemie, kehrt endlich der Optimismus zur\u00fcck; Live-Konzerte, echte Konzertbesucher und ein gro\u00dfes St\u00fcck Freiheit.<\/p>\n<p>Mit der Single 2023 will KUULT nicht die vergangene Zeit verfluchen, sondern Mut machen f\u00fcr ein kommendes Jahr mit wiederkehrendem Vertrauen in eine unbeschwertere Zukunft.<\/p>\n<p>&nbsp;<\/p>\n<p><span style=\"color: #800000;\"><strong>Quelle: BABILON RECORDS<\/strong><\/span><\/p>\n<p><span style=\"color: #800000;\"><strong>Dieser Song ist ab dem 01.01.2023 in allen bekannten Onlineshops erh\u00e4ltlich!<\/strong><\/span><\/p>\n<p><span style=\"color: #800000;\"><strong>Airdate (f\u00fcr Radiosender): 01.01.2023<\/strong><\/span><\/p>\n","protected":false},"excerpt":{"rendered":"<p>Mit dieser Nummer k\u00fcndigt KUULT ihr im Februar erscheinendes 4. Studioalbum \u201eRiesig stark\u201c an. Nach nun mehr 2 Jahren musikalischer Einschr\u00e4nkung durch die Pandemie, kehrt endlich der Optimismus zur\u00fcck; Live-Konzerte, echte Konzertbesucher und ein gro\u00dfes St\u00fcck Freiheit. Mit der Single 2023 will KUULT nicht die vergangene Zeit verfluchen, sondern Mut machen f\u00fcr ein kommendes Jahr mit wiederkehrendem Vertrauen in eine unbeschwertere Zukunft. &nbsp; Quelle: BABILON RECORDS Dieser Song ist ab dem 01.01.2023 in allen bekannten Onlineshops erh\u00e4ltlich! Airdate (f\u00fcr Radiosender): 01.01.2023<\/p>\n","protected":false},"author":1,"featured_media":15018,"comment_status":"open","ping_status":"open","sticky":false,"template":"","format":"standard","meta":{"footnotes":""},"categories":[2],"tags":[1602],"class_list":["post-15016","post","type-post","status-publish","format-standard","has-post-thumbnail","hentry","category-schlager","tag-kuult","wpcat-2-id"],"_links":{"self":[{"href":"https:\/\/bergers-schlagerparadies.de\/index.php?rest_route=\/wp\/v2\/posts\/15016","targetHints":{"allow":["GET"]}}],"collection":[{"href":"https:\/\/bergers-schlagerparadies.de\/index.php?rest_route=\/wp\/v2\/posts"}],"about":[{"href":"https:\/\/bergers-schlagerparadies.de\/index.php?rest_route=\/wp\/v2\/types\/post"}],"author":[{"embeddable":true,"href":"https:\/\/bergers-schlagerparadies.de\/index.php?rest_route=\/wp\/v2\/users\/1"}],"replies":[{"embeddable":true,"href":"https:\/\/bergers-schlagerparadies.de\/index.php?rest_route=%2Fwp%2Fv2%2Fcomments&post=15016"}],"version-history":[{"count":1,"href":"https:\/\/bergers-schlagerparadies.de\/index.php?rest_route=\/wp\/v2\/posts\/15016\/revisions"}],"predecessor-version":[{"id":15019,"href":"https:\/\/bergers-schlagerparadies.de\/index.php?rest_route=\/wp\/v2\/posts\/15016\/revisions\/15019"}],"wp:featuredmedia":[{"embeddable":true,"href":"https:\/\/bergers-schlagerparadies.de\/index.php?rest_route=\/wp\/v2\/media\/15018"}],"wp:attachment":[{"href":"https:\/\/bergers-schlagerparadies.de\/index.php?rest_route=%2Fwp%2Fv2%2Fmedia&parent=15016"}],"wp:term":[{"taxonomy":"category","embeddable":true,"href":"https:\/\/bergers-schlagerparadies.de\/index.php?rest_route=%2Fwp%2Fv2%2Fcategories&post=15016"},{"taxonomy":"post_tag","embeddable":true,"href":"https:\/\/bergers-schlagerparadies.de\/index.php?rest_route=%2Fwp%2Fv2%2Ftags&post=15016"}],"curies":[{"name":"wp","href":"https:\/\/api.w.org\/{rel}","templated":true}]}}