{"id":15002,"date":"2023-01-02T21:05:36","date_gmt":"2023-01-02T20:05:36","guid":{"rendered":"https:\/\/bergers-schlagerparadies.de\/?p=15002"},"modified":"2023-01-02T21:05:36","modified_gmt":"2023-01-02T20:05:36","slug":"daniela-alfinito-was-soll-ich-tun-%c2%b7-bergers-schlagerparadies","status":"publish","type":"post","link":"https:\/\/bergers-schlagerparadies.de\/?p=15002","title":{"rendered":"Daniela Alfinito &#8211; Was soll ich tun \u00b7 Berger\u00b4s Schlagerparadies"},"content":{"rendered":"<p><img loading=\"lazy\" decoding=\"async\" class=\"size-medium wp-image-15004 alignleft\" src=\"https:\/\/bergers-schlagerparadies.de\/wp-content\/uploads\/2023\/01\/Daniela-Alfinito-Was-soll-ich-tun-300x297.jpg\" alt=\"\" width=\"300\" height=\"297\" srcset=\"https:\/\/bergers-schlagerparadies.de\/wp-content\/uploads\/2023\/01\/Daniela-Alfinito-Was-soll-ich-tun-300x297.jpg 300w, https:\/\/bergers-schlagerparadies.de\/wp-content\/uploads\/2023\/01\/Daniela-Alfinito-Was-soll-ich-tun-1024x1015.jpg 1024w, https:\/\/bergers-schlagerparadies.de\/wp-content\/uploads\/2023\/01\/Daniela-Alfinito-Was-soll-ich-tun-150x150.jpg 150w, https:\/\/bergers-schlagerparadies.de\/wp-content\/uploads\/2023\/01\/Daniela-Alfinito-Was-soll-ich-tun-768x762.jpg 768w, https:\/\/bergers-schlagerparadies.de\/wp-content\/uploads\/2023\/01\/Daniela-Alfinito-Was-soll-ich-tun-1200x1190.jpg 1200w, https:\/\/bergers-schlagerparadies.de\/wp-content\/uploads\/2023\/01\/Daniela-Alfinito-Was-soll-ich-tun-1188x1178.jpg 1188w, https:\/\/bergers-schlagerparadies.de\/wp-content\/uploads\/2023\/01\/Daniela-Alfinito-Was-soll-ich-tun-100x100.jpg 100w, https:\/\/bergers-schlagerparadies.de\/wp-content\/uploads\/2023\/01\/Daniela-Alfinito-Was-soll-ich-tun-1320x1309.jpg 1320w, https:\/\/bergers-schlagerparadies.de\/wp-content\/uploads\/2023\/01\/Daniela-Alfinito-Was-soll-ich-tun.jpg 1430w\" sizes=\"auto, (max-width: 300px) 100vw, 300px\" \/>Die Single von Daniela Alfinito im neuen Jahr begleitet den Release ihres neuen Longplayers \u201eFrei und grenzenlos\u201c. \u201eWas soll ich tun\u201c stellt in Frage und liefert die Antwort gleich mit.<br \/>\n\u201eJeder hat seine Erinnerungen, Erlebnisse und Sehns\u00fcchte, die man mit Texten und der Stimmung einer Melodie verbindet\u201c, davon war auch Daniela Alfinito bei der Songauswahl nicht frei und hat sich von der Emotion leiten lassen. \u201eUnsere Gef\u00fchle k\u00f6nnen dadurch so best\u00e4rkt werden, dass wir uns manchmal etwas trauen, dass wir Entscheidungen treffen, die wir uns sonst vielleicht gar nicht so zugetraut h\u00e4tten.\u201c Daniela vertritt auch das Credo, dass Krisen zeigen, wer Charakter hat. \u201eHier wird man im Positiven gefordert, neu zu denken. Jeder Mensch ist anders und hat dadurch eine andere Wahrnehmung und Denkweise. Wichtig ist, dass man sich gegenseitig Halt gibt. Ich bin mit mir selbst im Reinen &#8211; ich habe gelernt, mit beiden Beinen im Leben zu stehen und m\u00f6chte das auch mit meinen Songs r\u00fcberbringen, die aus dem Leben gegriffen sind &#8211; um diese Zuversicht und diesen Mut mit anderen zu teilen, die sich ebenfalls damit identifizieren k\u00f6nnen\u201c, das ist eine St\u00e4rke der Hessin, die durch ihre Lieder ihr Herz sprechen l\u00e4sst und hofft, \u201edass ich nie aufh\u00f6ren werde zu tr\u00e4umen und mir neue Ziele zu setzen, an denen ich mich ausrichte \u2013 um auch f\u00fcr andere stark sein zu k\u00f6nnen.\u201c<br \/>\nRatschl\u00e4ge h\u00f6rt sie sich gerne an, doch ob sie diese auch umsetzt, diese Entscheidung trifft sie f\u00fcr sich selbst: \u201eWenn ich auch mal daneben liege, dann hab ich es halt gerade nicht besser gekonnt und mache es das n\u00e4chste Mal anders. Am Ziel ist man, wenn man mit sich selbst zufrieden ist.\u201c<br \/>\nNach ihrem vierten Nummer 1-Chartentry in Deutschland mit der Album-CD \u201eL\u00f6wenmut\u201c gelang Daniela Alfinito zum dritten Mal in ihrer Karriere auch in \u00d6sterreich der Sprung auf die Peak Position.<br \/>\nMit \u201eFrei und grenzenlos\u201c ver\u00f6ffentlicht die sympathische S\u00e4ngerin jetzt ihre neue CD mit 14 packenden neuen Titeln plus einem Hitmix 2023. Zeitgleich gibt es wieder eine DVD &#8211; erg\u00e4nzend zur sehenswerten Clip-Kollektion mit einem TV-Special und einem sehr pers\u00f6nlichen Interview &#8211; \u201eFrei und grenzenlos\u201c ehrlich!<\/p>\n<p><span style=\"color: #800000;\"><strong>Quelle: Telamo<\/strong><\/span><\/p>\n<p><span style=\"color: #800000;\"><strong>Dieser Song ist ab dem 06.01.2023 in allen bekannten Onlineshops erh\u00e4ltlich!<\/strong><\/span><\/p>\n<p><span style=\"color: #800000;\"><strong>Airdate (f\u00fcr Radiosender): 06.01.2023<\/strong><\/span><\/p>\n","protected":false},"excerpt":{"rendered":"<p>Die Single von Daniela Alfinito im neuen Jahr begleitet den Release ihres neuen Longplayers \u201eFrei und grenzenlos\u201c. \u201eWas soll ich tun\u201c stellt in Frage und liefert die Antwort gleich mit. \u201eJeder hat seine Erinnerungen, Erlebnisse und Sehns\u00fcchte, die man mit Texten und der Stimmung einer Melodie verbindet\u201c, davon war auch Daniela Alfinito bei der Songauswahl nicht frei und hat sich von der Emotion leiten lassen. \u201eUnsere Gef\u00fchle k\u00f6nnen dadurch so best\u00e4rkt werden, dass wir uns manchmal etwas trauen, dass wir Entscheidungen treffen, die wir uns sonst vielleicht gar nicht so zugetraut h\u00e4tten.\u201c Daniela vertritt auch das Credo, dass Krisen zeigen, wer Charakter hat. \u201eHier wird&#8230;<\/p>\n","protected":false},"author":1,"featured_media":15004,"comment_status":"open","ping_status":"open","sticky":false,"template":"","format":"standard","meta":{"footnotes":""},"categories":[2],"tags":[210],"class_list":["post-15002","post","type-post","status-publish","format-standard","has-post-thumbnail","hentry","category-schlager","tag-daniela-alfinito","wpcat-2-id"],"_links":{"self":[{"href":"https:\/\/bergers-schlagerparadies.de\/index.php?rest_route=\/wp\/v2\/posts\/15002","targetHints":{"allow":["GET"]}}],"collection":[{"href":"https:\/\/bergers-schlagerparadies.de\/index.php?rest_route=\/wp\/v2\/posts"}],"about":[{"href":"https:\/\/bergers-schlagerparadies.de\/index.php?rest_route=\/wp\/v2\/types\/post"}],"author":[{"embeddable":true,"href":"https:\/\/bergers-schlagerparadies.de\/index.php?rest_route=\/wp\/v2\/users\/1"}],"replies":[{"embeddable":true,"href":"https:\/\/bergers-schlagerparadies.de\/index.php?rest_route=%2Fwp%2Fv2%2Fcomments&post=15002"}],"version-history":[{"count":1,"href":"https:\/\/bergers-schlagerparadies.de\/index.php?rest_route=\/wp\/v2\/posts\/15002\/revisions"}],"predecessor-version":[{"id":15005,"href":"https:\/\/bergers-schlagerparadies.de\/index.php?rest_route=\/wp\/v2\/posts\/15002\/revisions\/15005"}],"wp:featuredmedia":[{"embeddable":true,"href":"https:\/\/bergers-schlagerparadies.de\/index.php?rest_route=\/wp\/v2\/media\/15004"}],"wp:attachment":[{"href":"https:\/\/bergers-schlagerparadies.de\/index.php?rest_route=%2Fwp%2Fv2%2Fmedia&parent=15002"}],"wp:term":[{"taxonomy":"category","embeddable":true,"href":"https:\/\/bergers-schlagerparadies.de\/index.php?rest_route=%2Fwp%2Fv2%2Fcategories&post=15002"},{"taxonomy":"post_tag","embeddable":true,"href":"https:\/\/bergers-schlagerparadies.de\/index.php?rest_route=%2Fwp%2Fv2%2Ftags&post=15002"}],"curies":[{"name":"wp","href":"https:\/\/api.w.org\/{rel}","templated":true}]}}