{"id":14976,"date":"2022-12-30T07:11:27","date_gmt":"2022-12-30T06:11:27","guid":{"rendered":"https:\/\/bergers-schlagerparadies.de\/?p=14976"},"modified":"2022-12-30T07:12:19","modified_gmt":"2022-12-30T06:12:19","slug":"ina-zwischen-den-zeilen-%c2%b7-bergers-schlagerparadies","status":"publish","type":"post","link":"https:\/\/bergers-schlagerparadies.de\/?p=14976","title":{"rendered":"INA &#8211; Zwischen den Zeilen \u00b7 Berger\u00b4s Schlagerparadies"},"content":{"rendered":"<p><span id=\"page5R_mcid3\" class=\"markedContent\"><span dir=\"ltr\" role=\"presentation\"><img loading=\"lazy\" decoding=\"async\" class=\"size-medium wp-image-14977 alignleft\" src=\"https:\/\/bergers-schlagerparadies.de\/wp-content\/uploads\/2022\/12\/INA-Zwischen-den-Zeilen-300x300.jpg\" alt=\"\" width=\"300\" height=\"300\" srcset=\"https:\/\/bergers-schlagerparadies.de\/wp-content\/uploads\/2022\/12\/INA-Zwischen-den-Zeilen-300x300.jpg 300w, https:\/\/bergers-schlagerparadies.de\/wp-content\/uploads\/2022\/12\/INA-Zwischen-den-Zeilen-1024x1024.jpg 1024w, https:\/\/bergers-schlagerparadies.de\/wp-content\/uploads\/2022\/12\/INA-Zwischen-den-Zeilen-150x150.jpg 150w, https:\/\/bergers-schlagerparadies.de\/wp-content\/uploads\/2022\/12\/INA-Zwischen-den-Zeilen-768x768.jpg 768w, https:\/\/bergers-schlagerparadies.de\/wp-content\/uploads\/2022\/12\/INA-Zwischen-den-Zeilen.jpg 1200w, https:\/\/bergers-schlagerparadies.de\/wp-content\/uploads\/2022\/12\/INA-Zwischen-den-Zeilen-1188x1188.jpg 1188w, https:\/\/bergers-schlagerparadies.de\/wp-content\/uploads\/2022\/12\/INA-Zwischen-den-Zeilen-100x100.jpg 100w\" sizes=\"auto, (max-width: 300px) 100vw, 300px\" \/>ZWISCHEN DEN ZEILEN-<\/span><\/span><span id=\"page5R_mcid4\" class=\"markedContent\"><\/span><span id=\"page5R_mcid5\" class=\"markedContent\"> <span dir=\"ltr\" role=\"presentation\">mein Song \u00fcber die Sehnsucht<\/span><\/span><span id=\"page5R_mcid6\" class=\"markedContent\"><br role=\"presentation\" \/><span dir=\"ltr\" role=\"presentation\">nach Tiefe &amp; Sinn. \u00dcber die Macht ehrlicher Worte und <\/span><\/span><span id=\"page5R_mcid7\" class=\"markedContent\"><span dir=\"ltr\" role=\"presentation\">eine Erinnerung daran, das alles in uns selber beginnt.<\/span><\/span><span id=\"page5R_mcid8\" class=\"markedContent\"><\/span><span id=\"page5R_mcid9\" class=\"markedContent\"><br role=\"presentation\" \/><span dir=\"ltr\" role=\"presentation\">Wir f\u00fchlen uns alleine in einer Welt gepr\u00e4gt von Social <\/span><\/span><span id=\"page5R_mcid10\" class=\"markedContent\"><span dir=\"ltr\" role=\"presentation\">Media, weil wir uns am Ende des Tages nicht trauen, <\/span><\/span><span id=\"page5R_mcid11\" class=\"markedContent\"><span dir=\"ltr\" role=\"presentation\">unsere wahren Gedanken zu teilen. Tiefe ehrliche <\/span><\/span><span id=\"page5R_mcid12\" class=\"markedContent\"><span dir=\"ltr\" role=\"presentation\">Gespr\u00e4che die wirkliche N\u00e4he schaffen vermeiden, aus <\/span><\/span><span id=\"page5R_mcid13\" class=\"markedContent\"><span dir=\"ltr\" role=\"presentation\">Angst verletzt zu werden.<\/span><\/span><span id=\"page5R_mcid14\" class=\"markedContent\"><\/span><span id=\"page5R_mcid15\" class=\"markedContent\"><br role=\"presentation\" \/><span dir=\"ltr\" role=\"presentation\">&#8222;Was, wenn wir uns jetzt trauen? Und ehrlich zu uns sind!&#8220;<\/span><\/span><span id=\"page5R_mcid16\" class=\"markedContent\"><br role=\"presentation\" \/><span dir=\"ltr\" role=\"presentation\">Wir brauchen mehr &#8211; Tiefe &amp; Sinn. Wie f\u00fchlst du das?<\/span><\/span><\/p>\n<p>&nbsp;<\/p>\n<p>&nbsp;<\/p>\n<p>&nbsp;<\/p>\n<p><span style=\"color: #800000;\"><strong>Quelle: iGroove AG<\/strong><\/span><\/p>\n<p><span style=\"color: #800000;\"><strong>Dieser Song ist ab dem 30.12.2022 in allen bekannten Onlineshops erh\u00e4ltlich!<\/strong><\/span><\/p>\n<p><span style=\"color: #800000;\"><strong>Airdate (f\u00fcr Radiosender): 30.12.2022<\/strong><\/span><\/p>\n","protected":false},"excerpt":{"rendered":"<p>ZWISCHEN DEN ZEILEN- mein Song \u00fcber die Sehnsuchtnach Tiefe &amp; Sinn. \u00dcber die Macht ehrlicher Worte und eine Erinnerung daran, das alles in uns selber beginnt.Wir f\u00fchlen uns alleine in einer Welt gepr\u00e4gt von Social Media, weil wir uns am Ende des Tages nicht trauen, unsere wahren Gedanken zu teilen. Tiefe ehrliche Gespr\u00e4che die wirkliche N\u00e4he schaffen vermeiden, aus Angst verletzt zu werden.&#8222;Was, wenn wir uns jetzt trauen? Und ehrlich zu uns sind!&#8220;Wir brauchen mehr &#8211; Tiefe &amp; Sinn. Wie f\u00fchlst du das? &nbsp; &nbsp; &nbsp; Quelle: iGroove AG Dieser Song ist ab dem 30.12.2022 in allen bekannten Onlineshops erh\u00e4ltlich! Airdate (f\u00fcr Radiosender): 30.12.2022<\/p>\n","protected":false},"author":1,"featured_media":14977,"comment_status":"open","ping_status":"open","sticky":false,"template":"","format":"standard","meta":{"footnotes":""},"categories":[2],"tags":[1597],"class_list":["post-14976","post","type-post","status-publish","format-standard","has-post-thumbnail","hentry","category-schlager","tag-ina","wpcat-2-id"],"_links":{"self":[{"href":"https:\/\/bergers-schlagerparadies.de\/index.php?rest_route=\/wp\/v2\/posts\/14976","targetHints":{"allow":["GET"]}}],"collection":[{"href":"https:\/\/bergers-schlagerparadies.de\/index.php?rest_route=\/wp\/v2\/posts"}],"about":[{"href":"https:\/\/bergers-schlagerparadies.de\/index.php?rest_route=\/wp\/v2\/types\/post"}],"author":[{"embeddable":true,"href":"https:\/\/bergers-schlagerparadies.de\/index.php?rest_route=\/wp\/v2\/users\/1"}],"replies":[{"embeddable":true,"href":"https:\/\/bergers-schlagerparadies.de\/index.php?rest_route=%2Fwp%2Fv2%2Fcomments&post=14976"}],"version-history":[{"count":2,"href":"https:\/\/bergers-schlagerparadies.de\/index.php?rest_route=\/wp\/v2\/posts\/14976\/revisions"}],"predecessor-version":[{"id":14980,"href":"https:\/\/bergers-schlagerparadies.de\/index.php?rest_route=\/wp\/v2\/posts\/14976\/revisions\/14980"}],"wp:featuredmedia":[{"embeddable":true,"href":"https:\/\/bergers-schlagerparadies.de\/index.php?rest_route=\/wp\/v2\/media\/14977"}],"wp:attachment":[{"href":"https:\/\/bergers-schlagerparadies.de\/index.php?rest_route=%2Fwp%2Fv2%2Fmedia&parent=14976"}],"wp:term":[{"taxonomy":"category","embeddable":true,"href":"https:\/\/bergers-schlagerparadies.de\/index.php?rest_route=%2Fwp%2Fv2%2Fcategories&post=14976"},{"taxonomy":"post_tag","embeddable":true,"href":"https:\/\/bergers-schlagerparadies.de\/index.php?rest_route=%2Fwp%2Fv2%2Ftags&post=14976"}],"curies":[{"name":"wp","href":"https:\/\/api.w.org\/{rel}","templated":true}]}}