{"id":14713,"date":"2022-12-09T15:29:42","date_gmt":"2022-12-09T14:29:42","guid":{"rendered":"http:\/\/bergers-schlagerparadies.de\/?p=14713"},"modified":"2022-12-09T15:29:42","modified_gmt":"2022-12-09T14:29:42","slug":"linda-faeh-federleicht-%c2%b7-bergers-schlagerparadies","status":"publish","type":"post","link":"https:\/\/bergers-schlagerparadies.de\/?p=14713","title":{"rendered":"Linda F\u00e4h &#8211; Federleicht \u00b7 Berger\u00b4s Schlagerparadies"},"content":{"rendered":"<p><img loading=\"lazy\" decoding=\"async\" class=\"size-medium wp-image-14715 alignleft\" src=\"https:\/\/bergers-schlagerparadies.de\/wp-content\/uploads\/2022\/12\/Linda-Faeh-federleicht-300x300.jpg\" alt=\"\" width=\"300\" height=\"300\" srcset=\"https:\/\/bergers-schlagerparadies.de\/wp-content\/uploads\/2022\/12\/Linda-Faeh-federleicht-300x300.jpg 300w, https:\/\/bergers-schlagerparadies.de\/wp-content\/uploads\/2022\/12\/Linda-Faeh-federleicht-1024x1024.jpg 1024w, https:\/\/bergers-schlagerparadies.de\/wp-content\/uploads\/2022\/12\/Linda-Faeh-federleicht-150x150.jpg 150w, https:\/\/bergers-schlagerparadies.de\/wp-content\/uploads\/2022\/12\/Linda-Faeh-federleicht-768x768.jpg 768w, https:\/\/bergers-schlagerparadies.de\/wp-content\/uploads\/2022\/12\/Linda-Faeh-federleicht-1536x1536.jpg 1536w, https:\/\/bergers-schlagerparadies.de\/wp-content\/uploads\/2022\/12\/Linda-Faeh-federleicht-2048x2048.jpg 2048w, https:\/\/bergers-schlagerparadies.de\/wp-content\/uploads\/2022\/12\/Linda-Faeh-federleicht-1200x1200.jpg 1200w, https:\/\/bergers-schlagerparadies.de\/wp-content\/uploads\/2022\/12\/Linda-Faeh-federleicht-1188x1188.jpg 1188w, https:\/\/bergers-schlagerparadies.de\/wp-content\/uploads\/2022\/12\/Linda-Faeh-federleicht-100x100.jpg 100w, https:\/\/bergers-schlagerparadies.de\/wp-content\/uploads\/2022\/12\/Linda-Faeh-federleicht-1320x1320.jpg 1320w\" sizes=\"auto, (max-width: 300px) 100vw, 300px\" \/>Mit &#8222;federleicht&#8220; hat der Fred Jay Preistr\u00e4ger Tobias Reitz f\u00fcr Linda F\u00e4h ein inhaltlich starkes Lied getextet, f\u00fcr welches Produzent Christoph Leis-Bendorff die Melodie rund um den philosophischen Gedanken entwickelte.<\/p>\n<p>Zum Jahresabschluss h\u00e4lt die Schlagerfee Linda F\u00e4h aus der Schweiz noch eine besondere \u00dcberraschung bereit: nach ihrem \u00abfederleichten\u00bb Jahr 2022 ver\u00f6ffentlichte sie am 2. Dezember den Titelsong ihres 2022er Albums \u00abfederleicht\u00bb. Der Titelsong trug sie durch das ganze Jahr \u2013 trotz schwierigen und herausfordernden Umst\u00e4nden ein Gl\u00fccksjahr f\u00fcr Linda F\u00e4h. Bald Mutter zu werden &#8211; erwartet wird der Nachwuchs Anfang 2023 &#8211; tr\u00e4gt zu ihrem Gl\u00fcck in privater Hinsicht massgeblich bei, und genau um das Gl\u00fcck geht es auch im Song \u00abfederleicht\u00bb. Es ist Linda F\u00e4hs Gl\u00fccksbringer an alle H\u00f6rer und Fans f\u00fcr das kommende Jahr.<\/p>\n<p>Der EP angef\u00fcgt sind die weiteren 2022er Erfolgstitel &#8222;In der Mitte deines Herzens&#8220;, &#8222;Worte aus den Wolken&#8220; und &#8222;So schwer verliebt&#8220;, welche alle die Top50 der Airplay Charts (konservativ) erreichten.<\/p>\n<p><span style=\"color: #800000;\"><strong>Quelle: RLMworld Music<\/strong><\/span><\/p>\n<p><span style=\"color: #800000;\"><strong>Dieser Song ist ab dem 02.12.2022 in allen bekannten Onlineshops erh\u00e4ltlich!<\/strong><\/span><\/p>\n<p><span style=\"color: #800000;\"><strong>Airdate (f\u00fcr Radiosender): 02.12.2022<\/strong><\/span><\/p>\n","protected":false},"excerpt":{"rendered":"<p>Mit &#8222;federleicht&#8220; hat der Fred Jay Preistr\u00e4ger Tobias Reitz f\u00fcr Linda F\u00e4h ein inhaltlich starkes Lied getextet, f\u00fcr welches Produzent Christoph Leis-Bendorff die Melodie rund um den philosophischen Gedanken entwickelte. Zum Jahresabschluss h\u00e4lt die Schlagerfee Linda F\u00e4h aus der Schweiz noch eine besondere \u00dcberraschung bereit: nach ihrem \u00abfederleichten\u00bb Jahr 2022 ver\u00f6ffentlichte sie am 2. Dezember den Titelsong ihres 2022er Albums \u00abfederleicht\u00bb. Der Titelsong trug sie durch das ganze Jahr \u2013 trotz schwierigen und herausfordernden Umst\u00e4nden ein Gl\u00fccksjahr f\u00fcr Linda F\u00e4h. Bald Mutter zu werden &#8211; erwartet wird der Nachwuchs Anfang 2023 &#8211; tr\u00e4gt zu ihrem Gl\u00fcck in privater Hinsicht massgeblich bei, und genau um das&#8230;<\/p>\n","protected":false},"author":1,"featured_media":14715,"comment_status":"open","ping_status":"open","sticky":false,"template":"","format":"standard","meta":{"footnotes":""},"categories":[2],"tags":[1018],"class_list":["post-14713","post","type-post","status-publish","format-standard","has-post-thumbnail","hentry","category-schlager","tag-linda-faeh","wpcat-2-id"],"_links":{"self":[{"href":"https:\/\/bergers-schlagerparadies.de\/index.php?rest_route=\/wp\/v2\/posts\/14713","targetHints":{"allow":["GET"]}}],"collection":[{"href":"https:\/\/bergers-schlagerparadies.de\/index.php?rest_route=\/wp\/v2\/posts"}],"about":[{"href":"https:\/\/bergers-schlagerparadies.de\/index.php?rest_route=\/wp\/v2\/types\/post"}],"author":[{"embeddable":true,"href":"https:\/\/bergers-schlagerparadies.de\/index.php?rest_route=\/wp\/v2\/users\/1"}],"replies":[{"embeddable":true,"href":"https:\/\/bergers-schlagerparadies.de\/index.php?rest_route=%2Fwp%2Fv2%2Fcomments&post=14713"}],"version-history":[{"count":1,"href":"https:\/\/bergers-schlagerparadies.de\/index.php?rest_route=\/wp\/v2\/posts\/14713\/revisions"}],"predecessor-version":[{"id":14716,"href":"https:\/\/bergers-schlagerparadies.de\/index.php?rest_route=\/wp\/v2\/posts\/14713\/revisions\/14716"}],"wp:featuredmedia":[{"embeddable":true,"href":"https:\/\/bergers-schlagerparadies.de\/index.php?rest_route=\/wp\/v2\/media\/14715"}],"wp:attachment":[{"href":"https:\/\/bergers-schlagerparadies.de\/index.php?rest_route=%2Fwp%2Fv2%2Fmedia&parent=14713"}],"wp:term":[{"taxonomy":"category","embeddable":true,"href":"https:\/\/bergers-schlagerparadies.de\/index.php?rest_route=%2Fwp%2Fv2%2Fcategories&post=14713"},{"taxonomy":"post_tag","embeddable":true,"href":"https:\/\/bergers-schlagerparadies.de\/index.php?rest_route=%2Fwp%2Fv2%2Ftags&post=14713"}],"curies":[{"name":"wp","href":"https:\/\/api.w.org\/{rel}","templated":true}]}}