{"id":14650,"date":"2022-12-06T18:07:55","date_gmt":"2022-12-06T17:07:55","guid":{"rendered":"http:\/\/bergers-schlagerparadies.de\/?p=14650"},"modified":"2022-12-06T18:07:55","modified_gmt":"2022-12-06T17:07:55","slug":"heino-mendoza-bald-schon-ist-weihnacht-%c2%b7-bergers-schlagerparadies","status":"publish","type":"post","link":"https:\/\/bergers-schlagerparadies.de\/?p=14650","title":{"rendered":"Heino Mendoza &#8211; Bald schon ist Weihnacht \u00b7 Berger\u00b4s Schlagerparadies"},"content":{"rendered":"<p><img loading=\"lazy\" decoding=\"async\" class=\"size-medium wp-image-14654 alignleft\" src=\"https:\/\/bergers-schlagerparadies.de\/wp-content\/uploads\/2022\/12\/Heino-Mendoza-Bald-schon-ist-Weihnacht-300x300.jpg\" alt=\"\" width=\"300\" height=\"300\" srcset=\"https:\/\/bergers-schlagerparadies.de\/wp-content\/uploads\/2022\/12\/Heino-Mendoza-Bald-schon-ist-Weihnacht-300x300.jpg 300w, https:\/\/bergers-schlagerparadies.de\/wp-content\/uploads\/2022\/12\/Heino-Mendoza-Bald-schon-ist-Weihnacht-150x150.jpg 150w, https:\/\/bergers-schlagerparadies.de\/wp-content\/uploads\/2022\/12\/Heino-Mendoza-Bald-schon-ist-Weihnacht-768x768.jpg 768w, https:\/\/bergers-schlagerparadies.de\/wp-content\/uploads\/2022\/12\/Heino-Mendoza-Bald-schon-ist-Weihnacht-100x100.jpg 100w, https:\/\/bergers-schlagerparadies.de\/wp-content\/uploads\/2022\/12\/Heino-Mendoza-Bald-schon-ist-Weihnacht.jpg 800w\" sizes=\"auto, (max-width: 300px) 100vw, 300px\" \/>\u201eBald schon ist Weihnacht\u201c &#8211; h\u00f6rt sich ja erst mal gar nicht so aufregend an. Mit diesem Song erinnert sich der K\u00fcnstler Heino Mendoza jedoch an seine Kindheit und daran, wie es war, als Weihnachten vor der T\u00fcr stand, doch auch an die Zeit als er selbst als Papa in seiner Pflicht war, mit seiner Frau und eigenen Kindern Weihnachten zu feiern und zu leben, zumal seine Frau aus S\u00fcdamerika (Peru) stammt.<\/p>\n<p>Jeder verbindet seine ganz eigenen Erinnerungen und Emotionen mit dem Thema Weihnachten. Wer kann sich noch an eine selbst gebaute Krippe erinnern?<br \/>\nFast von Geburt an bis zu seinem 18. Lebensjahr fand Heino Mendoza Geborgenheit in zwei verschiedenen Kinderheimen und erlebte Weihnachten ein wenig anders als viele in der Familie zuhause.<br \/>\nAus diesem Grund empfindet der K\u00fcnstler Weihnachten bis heute als etwas Besonderes. Eine besondere Rolle nimmt dabei ein Krippenstall ein, den er von seinem leiblichen Opa vererbt bekommen hat. Denn dieser gab ihm ein St\u00fcck das Gef\u00fchl von Familie und zeigte Heino Mendoza, worum es an Weihnachten wirklich geht. N\u00e4mlich sich an kleinen Dingen zu erfreuen, so wie er es auch im Kinderheim erlebt hat. Mit diesem Song m\u00f6chte der S\u00e4nger deshalb Wertsch\u00e4tzung, Geborgenheit und Frieden vermitteln<\/p>\n<p>Stephan Weidenbr\u00fcck, der inzwischen als Produzent zum festen Team des K\u00fcnstlers geh\u00f6rt, hat auch hier wieder bewiesen, dass Melodie, Text und Emotionen einen perfekten Einklang finden k\u00f6nnen sorgt f\u00fcr einige G\u00e4nsehautmomente.<\/p>\n<p>Heino Mendoza verwirklichte sich mit diesem Song seinen Traum, in einer Fernsehsendung mitzuwirken und wird am an Heiligabend um 18 Uhr auf SonnenklarTV, zu sehen sein, wenn es hei\u00dft \u201eWinterzauber auf Gut Aiderbichl\u201c.<\/p>\n<p>Heino Mendoza w\u00fcnscht allen eine gute und besinnliche Adventszeit und viel positive Energie!<\/p>\n<p><span style=\"color: #800000;\"><strong>Quelle: Fiesta Records<\/strong><\/span><\/p>\n<p><span style=\"color: #800000;\"><strong>Dieser Song ist ab dem 09.12.2022 in allen bekannten Onlineshops erh\u00e4ltlich!<\/strong><\/span><\/p>\n<p><span style=\"color: #800000;\"><strong>Airdate (f\u00fcr Radiosender): 05.12.2022<\/strong><\/span><\/p>\n","protected":false},"excerpt":{"rendered":"<p>\u201eBald schon ist Weihnacht\u201c &#8211; h\u00f6rt sich ja erst mal gar nicht so aufregend an. Mit diesem Song erinnert sich der K\u00fcnstler Heino Mendoza jedoch an seine Kindheit und daran, wie es war, als Weihnachten vor der T\u00fcr stand, doch auch an die Zeit als er selbst als Papa in seiner Pflicht war, mit seiner Frau und eigenen Kindern Weihnachten zu feiern und zu leben, zumal seine Frau aus S\u00fcdamerika (Peru) stammt. Jeder verbindet seine ganz eigenen Erinnerungen und Emotionen mit dem Thema Weihnachten. Wer kann sich noch an eine selbst gebaute Krippe erinnern? Fast von Geburt an bis zu seinem 18. Lebensjahr fand Heino&#8230;<\/p>\n","protected":false},"author":1,"featured_media":14654,"comment_status":"open","ping_status":"open","sticky":false,"template":"","format":"standard","meta":{"footnotes":""},"categories":[2],"tags":[985],"class_list":["post-14650","post","type-post","status-publish","format-standard","has-post-thumbnail","hentry","category-schlager","tag-heino-mendoza","wpcat-2-id"],"_links":{"self":[{"href":"https:\/\/bergers-schlagerparadies.de\/index.php?rest_route=\/wp\/v2\/posts\/14650","targetHints":{"allow":["GET"]}}],"collection":[{"href":"https:\/\/bergers-schlagerparadies.de\/index.php?rest_route=\/wp\/v2\/posts"}],"about":[{"href":"https:\/\/bergers-schlagerparadies.de\/index.php?rest_route=\/wp\/v2\/types\/post"}],"author":[{"embeddable":true,"href":"https:\/\/bergers-schlagerparadies.de\/index.php?rest_route=\/wp\/v2\/users\/1"}],"replies":[{"embeddable":true,"href":"https:\/\/bergers-schlagerparadies.de\/index.php?rest_route=%2Fwp%2Fv2%2Fcomments&post=14650"}],"version-history":[{"count":1,"href":"https:\/\/bergers-schlagerparadies.de\/index.php?rest_route=\/wp\/v2\/posts\/14650\/revisions"}],"predecessor-version":[{"id":14655,"href":"https:\/\/bergers-schlagerparadies.de\/index.php?rest_route=\/wp\/v2\/posts\/14650\/revisions\/14655"}],"wp:featuredmedia":[{"embeddable":true,"href":"https:\/\/bergers-schlagerparadies.de\/index.php?rest_route=\/wp\/v2\/media\/14654"}],"wp:attachment":[{"href":"https:\/\/bergers-schlagerparadies.de\/index.php?rest_route=%2Fwp%2Fv2%2Fmedia&parent=14650"}],"wp:term":[{"taxonomy":"category","embeddable":true,"href":"https:\/\/bergers-schlagerparadies.de\/index.php?rest_route=%2Fwp%2Fv2%2Fcategories&post=14650"},{"taxonomy":"post_tag","embeddable":true,"href":"https:\/\/bergers-schlagerparadies.de\/index.php?rest_route=%2Fwp%2Fv2%2Ftags&post=14650"}],"curies":[{"name":"wp","href":"https:\/\/api.w.org\/{rel}","templated":true}]}}