{"id":14584,"date":"2022-12-02T11:06:25","date_gmt":"2022-12-02T10:06:25","guid":{"rendered":"http:\/\/bergers-schlagerparadies.de\/?p=14584"},"modified":"2022-12-02T11:06:25","modified_gmt":"2022-12-02T10:06:25","slug":"patricia-larrass-komm-wir-fahren-nach-paris-%c2%b7-bergers-schlagerparadies","status":"publish","type":"post","link":"https:\/\/bergers-schlagerparadies.de\/?p=14584","title":{"rendered":"Patricia Larrass &#8211; Komm wir fahren nach Paris \u00b7 Berger\u00b4s Schlagerparadies"},"content":{"rendered":"<p><img loading=\"lazy\" decoding=\"async\" class=\"size-medium wp-image-14586 alignleft\" src=\"https:\/\/bergers-schlagerparadies.de\/wp-content\/uploads\/2022\/12\/Patricia-Larrass-Komm-wir-fahren-nach-Paris-300x300.jpg\" alt=\"\" width=\"300\" height=\"300\" srcset=\"https:\/\/bergers-schlagerparadies.de\/wp-content\/uploads\/2022\/12\/Patricia-Larrass-Komm-wir-fahren-nach-Paris-300x300.jpg 300w, https:\/\/bergers-schlagerparadies.de\/wp-content\/uploads\/2022\/12\/Patricia-Larrass-Komm-wir-fahren-nach-Paris-1024x1024.jpg 1024w, https:\/\/bergers-schlagerparadies.de\/wp-content\/uploads\/2022\/12\/Patricia-Larrass-Komm-wir-fahren-nach-Paris-150x150.jpg 150w, https:\/\/bergers-schlagerparadies.de\/wp-content\/uploads\/2022\/12\/Patricia-Larrass-Komm-wir-fahren-nach-Paris-768x768.jpg 768w, https:\/\/bergers-schlagerparadies.de\/wp-content\/uploads\/2022\/12\/Patricia-Larrass-Komm-wir-fahren-nach-Paris.jpg 1200w, https:\/\/bergers-schlagerparadies.de\/wp-content\/uploads\/2022\/12\/Patricia-Larrass-Komm-wir-fahren-nach-Paris-1188x1188.jpg 1188w, https:\/\/bergers-schlagerparadies.de\/wp-content\/uploads\/2022\/12\/Patricia-Larrass-Komm-wir-fahren-nach-Paris-100x100.jpg 100w\" sizes=\"auto, (max-width: 300px) 100vw, 300px\" \/>Einfach mal raus. Aufbrechen und losfahren. Wer sich das auch schon einmal gedacht hat, der sollte nun gut aufpassen. Denn Patricia Larrass entf\u00fchrt uns mit ihrer neuen Single \u201eKomm wir fahren nach Paris\u201c direkt zum ultimativen Sehnsuchtsort und st\u00fcrzt sich mit uns mit Vollgas auf in die Freiheit.<br \/>\nAlltagsstress, Hektik und das Gef\u00fchl, dass das Gedankenkarussel gar nicht mehr aufh\u00f6rt, sich zu drehen \u2013 eine Situation, die beinahe jeder schon erlebt hat. Patricia Larrass beschreibt in ihrem neuen Song den Wunsch, einfach auszubrechen und alle Sorgen einmal hinter sich zu lassen. In \u201eKomm wir fahren nach Paris\u201c setzt sie diesen Plan kurzerhand in die Tat um und nimmt uns mit auf ihrer Reise, wo sie Stress, \u00c4rger und grauen Alltag spontan gegen eine Prise Abenteuer und das Gef\u00fchl \u00fcberw\u00e4ltigender Lebendigkeit eintauscht. \u201eParis steht f\u00fcr Tr\u00e4ume, f\u00fcr Liebe und unb\u00e4ndige Lebensfreude\u201c, so die S\u00e4ngerin. \u201eDer Song ist damit der perfekte Soundtrack f\u00fcr alle, die die Freiheit lieben, den Mut fassen wollen, neue Wege zu gehen und im Herzen Weltenbummler sind.\u201c<br \/>\nUnd die charmante K\u00fcnstlerin hat Recht, das Leben bietet so viele wunderbare Momente, manchmal m\u00fcssen wir einfach die Chance zu ihnen ergreifen und ein bisschen unvern\u00fcnftig sein. Die sch\u00f6nsten Augenblicke kann man nunmal nicht planen. Wir finden sie, wenn wir bereit sind, auch einmal loszulassen und nur im Hier und Jetzt zu leben.<br \/>\nDie starke Botschaft von \u201eKomm wir fahren nach Paris\u201c spiegelt sich mehr als perfekt in dem modernen Schlagersound des Songs wider. Dr\u00e4ngende B\u00e4sse und der packende Discofoxbeat versprechen gleich von Beginn an gef\u00fcllte Tanzfl\u00e4chen, w\u00e4hrend energiegeladene Elektrosounds im Refrain f\u00fcr explosive Hochgef\u00fchle sorgen. Die eing\u00e4ngige Melodie verleiht dem Song Leichtigkeit, dazu kommt die besondere Stimme von Patricia Larrass, die \u201eKomm wir fahren nach Paris\u201c mit viel Gef\u00fchl zu einem hitverd\u00e4chtigen Ohrwurm macht. Der Titel stammt aus der Feder des Erfolgsduos \u201eJan &amp; Jascha\u201c, die f\u00fcr sich selbst und viele andere Stars schon zahlreiche Hits geschrieben haben. An den Reglern der Produktion sa\u00df Stephan Weidenbr\u00fcck und wie bereits die vergangenen Singles von Patricia Larrass erscheint auch \u201eKomm wir fahren nach Paris\u201c wieder beim Label VIA Music.<br \/>\nUnd wer hat jetzt nicht auch Lust, einfach mal abzuschalten und eine Reise ins Herz Frankreichs zu starten? Wir sind auf jeden Fall dabei und sagen \u201eKomm wir fahren nach Paris\u201c.<\/p>\n<p><span style=\"color: #800000;\"><strong>Quelle: VIA Music<\/strong><\/span><\/p>\n<p><span style=\"color: #800000;\"><strong>Dieser Song ist ab dem 02.12.2022 in allen bekannten Onlineshops erh\u00e4ltlich!<\/strong><\/span><\/p>\n<p><span style=\"color: #800000;\"><strong>Airdate (f\u00fcr Radiosender): 02.12.2022<\/strong><\/span><\/p>\n","protected":false},"excerpt":{"rendered":"<p>Einfach mal raus. Aufbrechen und losfahren. Wer sich das auch schon einmal gedacht hat, der sollte nun gut aufpassen. Denn Patricia Larrass entf\u00fchrt uns mit ihrer neuen Single \u201eKomm wir fahren nach Paris\u201c direkt zum ultimativen Sehnsuchtsort und st\u00fcrzt sich mit uns mit Vollgas auf in die Freiheit. Alltagsstress, Hektik und das Gef\u00fchl, dass das Gedankenkarussel gar nicht mehr aufh\u00f6rt, sich zu drehen \u2013 eine Situation, die beinahe jeder schon erlebt hat. Patricia Larrass beschreibt in ihrem neuen Song den Wunsch, einfach auszubrechen und alle Sorgen einmal hinter sich zu lassen. In \u201eKomm wir fahren nach Paris\u201c setzt sie diesen Plan kurzerhand in die Tat&#8230;<\/p>\n","protected":false},"author":1,"featured_media":14586,"comment_status":"open","ping_status":"open","sticky":false,"template":"","format":"standard","meta":{"footnotes":""},"categories":[2],"tags":[819],"class_list":["post-14584","post","type-post","status-publish","format-standard","has-post-thumbnail","hentry","category-schlager","tag-patricia-larrass","wpcat-2-id"],"_links":{"self":[{"href":"https:\/\/bergers-schlagerparadies.de\/index.php?rest_route=\/wp\/v2\/posts\/14584","targetHints":{"allow":["GET"]}}],"collection":[{"href":"https:\/\/bergers-schlagerparadies.de\/index.php?rest_route=\/wp\/v2\/posts"}],"about":[{"href":"https:\/\/bergers-schlagerparadies.de\/index.php?rest_route=\/wp\/v2\/types\/post"}],"author":[{"embeddable":true,"href":"https:\/\/bergers-schlagerparadies.de\/index.php?rest_route=\/wp\/v2\/users\/1"}],"replies":[{"embeddable":true,"href":"https:\/\/bergers-schlagerparadies.de\/index.php?rest_route=%2Fwp%2Fv2%2Fcomments&post=14584"}],"version-history":[{"count":1,"href":"https:\/\/bergers-schlagerparadies.de\/index.php?rest_route=\/wp\/v2\/posts\/14584\/revisions"}],"predecessor-version":[{"id":14587,"href":"https:\/\/bergers-schlagerparadies.de\/index.php?rest_route=\/wp\/v2\/posts\/14584\/revisions\/14587"}],"wp:featuredmedia":[{"embeddable":true,"href":"https:\/\/bergers-schlagerparadies.de\/index.php?rest_route=\/wp\/v2\/media\/14586"}],"wp:attachment":[{"href":"https:\/\/bergers-schlagerparadies.de\/index.php?rest_route=%2Fwp%2Fv2%2Fmedia&parent=14584"}],"wp:term":[{"taxonomy":"category","embeddable":true,"href":"https:\/\/bergers-schlagerparadies.de\/index.php?rest_route=%2Fwp%2Fv2%2Fcategories&post=14584"},{"taxonomy":"post_tag","embeddable":true,"href":"https:\/\/bergers-schlagerparadies.de\/index.php?rest_route=%2Fwp%2Fv2%2Ftags&post=14584"}],"curies":[{"name":"wp","href":"https:\/\/api.w.org\/{rel}","templated":true}]}}