{"id":14459,"date":"2022-11-29T11:15:38","date_gmt":"2022-11-29T10:15:38","guid":{"rendered":"http:\/\/bergers-schlagerparadies.de\/?p=14459"},"modified":"2022-12-01T19:36:11","modified_gmt":"2022-12-01T18:36:11","slug":"rainer-seidl-weihnachten-mit-dir-%c2%b7-bergers-schlagerparadies","status":"publish","type":"post","link":"https:\/\/bergers-schlagerparadies.de\/?p=14459","title":{"rendered":"Rainer Seidl &#8211; Weihnachten mit dir \u00b7 Berger\u00b4s Schlagerparadies"},"content":{"rendered":"<p><img loading=\"lazy\" decoding=\"async\" class=\"size-medium wp-image-14532 alignleft\" src=\"https:\/\/bergers-schlagerparadies.de\/wp-content\/uploads\/2022\/11\/Rainer-Seidl-Weihnachten-mit-dir-300x300.jpg\" alt=\"\" width=\"300\" height=\"300\" srcset=\"https:\/\/bergers-schlagerparadies.de\/wp-content\/uploads\/2022\/11\/Rainer-Seidl-Weihnachten-mit-dir-300x300.jpg 300w, https:\/\/bergers-schlagerparadies.de\/wp-content\/uploads\/2022\/11\/Rainer-Seidl-Weihnachten-mit-dir-1024x1024.jpg 1024w, https:\/\/bergers-schlagerparadies.de\/wp-content\/uploads\/2022\/11\/Rainer-Seidl-Weihnachten-mit-dir-150x150.jpg 150w, https:\/\/bergers-schlagerparadies.de\/wp-content\/uploads\/2022\/11\/Rainer-Seidl-Weihnachten-mit-dir-768x768.jpg 768w, https:\/\/bergers-schlagerparadies.de\/wp-content\/uploads\/2022\/11\/Rainer-Seidl-Weihnachten-mit-dir-1536x1536.jpg 1536w, https:\/\/bergers-schlagerparadies.de\/wp-content\/uploads\/2022\/11\/Rainer-Seidl-Weihnachten-mit-dir-2048x2048.jpg 2048w, https:\/\/bergers-schlagerparadies.de\/wp-content\/uploads\/2022\/11\/Rainer-Seidl-Weihnachten-mit-dir-1200x1200.jpg 1200w, https:\/\/bergers-schlagerparadies.de\/wp-content\/uploads\/2022\/11\/Rainer-Seidl-Weihnachten-mit-dir-1188x1188.jpg 1188w, https:\/\/bergers-schlagerparadies.de\/wp-content\/uploads\/2022\/11\/Rainer-Seidl-Weihnachten-mit-dir-100x100.jpg 100w, https:\/\/bergers-schlagerparadies.de\/wp-content\/uploads\/2022\/11\/Rainer-Seidl-Weihnachten-mit-dir-1320x1320.jpg 1320w\" sizes=\"auto, (max-width: 300px) 100vw, 300px\" \/>Zu Weihnachten \u2013 der sch\u00f6nsten Zeit des Jahres \u2013 gibt Schlagers\u00e4nger Rainer Seidl nach seinen erfolgreichen Singles \u201eIch tr\u00e4um von dir\u201c und \u201eAugenblick\u201c mit \u201eWeihnachten mit Dir\u201c sein Debut in der Sparte der deutschsprachigen Weihnachtsmusik!<\/p>\n<p>Mit diesem Weihnachtssong zaubert Rainer Seidl mit viel Herz ein einzigartiges musikalisches Ambiente f\u00fcr ein festliches, besinnliches und romantisches Weihnachtsfest.<br \/>\nDie Botschaft dieses Songs ist, dass gerade an Weihnachten, dem Fest der Liebe und dem besonderen Heiligen Abend, die Zweisamkeit und die Liebe zueinander vor allen anderen materiellen Dingen stehen sollte.<\/p>\n<p>Der Song ist auch denjenigen Menschen gewidmet, die Weihnachten ganz allein verbringen, sich einsam f\u00fchlen und Hoffnung brauchen. Rainer Seidl m\u00f6chte sich ganz besonders in diese Herzen singen.<\/p>\n<p>Einfach die Augen schlie\u00dfen, den Song genie\u00dfen und die Vorfreude auf ein wundersch\u00f6nes Weihnachtsfest entwickeln.<\/p>\n<p>Rainer Seidl w\u00fcnscht mit \u201eWeihnachten mit dir\u201c allen Menschen auf dieser Welt FROHE WEIHNACHTEN!<\/p>\n<p>Der Text und die Musik stammen wieder aus der Feder des Komponisten Bernd Salina. Ebenso konnte hierf\u00fcr wieder der Produzent Gerd Lorenz gewonnen werden, der einen einf\u00fchlsamen weihnachtlichen Sound hervorzauberte und ein wundersch\u00f6ner Chorgesang von Catherin Schr\u00e4gle, um das musikalische Weihnachtsp\u00e4ckchen abzurunden.<\/p>\n<p><span style=\"color: #800000;\"><strong>Quelle: Fiesta Records<\/strong><\/span><\/p>\n<p><span style=\"color: #800000;\"><strong>Dieser Song ist ab dem 02.12.2022 in allen bekannten Onlineshops erh\u00e4ltlich!<\/strong><\/span><\/p>\n<p><span style=\"color: #800000;\"><strong>Airdate (f\u00fcr Radiosender): 28.11.2022<\/strong><\/span><\/p>\n","protected":false},"excerpt":{"rendered":"<p>Zu Weihnachten \u2013 der sch\u00f6nsten Zeit des Jahres \u2013 gibt Schlagers\u00e4nger Rainer Seidl nach seinen erfolgreichen Singles \u201eIch tr\u00e4um von dir\u201c und \u201eAugenblick\u201c mit \u201eWeihnachten mit Dir\u201c sein Debut in der Sparte der deutschsprachigen Weihnachtsmusik! Mit diesem Weihnachtssong zaubert Rainer Seidl mit viel Herz ein einzigartiges musikalisches Ambiente f\u00fcr ein festliches, besinnliches und romantisches Weihnachtsfest. Die Botschaft dieses Songs ist, dass gerade an Weihnachten, dem Fest der Liebe und dem besonderen Heiligen Abend, die Zweisamkeit und die Liebe zueinander vor allen anderen materiellen Dingen stehen sollte. Der Song ist auch denjenigen Menschen gewidmet, die Weihnachten ganz allein verbringen, sich einsam f\u00fchlen und Hoffnung brauchen. Rainer&#8230;<\/p>\n","protected":false},"author":1,"featured_media":14532,"comment_status":"open","ping_status":"open","sticky":false,"template":"","format":"standard","meta":{"footnotes":""},"categories":[2],"tags":[305],"class_list":["post-14459","post","type-post","status-publish","format-standard","has-post-thumbnail","hentry","category-schlager","tag-rainer-seidl","wpcat-2-id"],"_links":{"self":[{"href":"https:\/\/bergers-schlagerparadies.de\/index.php?rest_route=\/wp\/v2\/posts\/14459","targetHints":{"allow":["GET"]}}],"collection":[{"href":"https:\/\/bergers-schlagerparadies.de\/index.php?rest_route=\/wp\/v2\/posts"}],"about":[{"href":"https:\/\/bergers-schlagerparadies.de\/index.php?rest_route=\/wp\/v2\/types\/post"}],"author":[{"embeddable":true,"href":"https:\/\/bergers-schlagerparadies.de\/index.php?rest_route=\/wp\/v2\/users\/1"}],"replies":[{"embeddable":true,"href":"https:\/\/bergers-schlagerparadies.de\/index.php?rest_route=%2Fwp%2Fv2%2Fcomments&post=14459"}],"version-history":[{"count":3,"href":"https:\/\/bergers-schlagerparadies.de\/index.php?rest_route=\/wp\/v2\/posts\/14459\/revisions"}],"predecessor-version":[{"id":14534,"href":"https:\/\/bergers-schlagerparadies.de\/index.php?rest_route=\/wp\/v2\/posts\/14459\/revisions\/14534"}],"wp:featuredmedia":[{"embeddable":true,"href":"https:\/\/bergers-schlagerparadies.de\/index.php?rest_route=\/wp\/v2\/media\/14532"}],"wp:attachment":[{"href":"https:\/\/bergers-schlagerparadies.de\/index.php?rest_route=%2Fwp%2Fv2%2Fmedia&parent=14459"}],"wp:term":[{"taxonomy":"category","embeddable":true,"href":"https:\/\/bergers-schlagerparadies.de\/index.php?rest_route=%2Fwp%2Fv2%2Fcategories&post=14459"},{"taxonomy":"post_tag","embeddable":true,"href":"https:\/\/bergers-schlagerparadies.de\/index.php?rest_route=%2Fwp%2Fv2%2Ftags&post=14459"}],"curies":[{"name":"wp","href":"https:\/\/api.w.org\/{rel}","templated":true}]}}