{"id":14421,"date":"2022-11-25T16:10:12","date_gmt":"2022-11-25T15:10:12","guid":{"rendered":"http:\/\/bergers-schlagerparadies.de\/?p=14421"},"modified":"2022-12-18T12:50:47","modified_gmt":"2022-12-18T11:50:47","slug":"klaus-p-komm-pfeif-doch-auf-den-winter-%c2%b7-bergers-schlagerparadies","status":"publish","type":"post","link":"https:\/\/bergers-schlagerparadies.de\/?p=14421","title":{"rendered":"Klaus P. &#8211; Komm pfeif doch auf den Winter \u00b7 Berger\u00b4s Schlagerparadies"},"content":{"rendered":"<p><span style=\"color: #800000;\"><strong><img loading=\"lazy\" decoding=\"async\" class=\"size-medium wp-image-14822 alignleft\" src=\"https:\/\/bergers-schlagerparadies.de\/wp-content\/uploads\/2022\/11\/Klaus-P.-Komm-pfeif-doch-auf-den-Winter-300x300.jpg\" alt=\"\" width=\"300\" height=\"300\" srcset=\"https:\/\/bergers-schlagerparadies.de\/wp-content\/uploads\/2022\/11\/Klaus-P.-Komm-pfeif-doch-auf-den-Winter-300x300.jpg 300w, https:\/\/bergers-schlagerparadies.de\/wp-content\/uploads\/2022\/11\/Klaus-P.-Komm-pfeif-doch-auf-den-Winter-1024x1024.jpg 1024w, https:\/\/bergers-schlagerparadies.de\/wp-content\/uploads\/2022\/11\/Klaus-P.-Komm-pfeif-doch-auf-den-Winter-150x150.jpg 150w, https:\/\/bergers-schlagerparadies.de\/wp-content\/uploads\/2022\/11\/Klaus-P.-Komm-pfeif-doch-auf-den-Winter-768x768.jpg 768w, https:\/\/bergers-schlagerparadies.de\/wp-content\/uploads\/2022\/11\/Klaus-P.-Komm-pfeif-doch-auf-den-Winter-1536x1536.jpg 1536w, https:\/\/bergers-schlagerparadies.de\/wp-content\/uploads\/2022\/11\/Klaus-P.-Komm-pfeif-doch-auf-den-Winter-2048x2048.jpg 2048w, https:\/\/bergers-schlagerparadies.de\/wp-content\/uploads\/2022\/11\/Klaus-P.-Komm-pfeif-doch-auf-den-Winter-1200x1200.jpg 1200w, https:\/\/bergers-schlagerparadies.de\/wp-content\/uploads\/2022\/11\/Klaus-P.-Komm-pfeif-doch-auf-den-Winter-1188x1188.jpg 1188w, https:\/\/bergers-schlagerparadies.de\/wp-content\/uploads\/2022\/11\/Klaus-P.-Komm-pfeif-doch-auf-den-Winter-100x100.jpg 100w, https:\/\/bergers-schlagerparadies.de\/wp-content\/uploads\/2022\/11\/Klaus-P.-Komm-pfeif-doch-auf-den-Winter-1320x1320.jpg 1320w\" sizes=\"auto, (max-width: 300px) 100vw, 300px\" \/>Quelle: Vom K\u00fcnster selber<\/strong><\/span><\/p>\n<p><span style=\"color: #800000;\"><strong>Dieser Song ist ab dem 25.11.2022 in allen bekannten Onlineshops erh\u00e4ltlich!<\/strong><\/span><\/p>\n<p><span style=\"color: #800000;\"><strong>Airdate (f\u00fcr Radiosender): 25.11.2022<\/strong><\/span><\/p>\n","protected":false},"excerpt":{"rendered":"<p>Quelle: Vom K\u00fcnster selber Dieser Song ist ab dem 25.11.2022 in allen bekannten Onlineshops erh\u00e4ltlich! Airdate (f\u00fcr Radiosender): 25.11.2022<\/p>\n","protected":false},"author":1,"featured_media":14822,"comment_status":"open","ping_status":"open","sticky":false,"template":"","format":"standard","meta":{"footnotes":""},"categories":[2],"tags":[847],"class_list":["post-14421","post","type-post","status-publish","format-standard","has-post-thumbnail","hentry","category-schlager","tag-klaus-p","wpcat-2-id"],"_links":{"self":[{"href":"https:\/\/bergers-schlagerparadies.de\/index.php?rest_route=\/wp\/v2\/posts\/14421","targetHints":{"allow":["GET"]}}],"collection":[{"href":"https:\/\/bergers-schlagerparadies.de\/index.php?rest_route=\/wp\/v2\/posts"}],"about":[{"href":"https:\/\/bergers-schlagerparadies.de\/index.php?rest_route=\/wp\/v2\/types\/post"}],"author":[{"embeddable":true,"href":"https:\/\/bergers-schlagerparadies.de\/index.php?rest_route=\/wp\/v2\/users\/1"}],"replies":[{"embeddable":true,"href":"https:\/\/bergers-schlagerparadies.de\/index.php?rest_route=%2Fwp%2Fv2%2Fcomments&post=14421"}],"version-history":[{"count":2,"href":"https:\/\/bergers-schlagerparadies.de\/index.php?rest_route=\/wp\/v2\/posts\/14421\/revisions"}],"predecessor-version":[{"id":14823,"href":"https:\/\/bergers-schlagerparadies.de\/index.php?rest_route=\/wp\/v2\/posts\/14421\/revisions\/14823"}],"wp:featuredmedia":[{"embeddable":true,"href":"https:\/\/bergers-schlagerparadies.de\/index.php?rest_route=\/wp\/v2\/media\/14822"}],"wp:attachment":[{"href":"https:\/\/bergers-schlagerparadies.de\/index.php?rest_route=%2Fwp%2Fv2%2Fmedia&parent=14421"}],"wp:term":[{"taxonomy":"category","embeddable":true,"href":"https:\/\/bergers-schlagerparadies.de\/index.php?rest_route=%2Fwp%2Fv2%2Fcategories&post=14421"},{"taxonomy":"post_tag","embeddable":true,"href":"https:\/\/bergers-schlagerparadies.de\/index.php?rest_route=%2Fwp%2Fv2%2Ftags&post=14421"}],"curies":[{"name":"wp","href":"https:\/\/api.w.org\/{rel}","templated":true}]}}