{"id":14339,"date":"2022-11-28T10:30:09","date_gmt":"2022-11-28T09:30:09","guid":{"rendered":"http:\/\/bergers-schlagerparadies.de\/?p=14339"},"modified":"2022-12-02T19:30:31","modified_gmt":"2022-12-02T18:30:31","slug":"david-vidano-meine-weihnachtszeit-%c2%b7-bergers-schlagerparadies","status":"publish","type":"post","link":"https:\/\/bergers-schlagerparadies.de\/?p=14339","title":{"rendered":"David Vidano &#8211; Meine Weihnachtszeit \u00b7 Berger\u00b4s Schlagerparadies"},"content":{"rendered":"<p><img loading=\"lazy\" decoding=\"async\" class=\"size-medium wp-image-14648 alignleft\" src=\"https:\/\/bergers-schlagerparadies.de\/wp-content\/uploads\/2022\/11\/David-Vidano-Meine-Weihnachtszeit-300x300.jpg\" alt=\"\" width=\"300\" height=\"300\" srcset=\"https:\/\/bergers-schlagerparadies.de\/wp-content\/uploads\/2022\/11\/David-Vidano-Meine-Weihnachtszeit-300x300.jpg 300w, https:\/\/bergers-schlagerparadies.de\/wp-content\/uploads\/2022\/11\/David-Vidano-Meine-Weihnachtszeit-1024x1024.jpg 1024w, https:\/\/bergers-schlagerparadies.de\/wp-content\/uploads\/2022\/11\/David-Vidano-Meine-Weihnachtszeit-150x150.jpg 150w, https:\/\/bergers-schlagerparadies.de\/wp-content\/uploads\/2022\/11\/David-Vidano-Meine-Weihnachtszeit-768x768.jpg 768w, https:\/\/bergers-schlagerparadies.de\/wp-content\/uploads\/2022\/11\/David-Vidano-Meine-Weihnachtszeit-1536x1536.jpg 1536w, https:\/\/bergers-schlagerparadies.de\/wp-content\/uploads\/2022\/11\/David-Vidano-Meine-Weihnachtszeit-2048x2048.jpg 2048w, https:\/\/bergers-schlagerparadies.de\/wp-content\/uploads\/2022\/11\/David-Vidano-Meine-Weihnachtszeit-1200x1200.jpg 1200w, https:\/\/bergers-schlagerparadies.de\/wp-content\/uploads\/2022\/11\/David-Vidano-Meine-Weihnachtszeit-1188x1188.jpg 1188w, https:\/\/bergers-schlagerparadies.de\/wp-content\/uploads\/2022\/11\/David-Vidano-Meine-Weihnachtszeit-100x100.jpg 100w, https:\/\/bergers-schlagerparadies.de\/wp-content\/uploads\/2022\/11\/David-Vidano-Meine-Weihnachtszeit-1320x1320.jpg 1320w\" sizes=\"auto, (max-width: 300px) 100vw, 300px\" \/>Hast du in den letzten Tagen auch Klassiker wie \u201eLast Christmas\u201c und \u201eDriving Home for Christmas\u201c im Radio geh\u00f6rt? Dann mag es mit hoher Wahrscheinlichkeit daran liegen, dass Weihnachten vor der T\u00fcr steht. Neben den Musik Klassikern erg\u00e4nzen Spekulatius, Gl\u00fchwein und weitere Leckereien diese wundersch\u00f6ne Zeit, bei der wir Menschen unterm Weihnachtsbaum zusammenkommen und das Fest der Liebe feiern.<\/p>\n<p>Auch f\u00fcr David Vidano ist diese Zeit von gro\u00dfer Bedeutung und das bringt er in seinem ersten Weihnachtssong \u201eMeine Weihnachtszeit\u201c auf den Punkt.<br \/>\nEs geht nicht um Geschenke, sondern um die Menschen, mit denen man dieses besondere Fest zelebriert. Es geht darum, sich der Liebe zu seinen Mitmenschen wieder bewusst zu werden.<\/p>\n<p>Geschrieben hat David die Nummer mit seinem langj\u00e4hrigen Kollegen Liam Dayz.<br \/>\nBei der Produktion stie\u00df Unheilig Produzent Henning Verlage mit dazu, welcher dem Song eine gewisse Mystik verleiht, welche man noch aus der Zeit des Grafen im Ohr hat.<\/p>\n<p>Dieser Song sollte in keiner Playlist zur besinnlichen Zeit fehlen.<\/p>\n<p><span style=\"color: #800000;\"><strong>Quelle: Fiesta Records<\/strong><\/span><\/p>\n<p><span style=\"color: #800000;\"><strong>Dieser Song ist ab dem 02.12.2022 in allen bekannten Onlineshops erh\u00e4ltlich!<\/strong><\/span><\/p>\n<p><span style=\"color: #800000;\"><strong>Airdate (f\u00fcr Radiosender): 25.11.2022<\/strong><\/span><\/p>\n","protected":false},"excerpt":{"rendered":"<p>Hast du in den letzten Tagen auch Klassiker wie \u201eLast Christmas\u201c und \u201eDriving Home for Christmas\u201c im Radio geh\u00f6rt? Dann mag es mit hoher Wahrscheinlichkeit daran liegen, dass Weihnachten vor der T\u00fcr steht. Neben den Musik Klassikern erg\u00e4nzen Spekulatius, Gl\u00fchwein und weitere Leckereien diese wundersch\u00f6ne Zeit, bei der wir Menschen unterm Weihnachtsbaum zusammenkommen und das Fest der Liebe feiern. Auch f\u00fcr David Vidano ist diese Zeit von gro\u00dfer Bedeutung und das bringt er in seinem ersten Weihnachtssong \u201eMeine Weihnachtszeit\u201c auf den Punkt. Es geht nicht um Geschenke, sondern um die Menschen, mit denen man dieses besondere Fest zelebriert. Es geht darum, sich der Liebe zu&#8230;<\/p>\n","protected":false},"author":1,"featured_media":14648,"comment_status":"open","ping_status":"open","sticky":false,"template":"","format":"standard","meta":{"footnotes":""},"categories":[2],"tags":[1546],"class_list":["post-14339","post","type-post","status-publish","format-standard","has-post-thumbnail","hentry","category-schlager","tag-david-vidano","wpcat-2-id"],"_links":{"self":[{"href":"https:\/\/bergers-schlagerparadies.de\/index.php?rest_route=\/wp\/v2\/posts\/14339","targetHints":{"allow":["GET"]}}],"collection":[{"href":"https:\/\/bergers-schlagerparadies.de\/index.php?rest_route=\/wp\/v2\/posts"}],"about":[{"href":"https:\/\/bergers-schlagerparadies.de\/index.php?rest_route=\/wp\/v2\/types\/post"}],"author":[{"embeddable":true,"href":"https:\/\/bergers-schlagerparadies.de\/index.php?rest_route=\/wp\/v2\/users\/1"}],"replies":[{"embeddable":true,"href":"https:\/\/bergers-schlagerparadies.de\/index.php?rest_route=%2Fwp%2Fv2%2Fcomments&post=14339"}],"version-history":[{"count":3,"href":"https:\/\/bergers-schlagerparadies.de\/index.php?rest_route=\/wp\/v2\/posts\/14339\/revisions"}],"predecessor-version":[{"id":14649,"href":"https:\/\/bergers-schlagerparadies.de\/index.php?rest_route=\/wp\/v2\/posts\/14339\/revisions\/14649"}],"wp:featuredmedia":[{"embeddable":true,"href":"https:\/\/bergers-schlagerparadies.de\/index.php?rest_route=\/wp\/v2\/media\/14648"}],"wp:attachment":[{"href":"https:\/\/bergers-schlagerparadies.de\/index.php?rest_route=%2Fwp%2Fv2%2Fmedia&parent=14339"}],"wp:term":[{"taxonomy":"category","embeddable":true,"href":"https:\/\/bergers-schlagerparadies.de\/index.php?rest_route=%2Fwp%2Fv2%2Fcategories&post=14339"},{"taxonomy":"post_tag","embeddable":true,"href":"https:\/\/bergers-schlagerparadies.de\/index.php?rest_route=%2Fwp%2Fv2%2Ftags&post=14339"}],"curies":[{"name":"wp","href":"https:\/\/api.w.org\/{rel}","templated":true}]}}