{"id":14262,"date":"2022-11-18T13:02:31","date_gmt":"2022-11-18T12:02:31","guid":{"rendered":"http:\/\/bergers-schlagerparadies.de\/?p=14262"},"modified":"2022-11-18T13:02:31","modified_gmt":"2022-11-18T12:02:31","slug":"dj-oetzi-weihnachts-memories-album-%c2%b7-bergers-schlagerparadies","status":"publish","type":"post","link":"https:\/\/bergers-schlagerparadies.de\/?p=14262","title":{"rendered":"DJ \u00d6tzi &#8211; Weihnachts-Memories (Album) \u00b7 Berger\u00b4s Schlagerparadies"},"content":{"rendered":"<p><img loading=\"lazy\" decoding=\"async\" class=\"size-medium wp-image-14264 alignleft\" src=\"https:\/\/bergers-schlagerparadies.de\/wp-content\/uploads\/2022\/11\/DJ-Oetzi-Weihnachts-Memories-Album-300x300.jpg\" alt=\"\" width=\"300\" height=\"300\" srcset=\"https:\/\/bergers-schlagerparadies.de\/wp-content\/uploads\/2022\/11\/DJ-Oetzi-Weihnachts-Memories-Album-300x300.jpg 300w, https:\/\/bergers-schlagerparadies.de\/wp-content\/uploads\/2022\/11\/DJ-Oetzi-Weihnachts-Memories-Album-1024x1024.jpg 1024w, https:\/\/bergers-schlagerparadies.de\/wp-content\/uploads\/2022\/11\/DJ-Oetzi-Weihnachts-Memories-Album-150x150.jpg 150w, https:\/\/bergers-schlagerparadies.de\/wp-content\/uploads\/2022\/11\/DJ-Oetzi-Weihnachts-Memories-Album-768x768.jpg 768w, https:\/\/bergers-schlagerparadies.de\/wp-content\/uploads\/2022\/11\/DJ-Oetzi-Weihnachts-Memories-Album.jpg 1200w, https:\/\/bergers-schlagerparadies.de\/wp-content\/uploads\/2022\/11\/DJ-Oetzi-Weihnachts-Memories-Album-1188x1188.jpg 1188w, https:\/\/bergers-schlagerparadies.de\/wp-content\/uploads\/2022\/11\/DJ-Oetzi-Weihnachts-Memories-Album-100x100.jpg 100w\" sizes=\"auto, (max-width: 300px) 100vw, 300px\" \/>Das erste Weihnachtsalbum seiner Karriere:<\/p>\n<p>DJ \u00d6TZI<\/p>\n<p>\u201eWeihnachts-Memories\u201c<br \/>\n18. November 2022<\/p>\n<p>DJ \u00d6tzi ver\u00f6ffentlicht in diesem Jahr das erste Weihnachtsalbum seiner Karriere! Das am 18. November bei Electrola erscheinende Album \u201eWeihnachts-Memories\u201c vereint insgesamt 16 Titel: ein bewegendes, abwechslungsreiches, vor allem durch und durch weihnachtliches Mix aus 13 englischen und deutschen Klassikern, ganz neu arrangiert und interpretiert \u2013 und abgerundet mit drei pers\u00f6nlichen gesprochenen Botschaften von Gerry an seine Fans und sogar einem Duett mit seiner Tochter Lisa-Marie. Vorbestellungen von \u201eWeihnachts-Memories\u201c sind ab sofort m\u00f6glich!<\/p>\n<p>Vor allem will DJ \u00d6tzi mit seinem ersten Weihnachtsalbum all jene Gef\u00fchle einfangen und vermitteln, die f\u00fcr seine \u201epers\u00f6nlichen Weihnachtserinnerungen pr\u00e4gend sind\u201c, wie er verr\u00e4t. \u201eLasst uns diese besinnliche Zeit gemeinsam in ihrer einzigartigen Vielfalt entdecken, die auch mich als Kind verzaubert hat\u201c, so der \u00d6sterreicher, der auch sich selbst mit dieser besonderen Ver\u00f6ffentlichung einen Traum erf\u00fcllt. \u201eLasst uns in die friedvolle Stimmung von Weihnachten eintauchen wie in unserer Kindheit, als wir strahlend helle Sterne am Himmelszelt beobachteten und vielleicht das Christkind an unserem Fenster vorbeigeflogen kam.\u201c<\/p>\n<p>\u201eWenn die Kerzen brennen \u2026 \/Wenn\u2019s nach Zimt, nach Weihrauch duftet \u2026\/Wenn man Zeit f\u00fcr die Familie und Freunde hat \u2026\u201c \u2013 mit diesen Worten \u00f6ffnet DJ \u00d6tzi die T\u00fcr zu seinem ganz pers\u00f6nlichen Winter-Wonderland und l\u00e4dt uns ein in eine Welt, in der Sorgen, Alltagsstress und Probleme keinen Platz haben, weil rundherum alles beseelt, beschaulich und behaglich wirkt. Danach w\u00e4hlt er nur seine absoluten Favoriten aus dem deutschen und englischen Sprachraum aus und dr\u00fcckt ihnen seinen klanglichen Stempel auf \u2013 immer festlich, immer wieder von Streichern getragen, von Schellen und Gl\u00f6ckchen begleitet \u2013 und vor allem extrem gef\u00fchlvoll und wohltuend.<\/p>\n<p>Zwischen Klassikern wie \u201eLeise rieselt der Schnee\u201c und dem epischen \u201eOh Tannenbaum\u201c ist auch Platz f\u00fcr den \u201eLittle Drummer Boy\u201c oder auch \u201eWinter Wonderland\u201c, f\u00fcr das Gerry mit Fingerschnipsen sogar kurz die T\u00fcr zum Dancefloor aufst\u00f6\u00dft. Ein absolutes Highlight ist sein Duett mit seiner inzwischen 20-j\u00e4hrigen Tochter Lisa-Marie: Wie einst John Lennon und Yoko Ono in Gerrys Geburtsjahr, bringt das Vater-Tochter-Dreamteam f\u00fcr \u201eHappy Xmas (War Is Over)\u201c auch eine aktuell so wichtige Friedensbotschaft ins Spiel, wenn es hei\u00dft: \u201eA very Merry Christmas\/and Happy New Year\/Let\u2019s hope it\u2019s a good one\/Without any fear.\u201c<\/p>\n<p>Perfekt zu seinem Idealbild von Weihnachten passt auch Wolfgang Ambros\u2019 \u201eWeihnachten wie immer\u201c: \u201eI will, doss echte Kerzen brennen\/Doss echte Lieder gsungen werdn\u201c! Zwischen Poetischem (dem Gedicht \u201eWeihnachtslied\u201c von Theodor Storm) und Akustischem (\u201eEs wird scho glei dumpa\u201c) bahnt sich auch seine Liebe zu Elvis ihren Weg \u2013 wenn er auch den Klassiker \u201eCan\u2019t Help Falling In Love\u201c in seine Klangwelt \u00fcberf\u00fchrt. Und schlie\u00dflich ist auch das \u201emost famous reindeer of all\u201c (\u201eRudolph\u201c) mit von der Partie \u2026<\/p>\n<p>Abgerundet wird der ganz pers\u00f6nliche \u00d6tzi-Weihnachtssoundtrack von der vermutlich sch\u00f6nsten Hymne, die je im Stau geschrieben wurde (\u201eDriving Home For Christmas\u201c) und weiteren Klassikern (\u201eS\u00fc\u00dfer die Glocken\u201c, \u201eKling Gl\u00f6cklein\u201c, \u201eStille Nacht\u201c), woraufhin Gerry ein weiteres Mal pers\u00f6nliche Worte an seine Fans richtet \u2013 vor allem, um danke zu sagen: daf\u00fcr, \u201e\u2026 dass ihr mich so lange begleitet habt\u2019s auf meinem wirklich tollen Weg.\u201c<\/p>\n<p>Auch im sehr pers\u00f6nlichen Gru\u00dfwort berichtet er ausf\u00fchrlich von jener \u201eHerzensw\u00e4rme, die einen durchstr\u00f6mt, wenn die Kl\u00e4nge einer einzigartigen Nacht wieder Ruhe in uns einkehren lassen\u201c \u2013 was zugleich die herzliche Energie des neuen Albums sehr gut auf den Punkt bringt. Sein Wunsch: \u201e\u00d6ffnet die Augen f\u00fcr die kleinen Wunder des Alltags und lasst Weihnachten in Eure Herzen einziehen.\u201c<\/p>\n<p>Wer die frohe Botschaft zum diesj\u00e4hrigen Fest nicht nur h\u00f6ren will, kann auch das erweiterte Album-Bundle inkl. handsignierter Weihnachtskarte von DJ \u00d6tzi unter den Baum legen \u2013 erh\u00e4ltlich exklusiv im D2C-Shop.<\/p>\n<p>Seit Jahren auch international ein Begriff wie Falco und Marlene, Rammstein oder die Scorpions, z\u00e4hlt Gerry Friedle aka DJ \u00d6tzi aus Tirol l\u00e4ngst zu den wenigen deutschsprachigen Ausnahmek\u00fcnstlern, deren Fanbase \u00fcber den ganzen Globus verstreut ist. Zuletzt hatte er mit \u201eSei du selbst \u2013 Party 2.0\u201c, seinem \u201epers\u00f6nlichsten Album ever\u201c, im Herbst 2021 abermals direkt die deutschen Top-10 erst\u00fcrmt und es in \u00d6sterreich wiederum auf Platz 2 geschafft.<\/p>\n<p>Das neue Album \u201eWeihnachts-Memories\u201c erscheint am 18. November 2022 bei Electrola.<\/p>\n<p><span style=\"color: #800000;\"><strong>Quelle: ELE\/ Electrola<\/strong><\/span><\/p>\n<p><span style=\"color: #800000;\"><strong>Dieses Album ist ab dem 18.11.2022 in allen bekannten Onlineshops erh\u00e4ltlich!<\/strong><\/span><\/p>\n<p><span style=\"color: #800000;\"><strong>Airdate (f\u00fcr Radiosender): 18.11.2022<\/strong><\/span><\/p>\n","protected":false},"excerpt":{"rendered":"<p>Das erste Weihnachtsalbum seiner Karriere: DJ \u00d6TZI \u201eWeihnachts-Memories\u201c 18. November 2022 DJ \u00d6tzi ver\u00f6ffentlicht in diesem Jahr das erste Weihnachtsalbum seiner Karriere! Das am 18. November bei Electrola erscheinende Album \u201eWeihnachts-Memories\u201c vereint insgesamt 16 Titel: ein bewegendes, abwechslungsreiches, vor allem durch und durch weihnachtliches Mix aus 13 englischen und deutschen Klassikern, ganz neu arrangiert und interpretiert \u2013 und abgerundet mit drei pers\u00f6nlichen gesprochenen Botschaften von Gerry an seine Fans und sogar einem Duett mit seiner Tochter Lisa-Marie. Vorbestellungen von \u201eWeihnachts-Memories\u201c sind ab sofort m\u00f6glich! Vor allem will DJ \u00d6tzi mit seinem ersten Weihnachtsalbum all jene Gef\u00fchle einfangen und vermitteln, die f\u00fcr seine \u201epers\u00f6nlichen Weihnachtserinnerungen pr\u00e4gend&#8230;<\/p>\n","protected":false},"author":1,"featured_media":14264,"comment_status":"open","ping_status":"open","sticky":false,"template":"","format":"standard","meta":{"footnotes":""},"categories":[2],"tags":[263],"class_list":["post-14262","post","type-post","status-publish","format-standard","has-post-thumbnail","hentry","category-schlager","tag-dj-oetzi","wpcat-2-id"],"_links":{"self":[{"href":"https:\/\/bergers-schlagerparadies.de\/index.php?rest_route=\/wp\/v2\/posts\/14262","targetHints":{"allow":["GET"]}}],"collection":[{"href":"https:\/\/bergers-schlagerparadies.de\/index.php?rest_route=\/wp\/v2\/posts"}],"about":[{"href":"https:\/\/bergers-schlagerparadies.de\/index.php?rest_route=\/wp\/v2\/types\/post"}],"author":[{"embeddable":true,"href":"https:\/\/bergers-schlagerparadies.de\/index.php?rest_route=\/wp\/v2\/users\/1"}],"replies":[{"embeddable":true,"href":"https:\/\/bergers-schlagerparadies.de\/index.php?rest_route=%2Fwp%2Fv2%2Fcomments&post=14262"}],"version-history":[{"count":1,"href":"https:\/\/bergers-schlagerparadies.de\/index.php?rest_route=\/wp\/v2\/posts\/14262\/revisions"}],"predecessor-version":[{"id":14266,"href":"https:\/\/bergers-schlagerparadies.de\/index.php?rest_route=\/wp\/v2\/posts\/14262\/revisions\/14266"}],"wp:featuredmedia":[{"embeddable":true,"href":"https:\/\/bergers-schlagerparadies.de\/index.php?rest_route=\/wp\/v2\/media\/14264"}],"wp:attachment":[{"href":"https:\/\/bergers-schlagerparadies.de\/index.php?rest_route=%2Fwp%2Fv2%2Fmedia&parent=14262"}],"wp:term":[{"taxonomy":"category","embeddable":true,"href":"https:\/\/bergers-schlagerparadies.de\/index.php?rest_route=%2Fwp%2Fv2%2Fcategories&post=14262"},{"taxonomy":"post_tag","embeddable":true,"href":"https:\/\/bergers-schlagerparadies.de\/index.php?rest_route=%2Fwp%2Fv2%2Ftags&post=14262"}],"curies":[{"name":"wp","href":"https:\/\/api.w.org\/{rel}","templated":true}]}}