{"id":14163,"date":"2022-11-16T20:09:18","date_gmt":"2022-11-16T19:09:18","guid":{"rendered":"http:\/\/bergers-schlagerparadies.de\/?p=14163"},"modified":"2022-11-16T20:09:18","modified_gmt":"2022-11-16T19:09:18","slug":"die-schloessers-alle-feiern-heute-nacht-%c2%b7-bergers-schlagerparadies","status":"publish","type":"post","link":"https:\/\/bergers-schlagerparadies.de\/?p=14163","title":{"rendered":"Die Schl\u00f6ssers &#8211; Alle feiern heute Nacht \u00b7 Berger\u00b4s Schlagerparadies"},"content":{"rendered":"<p><img loading=\"lazy\" decoding=\"async\" class=\"size-medium wp-image-14165 alignleft\" src=\"https:\/\/bergers-schlagerparadies.de\/wp-content\/uploads\/2022\/11\/Die-Schloessers-Alle-feiern-heute-Nacht-300x300.jpg\" alt=\"\" width=\"300\" height=\"300\" srcset=\"https:\/\/bergers-schlagerparadies.de\/wp-content\/uploads\/2022\/11\/Die-Schloessers-Alle-feiern-heute-Nacht-300x300.jpg 300w, https:\/\/bergers-schlagerparadies.de\/wp-content\/uploads\/2022\/11\/Die-Schloessers-Alle-feiern-heute-Nacht-150x150.jpg 150w, https:\/\/bergers-schlagerparadies.de\/wp-content\/uploads\/2022\/11\/Die-Schloessers-Alle-feiern-heute-Nacht-768x768.jpg 768w, https:\/\/bergers-schlagerparadies.de\/wp-content\/uploads\/2022\/11\/Die-Schloessers-Alle-feiern-heute-Nacht-100x100.jpg 100w, https:\/\/bergers-schlagerparadies.de\/wp-content\/uploads\/2022\/11\/Die-Schloessers-Alle-feiern-heute-Nacht.jpg 800w\" sizes=\"auto, (max-width: 300px) 100vw, 300px\" \/>Mit Songs wie \u201eWir sind die Geilsten\u201c und \u201eWir tanzen unterm Regenbogen\u201c konnten sich J\u00f6rg und Karsten bereits unter \u201eDie Terrortucken\u201c einen Namen in der Schlagerszene machen. Jetzt melden sie sich zur\u00fcck unter neuem Label und neuem Namen! Das Paar, das schon seit 13 Jahren zusammen ist, pr\u00e4sentiert nun unter dem Namen \u201eDie Schl\u00f6ssers\u201c ihren brandneuen Partysong \u201eAlle feiern heute Nacht\u201c. Der Text stammt hierbei aus der Feder von Ela Grunert w\u00e4hrend Franco Ferraro f\u00fcr die Produktion zust\u00e4ndig war.<\/p>\n<p>Wer die beiden kennt, wei\u00df: J\u00f6rg &amp; Karsten verk\u00f6rpern das etwas \u201eandere\u201c Duo im Schlagerzirkus!<br \/>\nDoch nicht nur die Musik ist f\u00fcr das Paar eine Herzensangelegenheit. Seit 2012 veranstalten die beiden Schl\u00f6ssers die mittlerweile gr\u00f6\u00dfte Aids Charity Gala Deutschlands \u201eTanz unter dem Regenbogen\u201c. Immer wieder im November treffen sich viele Stars und Sternchen der Promi und Trashszene zur gro\u00dfen Spendengala in der Weltstadt Castrop-Rauxel. Einen gro\u00dfen 6-stelligen Betrag konnten sie durch die Gala bereits an den F\u00f6rderverein zur Bek\u00e4mpfung von Aids e.V spenden.<\/p>\n<p>Neben der Single d\u00fcrfen wir uns \u00fcber ein Musikvideo freuen, welches am 27.11.2022 erscheinen wird.<\/p>\n<p><span style=\"color: #800000;\"><strong>Quelle: Fiesta Records<\/strong><\/span><\/p>\n<p><span style=\"color: #800000;\"><strong>Dieser Song ist ab dem 25.11.2022 in allen bekannten Onlineshops erh\u00e4ltlich!<\/strong><\/span><\/p>\n<p><span style=\"color: #800000;\"><strong>Airdate (f\u00fcr Radiosender): 18.11.2022<\/strong><\/span><\/p>\n","protected":false},"excerpt":{"rendered":"<p>Mit Songs wie \u201eWir sind die Geilsten\u201c und \u201eWir tanzen unterm Regenbogen\u201c konnten sich J\u00f6rg und Karsten bereits unter \u201eDie Terrortucken\u201c einen Namen in der Schlagerszene machen. Jetzt melden sie sich zur\u00fcck unter neuem Label und neuem Namen! Das Paar, das schon seit 13 Jahren zusammen ist, pr\u00e4sentiert nun unter dem Namen \u201eDie Schl\u00f6ssers\u201c ihren brandneuen Partysong \u201eAlle feiern heute Nacht\u201c. Der Text stammt hierbei aus der Feder von Ela Grunert w\u00e4hrend Franco Ferraro f\u00fcr die Produktion zust\u00e4ndig war. Wer die beiden kennt, wei\u00df: J\u00f6rg &amp; Karsten verk\u00f6rpern das etwas \u201eandere\u201c Duo im Schlagerzirkus! Doch nicht nur die Musik ist f\u00fcr das Paar eine Herzensangelegenheit&#8230;.<\/p>\n","protected":false},"author":1,"featured_media":14165,"comment_status":"open","ping_status":"open","sticky":false,"template":"","format":"standard","meta":{"footnotes":""},"categories":[2],"tags":[1534],"class_list":["post-14163","post","type-post","status-publish","format-standard","has-post-thumbnail","hentry","category-schlager","tag-die-schloessers","wpcat-2-id"],"_links":{"self":[{"href":"https:\/\/bergers-schlagerparadies.de\/index.php?rest_route=\/wp\/v2\/posts\/14163","targetHints":{"allow":["GET"]}}],"collection":[{"href":"https:\/\/bergers-schlagerparadies.de\/index.php?rest_route=\/wp\/v2\/posts"}],"about":[{"href":"https:\/\/bergers-schlagerparadies.de\/index.php?rest_route=\/wp\/v2\/types\/post"}],"author":[{"embeddable":true,"href":"https:\/\/bergers-schlagerparadies.de\/index.php?rest_route=\/wp\/v2\/users\/1"}],"replies":[{"embeddable":true,"href":"https:\/\/bergers-schlagerparadies.de\/index.php?rest_route=%2Fwp%2Fv2%2Fcomments&post=14163"}],"version-history":[{"count":1,"href":"https:\/\/bergers-schlagerparadies.de\/index.php?rest_route=\/wp\/v2\/posts\/14163\/revisions"}],"predecessor-version":[{"id":14166,"href":"https:\/\/bergers-schlagerparadies.de\/index.php?rest_route=\/wp\/v2\/posts\/14163\/revisions\/14166"}],"wp:featuredmedia":[{"embeddable":true,"href":"https:\/\/bergers-schlagerparadies.de\/index.php?rest_route=\/wp\/v2\/media\/14165"}],"wp:attachment":[{"href":"https:\/\/bergers-schlagerparadies.de\/index.php?rest_route=%2Fwp%2Fv2%2Fmedia&parent=14163"}],"wp:term":[{"taxonomy":"category","embeddable":true,"href":"https:\/\/bergers-schlagerparadies.de\/index.php?rest_route=%2Fwp%2Fv2%2Fcategories&post=14163"},{"taxonomy":"post_tag","embeddable":true,"href":"https:\/\/bergers-schlagerparadies.de\/index.php?rest_route=%2Fwp%2Fv2%2Ftags&post=14163"}],"curies":[{"name":"wp","href":"https:\/\/api.w.org\/{rel}","templated":true}]}}