{"id":14134,"date":"2022-11-11T16:12:33","date_gmt":"2022-11-11T15:12:33","guid":{"rendered":"http:\/\/bergers-schlagerparadies.de\/?p=14134"},"modified":"2022-11-11T16:12:33","modified_gmt":"2022-11-11T15:12:33","slug":"ralf-cerne-dein-leben-ist-mein-programm-%c2%b7-bergers-schlagerparadies","status":"publish","type":"post","link":"https:\/\/bergers-schlagerparadies.de\/?p=14134","title":{"rendered":"Ralf Cerne &#8211; Dein Leben ist mein Programm \u00b7 Berger\u00b4s Schlagerparadies"},"content":{"rendered":"<p><img loading=\"lazy\" decoding=\"async\" class=\"size-medium wp-image-14136 alignleft\" src=\"https:\/\/bergers-schlagerparadies.de\/wp-content\/uploads\/2022\/11\/Ralf-Cerne-Dein-Leben-ist-mein-Programm-300x300.jpg\" alt=\"\" width=\"300\" height=\"300\" srcset=\"https:\/\/bergers-schlagerparadies.de\/wp-content\/uploads\/2022\/11\/Ralf-Cerne-Dein-Leben-ist-mein-Programm-300x300.jpg 300w, https:\/\/bergers-schlagerparadies.de\/wp-content\/uploads\/2022\/11\/Ralf-Cerne-Dein-Leben-ist-mein-Programm-1024x1024.jpg 1024w, https:\/\/bergers-schlagerparadies.de\/wp-content\/uploads\/2022\/11\/Ralf-Cerne-Dein-Leben-ist-mein-Programm-150x150.jpg 150w, https:\/\/bergers-schlagerparadies.de\/wp-content\/uploads\/2022\/11\/Ralf-Cerne-Dein-Leben-ist-mein-Programm-768x768.jpg 768w, https:\/\/bergers-schlagerparadies.de\/wp-content\/uploads\/2022\/11\/Ralf-Cerne-Dein-Leben-ist-mein-Programm-1200x1200.jpg 1200w, https:\/\/bergers-schlagerparadies.de\/wp-content\/uploads\/2022\/11\/Ralf-Cerne-Dein-Leben-ist-mein-Programm-1188x1188.jpg 1188w, https:\/\/bergers-schlagerparadies.de\/wp-content\/uploads\/2022\/11\/Ralf-Cerne-Dein-Leben-ist-mein-Programm-100x100.jpg 100w, https:\/\/bergers-schlagerparadies.de\/wp-content\/uploads\/2022\/11\/Ralf-Cerne-Dein-Leben-ist-mein-Programm-1320x1320.jpg 1320w, https:\/\/bergers-schlagerparadies.de\/wp-content\/uploads\/2022\/11\/Ralf-Cerne-Dein-Leben-ist-mein-Programm.jpg 1400w\" sizes=\"auto, (max-width: 300px) 100vw, 300px\" \/>Der Name RALF CERNE ist den Freunden des Schlagers nat\u00fcrlich nicht unbekannt. Bereits zu Beginn der 1990er Jahre hat er seinen Job in der Unterhaltung gestartet, anfangs mit volkst\u00fcmlichen Liedern. Bereits in damaliger Zeit gab es eine Zusammenarbeit des Herners mit dem Hamburger Musikproduzenten und Labelchef PETER SEBASTIAN. Songs wie \u201eBaby Blue\u201c, \u201eEs ist so sch\u00f6n bei dir, Cherie\u201c, \u201eSonnenlicht bei Nacht\u201c, \u201eSelbst im Himmel fallen Tr\u00e4#nen\u201c, \u201eBis der erste Regen f\u00e4llt\u201c oder \u201eIm Falle eines Falles\u201c, sind vielen Fans noch in guter Erinnerung.<\/p>\n<p>Zum Verdruss seiner Fans hat sich RALF viele Jahre lang vom Musikgesch\u00e4ft zur\u00fcckgezogen. Umso gr\u00f6\u00dfer ist die Freude, dass er nun wieder da ist \u2013 und wie: Gleich zwei brandneue Aufnahmen hat RALF im Gep\u00e4ck und sein Live-Comeback in Oberhausen bei einer Veranstaltung \u201eECKI and Friends\u201c mit Bravour bestanden.<\/p>\n<p>Mit dem von Matthias Stingl komponierten Song \u201eDein Leben ist mein Programm\u201c, macht RALF seiner Herzdame ein gro\u00dfes Kompliment. \u201eVom ersten Augenblick\u201c hat sie ihn fasziniert \u2013 und Worte wie \u201eWohlf\u00fchlmolek\u00fcl\u201c fallen wohl nur Texter und Produzent PETER SEBATIAN ein. Wer \u201ezum Fr\u00fchst\u00fcck keinen Kaviar\u201c braucht, setzt die richtigen Priorit\u00e4ten. Mit diesem Song wird RALF CERNE nicht nur seine Fans, sondern auch die Freunde des deutschen Discofox-Schlagers begeistern!<\/p>\n<p>Der Titel war schon immer ein Lieblingslied von RALF CERNE \u2013 leider gab es vor vielen Jahren pers\u00f6nliche und famili\u00e4re Gr\u00fcnde, ihn nicht zu ver\u00f6ffentlichen \u2013 umso sch\u00f6ner, dass es nun m\u00f6glich ist, diesen hitverd\u00e4chtigen Titel auf den Markt zu bringen.<\/p>\n<p>Da man auf einem Bein nicht stehen kann, hat RALF CERNE mit \u201eBaby Blue\u201c gleich einen weiteren und Remake-Kracher im Angebot. An diesen Titel erinnern sich viele Fans der damaligen WDR4-Radiosendung \u201eRhythmus der Nacht\u201c. Als die \u00f6ffentlich-rechtlichen Sender noch Wert auf den Publikumsgeschmack legten, wurde der Titel gerne im Radioprogramm gespielt und schaffte es sogar auf den gleichnamigen CD-Sampler. F\u00fcr den Mix zeichnen sich \u201eChristian Cesar aka Cesareo DeeJay\u201c &amp; \u201eStefan von HITARENA\u201c aus und verzeichnet in diversen DJ-Portalen und Hitparaden mit Baby Blue_Cesareo Deejay X Hitarena Club Mix unglaubliche Einstiegs Erfolge.<\/p>\n<p>Eins steht fest: Nach wie vor lieben die Fans RALF CERNE, der sich nach langer Pause nun beeindruckend zur\u00fcckmeldet. (Geschrieben von Stephan Imming)<\/p>\n<p><span style=\"color: #800000;\"><strong>Quelle: TOI TOI TOI-RECORDS<\/strong><\/span><\/p>\n<p><span style=\"color: #800000;\"><strong>Dieser Song ist ab dem 11.11.2022 in allen bekannten Onlineshops erh\u00e4ltlich!<\/strong><\/span><\/p>\n<p><span style=\"color: #800000;\"><strong>Airdate (f\u00fcr Radiosender): 11.11.2022<\/strong><\/span><\/p>\n","protected":false},"excerpt":{"rendered":"<p>Der Name RALF CERNE ist den Freunden des Schlagers nat\u00fcrlich nicht unbekannt. Bereits zu Beginn der 1990er Jahre hat er seinen Job in der Unterhaltung gestartet, anfangs mit volkst\u00fcmlichen Liedern. Bereits in damaliger Zeit gab es eine Zusammenarbeit des Herners mit dem Hamburger Musikproduzenten und Labelchef PETER SEBASTIAN. Songs wie \u201eBaby Blue\u201c, \u201eEs ist so sch\u00f6n bei dir, Cherie\u201c, \u201eSonnenlicht bei Nacht\u201c, \u201eSelbst im Himmel fallen Tr\u00e4#nen\u201c, \u201eBis der erste Regen f\u00e4llt\u201c oder \u201eIm Falle eines Falles\u201c, sind vielen Fans noch in guter Erinnerung. Zum Verdruss seiner Fans hat sich RALF viele Jahre lang vom Musikgesch\u00e4ft zur\u00fcckgezogen. Umso gr\u00f6\u00dfer ist die Freude, dass er nun&#8230;<\/p>\n","protected":false},"author":1,"featured_media":14136,"comment_status":"open","ping_status":"open","sticky":false,"template":"","format":"standard","meta":{"footnotes":""},"categories":[2],"tags":[1531],"class_list":["post-14134","post","type-post","status-publish","format-standard","has-post-thumbnail","hentry","category-schlager","tag-ralf-cerne","wpcat-2-id"],"_links":{"self":[{"href":"https:\/\/bergers-schlagerparadies.de\/index.php?rest_route=\/wp\/v2\/posts\/14134","targetHints":{"allow":["GET"]}}],"collection":[{"href":"https:\/\/bergers-schlagerparadies.de\/index.php?rest_route=\/wp\/v2\/posts"}],"about":[{"href":"https:\/\/bergers-schlagerparadies.de\/index.php?rest_route=\/wp\/v2\/types\/post"}],"author":[{"embeddable":true,"href":"https:\/\/bergers-schlagerparadies.de\/index.php?rest_route=\/wp\/v2\/users\/1"}],"replies":[{"embeddable":true,"href":"https:\/\/bergers-schlagerparadies.de\/index.php?rest_route=%2Fwp%2Fv2%2Fcomments&post=14134"}],"version-history":[{"count":1,"href":"https:\/\/bergers-schlagerparadies.de\/index.php?rest_route=\/wp\/v2\/posts\/14134\/revisions"}],"predecessor-version":[{"id":14137,"href":"https:\/\/bergers-schlagerparadies.de\/index.php?rest_route=\/wp\/v2\/posts\/14134\/revisions\/14137"}],"wp:featuredmedia":[{"embeddable":true,"href":"https:\/\/bergers-schlagerparadies.de\/index.php?rest_route=\/wp\/v2\/media\/14136"}],"wp:attachment":[{"href":"https:\/\/bergers-schlagerparadies.de\/index.php?rest_route=%2Fwp%2Fv2%2Fmedia&parent=14134"}],"wp:term":[{"taxonomy":"category","embeddable":true,"href":"https:\/\/bergers-schlagerparadies.de\/index.php?rest_route=%2Fwp%2Fv2%2Fcategories&post=14134"},{"taxonomy":"post_tag","embeddable":true,"href":"https:\/\/bergers-schlagerparadies.de\/index.php?rest_route=%2Fwp%2Fv2%2Ftags&post=14134"}],"curies":[{"name":"wp","href":"https:\/\/api.w.org\/{rel}","templated":true}]}}