{"id":14003,"date":"2022-11-14T10:30:39","date_gmt":"2022-11-14T09:30:39","guid":{"rendered":"http:\/\/bergers-schlagerparadies.de\/?p=14003"},"modified":"2022-11-15T21:26:01","modified_gmt":"2022-11-15T20:26:01","slug":"raffaella-santos-fenster-der-erinnerung-%c2%b7-bergers-schlagerparadies","status":"publish","type":"post","link":"https:\/\/bergers-schlagerparadies.de\/?p=14003","title":{"rendered":"Raffaella Santos &#8211; Fenster der Erinnerung  \u00b7 Berger\u00b4s Schlagerparadies"},"content":{"rendered":"<p><img loading=\"lazy\" decoding=\"async\" class=\"size-medium wp-image-14160 alignleft\" src=\"https:\/\/bergers-schlagerparadies.de\/wp-content\/uploads\/2022\/11\/Raffaella-Santos-Fenster-der-Erinnerung-1-300x300.jpg\" alt=\"\" width=\"300\" height=\"300\" srcset=\"https:\/\/bergers-schlagerparadies.de\/wp-content\/uploads\/2022\/11\/Raffaella-Santos-Fenster-der-Erinnerung-1-300x300.jpg 300w, https:\/\/bergers-schlagerparadies.de\/wp-content\/uploads\/2022\/11\/Raffaella-Santos-Fenster-der-Erinnerung-1-150x150.jpg 150w, https:\/\/bergers-schlagerparadies.de\/wp-content\/uploads\/2022\/11\/Raffaella-Santos-Fenster-der-Erinnerung-1-100x100.jpg 100w, https:\/\/bergers-schlagerparadies.de\/wp-content\/uploads\/2022\/11\/Raffaella-Santos-Fenster-der-Erinnerung-1.jpg 640w\" sizes=\"auto, (max-width: 300px) 100vw, 300px\" \/>Zwei Jahre nach Ver\u00f6ffentlichung des letzten erfolgreichen Titels \u201eIm Drehbuch meines Lebens\u201c kehrt Raffaella Santos jetzt mit ihrer neuen Single \u201eFenster der Erinnerung\u201c in die Musikszene zur\u00fcck.<\/p>\n<p>Das Freud und Leid eng miteinander verbunden sein k\u00f6nnen, musste Raffaella Anfang des Jahres 2021 schmerzlich erfahren. V\u00f6llig \u00fcberraschend wurde ihre Familie von einem schweren Schicksalsschlag getroffen, als die geliebte Mutter durch eine Corona-Infektion pl\u00f6tzlich und unerwartet aus ihrer Mitte gerissen wurde. Ein Verlust, den die Familie bis heute nicht verarbeitet hat.<\/p>\n<p>Um die Situation besser ertragen zu k\u00f6nnen hilft es manchmal, sich an sch\u00f6ne Momente mit der Person zu erinnern oder sich Bilder anzusehen, die einem Trost und Kraft geben. Und genau davon handelt die neue Single \u201eFenster der Erinnerung\u201c. Der Titel soll dabei helfen das erlebte besser zu verstehen und die Trauer St\u00fcck f\u00fcr St\u00fcck besser verarbeiten zu k\u00f6nnen. Viele Menschen werden sich mit dem Titel identifizieren k\u00f6nnen und haben auch durch den Verlust eines geliebten Menschen, eines geliebten Tieres etc. ein \u201eFenster der Erinnerung\u201c.<\/p>\n<p>Komponiert und produziert wurde der Titel von Carsten H\u00fcndling. Den Text dazu schrieb Andreas Schulze, dessen Familie auch im letzten Jahr von einem \u00e4hnlichen Schicksalsschlag getroffen wurde.<\/p>\n<p><span style=\"color: #800000;\"><strong>Quelle: Fiesta Records<\/strong><\/span><\/p>\n<p><span style=\"color: #800000;\"><strong>Dieser Song ist ab dem 11.11.2022 in allen bekannten Onlineshops erh\u00e4ltlich!<\/strong><\/span><\/p>\n<p><span style=\"color: #800000;\"><strong>Airdate (f\u00fcr Radiosender): 04.11.2022<\/strong><\/span><\/p>\n","protected":false},"excerpt":{"rendered":"<p>Zwei Jahre nach Ver\u00f6ffentlichung des letzten erfolgreichen Titels \u201eIm Drehbuch meines Lebens\u201c kehrt Raffaella Santos jetzt mit ihrer neuen Single \u201eFenster der Erinnerung\u201c in die Musikszene zur\u00fcck. Das Freud und Leid eng miteinander verbunden sein k\u00f6nnen, musste Raffaella Anfang des Jahres 2021 schmerzlich erfahren. V\u00f6llig \u00fcberraschend wurde ihre Familie von einem schweren Schicksalsschlag getroffen, als die geliebte Mutter durch eine Corona-Infektion pl\u00f6tzlich und unerwartet aus ihrer Mitte gerissen wurde. Ein Verlust, den die Familie bis heute nicht verarbeitet hat. Um die Situation besser ertragen zu k\u00f6nnen hilft es manchmal, sich an sch\u00f6ne Momente mit der Person zu erinnern oder sich Bilder anzusehen, die einem Trost&#8230;<\/p>\n","protected":false},"author":1,"featured_media":14160,"comment_status":"open","ping_status":"open","sticky":false,"template":"","format":"standard","meta":{"footnotes":""},"categories":[2],"tags":[1523],"class_list":["post-14003","post","type-post","status-publish","format-standard","has-post-thumbnail","hentry","category-schlager","tag-raffaella-santos","wpcat-2-id"],"_links":{"self":[{"href":"https:\/\/bergers-schlagerparadies.de\/index.php?rest_route=\/wp\/v2\/posts\/14003","targetHints":{"allow":["GET"]}}],"collection":[{"href":"https:\/\/bergers-schlagerparadies.de\/index.php?rest_route=\/wp\/v2\/posts"}],"about":[{"href":"https:\/\/bergers-schlagerparadies.de\/index.php?rest_route=\/wp\/v2\/types\/post"}],"author":[{"embeddable":true,"href":"https:\/\/bergers-schlagerparadies.de\/index.php?rest_route=\/wp\/v2\/users\/1"}],"replies":[{"embeddable":true,"href":"https:\/\/bergers-schlagerparadies.de\/index.php?rest_route=%2Fwp%2Fv2%2Fcomments&post=14003"}],"version-history":[{"count":2,"href":"https:\/\/bergers-schlagerparadies.de\/index.php?rest_route=\/wp\/v2\/posts\/14003\/revisions"}],"predecessor-version":[{"id":14161,"href":"https:\/\/bergers-schlagerparadies.de\/index.php?rest_route=\/wp\/v2\/posts\/14003\/revisions\/14161"}],"wp:featuredmedia":[{"embeddable":true,"href":"https:\/\/bergers-schlagerparadies.de\/index.php?rest_route=\/wp\/v2\/media\/14160"}],"wp:attachment":[{"href":"https:\/\/bergers-schlagerparadies.de\/index.php?rest_route=%2Fwp%2Fv2%2Fmedia&parent=14003"}],"wp:term":[{"taxonomy":"category","embeddable":true,"href":"https:\/\/bergers-schlagerparadies.de\/index.php?rest_route=%2Fwp%2Fv2%2Fcategories&post=14003"},{"taxonomy":"post_tag","embeddable":true,"href":"https:\/\/bergers-schlagerparadies.de\/index.php?rest_route=%2Fwp%2Fv2%2Ftags&post=14003"}],"curies":[{"name":"wp","href":"https:\/\/api.w.org\/{rel}","templated":true}]}}