{"id":13645,"date":"2022-10-21T10:30:50","date_gmt":"2022-10-21T08:30:50","guid":{"rendered":"http:\/\/bergers-schlagerparadies.de\/?p=13645"},"modified":"2022-10-21T12:18:11","modified_gmt":"2022-10-21T10:18:11","slug":"anna-valerian-es-schaut-nach-regen-aus-%c2%b7-bergers-schlagerparadies","status":"publish","type":"post","link":"https:\/\/bergers-schlagerparadies.de\/?p=13645","title":{"rendered":"Anna Valerian &#8211; Es schaut nach Regen aus \u00b7 Berger\u00b4s Schlagerparadies"},"content":{"rendered":"<p><img loading=\"lazy\" decoding=\"async\" class=\"size-medium wp-image-13658 alignleft\" src=\"https:\/\/bergers-schlagerparadies.de\/wp-content\/uploads\/2022\/10\/Anna-Valerian-Es-schaut-nach-Regen-aus-300x300.jpg\" alt=\"\" width=\"300\" height=\"300\" srcset=\"https:\/\/bergers-schlagerparadies.de\/wp-content\/uploads\/2022\/10\/Anna-Valerian-Es-schaut-nach-Regen-aus-300x300.jpg 300w, https:\/\/bergers-schlagerparadies.de\/wp-content\/uploads\/2022\/10\/Anna-Valerian-Es-schaut-nach-Regen-aus-1024x1024.jpg 1024w, https:\/\/bergers-schlagerparadies.de\/wp-content\/uploads\/2022\/10\/Anna-Valerian-Es-schaut-nach-Regen-aus-150x150.jpg 150w, https:\/\/bergers-schlagerparadies.de\/wp-content\/uploads\/2022\/10\/Anna-Valerian-Es-schaut-nach-Regen-aus-768x768.jpg 768w, https:\/\/bergers-schlagerparadies.de\/wp-content\/uploads\/2022\/10\/Anna-Valerian-Es-schaut-nach-Regen-aus.jpg 1200w, https:\/\/bergers-schlagerparadies.de\/wp-content\/uploads\/2022\/10\/Anna-Valerian-Es-schaut-nach-Regen-aus-1188x1188.jpg 1188w, https:\/\/bergers-schlagerparadies.de\/wp-content\/uploads\/2022\/10\/Anna-Valerian-Es-schaut-nach-Regen-aus-100x100.jpg 100w\" sizes=\"auto, (max-width: 300px) 100vw, 300px\" \/>Ein langer hei\u00dfer Sommer ist zu Ende, das Laub der B\u00e4ume verf\u00e4rbt sich, die Nachttemperaturen sinken auf null Grad, kalter Morgennebel l\u00e4sst uns fr\u00f6steln und eine Ahnung des kommenden Winters h\u00e4lt Einzug in unsere Gem\u00fctswelt. Melancholie. Wir schauen zur\u00fcck auf die vergangenen Monate und sp\u00fcren intuitiv, dass unsere Gef\u00fchle sich im Wandel befinden. Was bleibt, was m\u00fcssen wir loslassen, was entsteht hoffnungsvoll Neues, was oder wem trauern wir nach? Melancholie. Und genau in diese melancholische Stimmung begibt sich ANNA VALERIAN mit ihrem neuen Titel \u201eES SCHAUT NACH REGEN AUS\u201c, einem wundersch\u00f6nen Lied zwischen Schlager und Chanson, das zu Herzen geht und durchaus auch zu Tr\u00e4nen r\u00fchrt.<\/p>\n<p>&nbsp;<\/p>\n<p><span style=\"color: #800000;\"><strong>Quelle: MORE Music<\/strong><\/span><\/p>\n<p><span style=\"color: #800000;\"><strong>Dieser Song ist ab dem 28.10.2022 in allen bekannten Onlineshops erh\u00e4ltlich!<\/strong><\/span><\/p>\n<p><span style=\"color: #800000;\"><strong>Airdate (f\u00fcr Radiosender): 21.10.2022<\/strong><\/span><\/p>\n","protected":false},"excerpt":{"rendered":"<p>Ein langer hei\u00dfer Sommer ist zu Ende, das Laub der B\u00e4ume verf\u00e4rbt sich, die Nachttemperaturen sinken auf null Grad, kalter Morgennebel l\u00e4sst uns fr\u00f6steln und eine Ahnung des kommenden Winters h\u00e4lt Einzug in unsere Gem\u00fctswelt. Melancholie. Wir schauen zur\u00fcck auf die vergangenen Monate und sp\u00fcren intuitiv, dass unsere Gef\u00fchle sich im Wandel befinden. Was bleibt, was m\u00fcssen wir loslassen, was entsteht hoffnungsvoll Neues, was oder wem trauern wir nach? Melancholie. Und genau in diese melancholische Stimmung begibt sich ANNA VALERIAN mit ihrem neuen Titel \u201eES SCHAUT NACH REGEN AUS\u201c, einem wundersch\u00f6nen Lied zwischen Schlager und Chanson, das zu Herzen geht und durchaus auch zu Tr\u00e4nen&#8230;<\/p>\n","protected":false},"author":1,"featured_media":13658,"comment_status":"open","ping_status":"open","sticky":false,"template":"","format":"standard","meta":{"footnotes":""},"categories":[2],"tags":[1136],"class_list":["post-13645","post","type-post","status-publish","format-standard","has-post-thumbnail","hentry","category-schlager","tag-anna-valerian","wpcat-2-id"],"_links":{"self":[{"href":"https:\/\/bergers-schlagerparadies.de\/index.php?rest_route=\/wp\/v2\/posts\/13645","targetHints":{"allow":["GET"]}}],"collection":[{"href":"https:\/\/bergers-schlagerparadies.de\/index.php?rest_route=\/wp\/v2\/posts"}],"about":[{"href":"https:\/\/bergers-schlagerparadies.de\/index.php?rest_route=\/wp\/v2\/types\/post"}],"author":[{"embeddable":true,"href":"https:\/\/bergers-schlagerparadies.de\/index.php?rest_route=\/wp\/v2\/users\/1"}],"replies":[{"embeddable":true,"href":"https:\/\/bergers-schlagerparadies.de\/index.php?rest_route=%2Fwp%2Fv2%2Fcomments&post=13645"}],"version-history":[{"count":3,"href":"https:\/\/bergers-schlagerparadies.de\/index.php?rest_route=\/wp\/v2\/posts\/13645\/revisions"}],"predecessor-version":[{"id":13660,"href":"https:\/\/bergers-schlagerparadies.de\/index.php?rest_route=\/wp\/v2\/posts\/13645\/revisions\/13660"}],"wp:featuredmedia":[{"embeddable":true,"href":"https:\/\/bergers-schlagerparadies.de\/index.php?rest_route=\/wp\/v2\/media\/13658"}],"wp:attachment":[{"href":"https:\/\/bergers-schlagerparadies.de\/index.php?rest_route=%2Fwp%2Fv2%2Fmedia&parent=13645"}],"wp:term":[{"taxonomy":"category","embeddable":true,"href":"https:\/\/bergers-schlagerparadies.de\/index.php?rest_route=%2Fwp%2Fv2%2Fcategories&post=13645"},{"taxonomy":"post_tag","embeddable":true,"href":"https:\/\/bergers-schlagerparadies.de\/index.php?rest_route=%2Fwp%2Fv2%2Ftags&post=13645"}],"curies":[{"name":"wp","href":"https:\/\/api.w.org\/{rel}","templated":true}]}}