{"id":13634,"date":"2022-10-31T10:30:13","date_gmt":"2022-10-31T09:30:13","guid":{"rendered":"http:\/\/bergers-schlagerparadies.de\/?p=13634"},"modified":"2022-10-21T10:10:38","modified_gmt":"2022-10-21T08:10:38","slug":"maibritt-von-gruendorf-nichts-ist-groesser-als-wir-%c2%b7-bergers-schlagerparadies","status":"publish","type":"post","link":"https:\/\/bergers-schlagerparadies.de\/?p=13634","title":{"rendered":"Maibritt &#038; Von Gr\u00fcndorf &#8211; Nichts ist gr\u00f6\u00dfer als Wir \u00b7 Berger\u00b4s Schlagerparadies"},"content":{"rendered":"<p><img loading=\"lazy\" decoding=\"async\" class=\"size-medium wp-image-13638 alignleft\" src=\"https:\/\/bergers-schlagerparadies.de\/wp-content\/uploads\/2022\/10\/Maibritt-Von-Gruendorf-Nichts-ist-groesser-als-Wir-300x300.jpg\" alt=\"\" width=\"300\" height=\"300\" srcset=\"https:\/\/bergers-schlagerparadies.de\/wp-content\/uploads\/2022\/10\/Maibritt-Von-Gruendorf-Nichts-ist-groesser-als-Wir-300x300.jpg 300w, https:\/\/bergers-schlagerparadies.de\/wp-content\/uploads\/2022\/10\/Maibritt-Von-Gruendorf-Nichts-ist-groesser-als-Wir-1024x1024.jpg 1024w, https:\/\/bergers-schlagerparadies.de\/wp-content\/uploads\/2022\/10\/Maibritt-Von-Gruendorf-Nichts-ist-groesser-als-Wir-150x150.jpg 150w, https:\/\/bergers-schlagerparadies.de\/wp-content\/uploads\/2022\/10\/Maibritt-Von-Gruendorf-Nichts-ist-groesser-als-Wir-768x768.jpg 768w, https:\/\/bergers-schlagerparadies.de\/wp-content\/uploads\/2022\/10\/Maibritt-Von-Gruendorf-Nichts-ist-groesser-als-Wir.jpg 1200w, https:\/\/bergers-schlagerparadies.de\/wp-content\/uploads\/2022\/10\/Maibritt-Von-Gruendorf-Nichts-ist-groesser-als-Wir-1188x1188.jpg 1188w, https:\/\/bergers-schlagerparadies.de\/wp-content\/uploads\/2022\/10\/Maibritt-Von-Gruendorf-Nichts-ist-groesser-als-Wir-100x100.jpg 100w\" sizes=\"auto, (max-width: 300px) 100vw, 300px\" \/>Geballte Schlagerpower aus \u00d6sterreich im Duett!<\/p>\n<p>Gegens\u00e4tze ziehen sich an! Diesem Umstand zufolge tragen der wohl bekannte &#8222;Schlagerstar sowie Udo J\u00fcrgens-Interpret&#8220; Von Gr\u00fcndorf und Maibritt \u201eDie Stimme aus dem Marchfeld\u201c Rechnung, denn die beiden haben sich nun f\u00fcr ein musikalisches Duett zusammengefunden.<br \/>\n\u201eNichts ist gr\u00f6\u00dfer als Wir\u201c, so hei\u00dft der gemeinsame Titel, der bereits am 5. November 2022 in Stockerau seine Live-Premiere feiert. Von Gr\u00fcndorf der weit \u00fcber die Landesgrenzen gro\u00dfe Bekanntheit und Beliebtheit genie\u00dft, pr\u00e4sentiert in der bekannten Gasthuber\u2019s B\u00fchne, im Rahmen seiner legend\u00e4ren Udo J\u00fcrgens bis Roland Kaiser-Show, erstmals den neuen Song mit Neo-Duett-Partnerin Maibritt.<br \/>\nDie beiden singen in diesem Song von einer beginnenden gro\u00dfen Liebe mit tiefgehenden Textpassagen, wie z.B.: \u201edenn zwischen uns da f\u00e4ngt was Gro\u00dfes an\u201c. Es ist ein herrlicher Schlager mit herzerw\u00e4rmenden Botschaften der Zweisamkeit, die im Leben gemeinsam alles schaffen lassen.<br \/>\nProduziert wurde der Titel von keinem geringeren als Schlagerproduzenten-Ikone Christian Zierhofer, der bereits mit K\u00fcnstlern wie Andy Borg, Marc Pircher, Nino de Angelo, den Nockis uvm. zusammengearbeitet hat.<br \/>\nDuett-Partnerin Maibritt gewann letztes Jahr im Hamburger Volksparkstadion das gro\u00dfe RTL-Casting zur Auswahl des weiblichen Parts des Euro-Latin-Pop-Duos \u201ePachanta\u201c. Nach Beendigung dieses Projektes setzt sie nun ihren Weg im Genre des Schlagers weiter fort. \u201eIch freue mich sehr \u00fcber die Einladung zum gemeinsamen Song-Projekt von meinem Musikerkollegen Von Gr\u00fcndorf&#8220;, erg\u00e4nzt Maibritt.<br \/>\nWas unterscheidet nun die beiden S\u00e4nger voneinander. Sofort erkennbar ist der gro\u00dfe Altersunterschied. Von Gr\u00fcndorf lachend: \u201eMaibritt k\u00f6nnte ja theoretisch meine Tochter sein. Aber nein \u2013 mit dem Song wollten wir bewusst ein Zeichen setzen. Ob jung oder alt, Amors Pfeil kann jeden treffen, denn die Liebe kennt keine Grenzen, auch nicht, wenn es um das Alter geht,\u201c so der gl\u00fccklich verheiratete Von Gr\u00fcndorf.<br \/>\nMaibritt und Von Gr\u00fcndorf w\u00fcnschen sich f\u00fcr diesen vielversprechenden Titel \u201eNichts ist gr\u00f6\u00dfer als Wir\u201c, den gr\u00f6\u00dftm\u00f6glichen Erfolg und das der Song beim Publikum zur bleibenden \u201eGr\u00f6\u00dfe\u201c in der Beliebtheitsskala wird.<\/p>\n<p><span style=\"color: #800000;\"><strong>Quelle: Stella musica<\/strong><\/span><\/p>\n<p><span style=\"color: #800000;\"><strong>Dieser Song ist ab dem 04.11.2022 in allen bekannten Onlineshops erh\u00e4ltlich!<\/strong><\/span><\/p>\n<p><span style=\"color: #800000;\"><strong>Airdate (f\u00fcr Radiosender): 04.11.2022<\/strong><\/span><\/p>\n","protected":false},"excerpt":{"rendered":"<p>Geballte Schlagerpower aus \u00d6sterreich im Duett! Gegens\u00e4tze ziehen sich an! Diesem Umstand zufolge tragen der wohl bekannte &#8222;Schlagerstar sowie Udo J\u00fcrgens-Interpret&#8220; Von Gr\u00fcndorf und Maibritt \u201eDie Stimme aus dem Marchfeld\u201c Rechnung, denn die beiden haben sich nun f\u00fcr ein musikalisches Duett zusammengefunden. \u201eNichts ist gr\u00f6\u00dfer als Wir\u201c, so hei\u00dft der gemeinsame Titel, der bereits am 5. November 2022 in Stockerau seine Live-Premiere feiert. Von Gr\u00fcndorf der weit \u00fcber die Landesgrenzen gro\u00dfe Bekanntheit und Beliebtheit genie\u00dft, pr\u00e4sentiert in der bekannten Gasthuber\u2019s B\u00fchne, im Rahmen seiner legend\u00e4ren Udo J\u00fcrgens bis Roland Kaiser-Show, erstmals den neuen Song mit Neo-Duett-Partnerin Maibritt. Die beiden singen in diesem Song von einer&#8230;<\/p>\n","protected":false},"author":1,"featured_media":13638,"comment_status":"open","ping_status":"open","sticky":false,"template":"","format":"standard","meta":{"footnotes":""},"categories":[2],"tags":[1494],"class_list":["post-13634","post","type-post","status-publish","format-standard","has-post-thumbnail","hentry","category-schlager","tag-maibritt-von-gruendorf","wpcat-2-id"],"_links":{"self":[{"href":"https:\/\/bergers-schlagerparadies.de\/index.php?rest_route=\/wp\/v2\/posts\/13634","targetHints":{"allow":["GET"]}}],"collection":[{"href":"https:\/\/bergers-schlagerparadies.de\/index.php?rest_route=\/wp\/v2\/posts"}],"about":[{"href":"https:\/\/bergers-schlagerparadies.de\/index.php?rest_route=\/wp\/v2\/types\/post"}],"author":[{"embeddable":true,"href":"https:\/\/bergers-schlagerparadies.de\/index.php?rest_route=\/wp\/v2\/users\/1"}],"replies":[{"embeddable":true,"href":"https:\/\/bergers-schlagerparadies.de\/index.php?rest_route=%2Fwp%2Fv2%2Fcomments&post=13634"}],"version-history":[{"count":1,"href":"https:\/\/bergers-schlagerparadies.de\/index.php?rest_route=\/wp\/v2\/posts\/13634\/revisions"}],"predecessor-version":[{"id":13640,"href":"https:\/\/bergers-schlagerparadies.de\/index.php?rest_route=\/wp\/v2\/posts\/13634\/revisions\/13640"}],"wp:featuredmedia":[{"embeddable":true,"href":"https:\/\/bergers-schlagerparadies.de\/index.php?rest_route=\/wp\/v2\/media\/13638"}],"wp:attachment":[{"href":"https:\/\/bergers-schlagerparadies.de\/index.php?rest_route=%2Fwp%2Fv2%2Fmedia&parent=13634"}],"wp:term":[{"taxonomy":"category","embeddable":true,"href":"https:\/\/bergers-schlagerparadies.de\/index.php?rest_route=%2Fwp%2Fv2%2Fcategories&post=13634"},{"taxonomy":"post_tag","embeddable":true,"href":"https:\/\/bergers-schlagerparadies.de\/index.php?rest_route=%2Fwp%2Fv2%2Ftags&post=13634"}],"curies":[{"name":"wp","href":"https:\/\/api.w.org\/{rel}","templated":true}]}}