{"id":13412,"date":"2022-10-10T10:30:41","date_gmt":"2022-10-10T08:30:41","guid":{"rendered":"http:\/\/bergers-schlagerparadies.de\/?p=13412"},"modified":"2022-10-09T18:50:19","modified_gmt":"2022-10-09T16:50:19","slug":"sascha-lange-wenn-alle-stricke-reissen-%c2%b7-bergers-schlagerparadies","status":"publish","type":"post","link":"https:\/\/bergers-schlagerparadies.de\/?p=13412","title":{"rendered":"Sascha Lange &#8211; Wenn alle Stricke reissen \u00b7 Berger\u00b4s Schlagerparadies"},"content":{"rendered":"<p><img loading=\"lazy\" decoding=\"async\" class=\"size-medium wp-image-13411 alignleft\" src=\"https:\/\/bergers-schlagerparadies.de\/wp-content\/uploads\/2022\/10\/Sascha-Lange-Wenn-alle-Stricke-reissen-300x300.jpg\" alt=\"\" width=\"300\" height=\"300\" srcset=\"https:\/\/bergers-schlagerparadies.de\/wp-content\/uploads\/2022\/10\/Sascha-Lange-Wenn-alle-Stricke-reissen-300x300.jpg 300w, https:\/\/bergers-schlagerparadies.de\/wp-content\/uploads\/2022\/10\/Sascha-Lange-Wenn-alle-Stricke-reissen-150x150.jpg 150w, https:\/\/bergers-schlagerparadies.de\/wp-content\/uploads\/2022\/10\/Sascha-Lange-Wenn-alle-Stricke-reissen-768x768.jpg 768w, https:\/\/bergers-schlagerparadies.de\/wp-content\/uploads\/2022\/10\/Sascha-Lange-Wenn-alle-Stricke-reissen-100x100.jpg 100w, https:\/\/bergers-schlagerparadies.de\/wp-content\/uploads\/2022\/10\/Sascha-Lange-Wenn-alle-Stricke-reissen.jpg 800w\" sizes=\"auto, (max-width: 300px) 100vw, 300px\" \/>Gesangstalent Sascha Lange aus \u00dcbach-Palenberg (Kreis Heinsberg) ver\u00f6ffentlicht seine erste Single, eine Coverversion des Hits \u201eWenn alle Stricke rei\u00dfen\u201c von Michael Wendler.<\/p>\n<p>Der 34-J\u00e4hrige arbeitet mit Produzent Antonio Gomez zusammen, der ihn nun dabei unterst\u00fctzt, seine musikalischen Zukunftspl\u00e4ne zu verwirklichen. Lange singt seit seinem 15. Lebensjahr vor Publikum und hat bereits erste erfolgreiche Auftritte absolviert.<\/p>\n<p>&nbsp;<\/p>\n<p>&nbsp;<\/p>\n<p>&nbsp;<\/p>\n<p><span style=\"color: #800000;\"><strong>Quelle: Fiesta Records<\/strong><\/span><\/p>\n<p><span style=\"color: #800000;\"><strong>Dieser Song ist ab dem 14.10.2022 in allen bekannten Onlineshops erh\u00e4ltlich!<\/strong><\/span><\/p>\n<p><span style=\"color: #800000;\"><strong>Airdate (f\u00fcr Radiosender): 07.10.2022<\/strong><\/span><\/p>\n","protected":false},"excerpt":{"rendered":"<p>Gesangstalent Sascha Lange aus \u00dcbach-Palenberg (Kreis Heinsberg) ver\u00f6ffentlicht seine erste Single, eine Coverversion des Hits \u201eWenn alle Stricke rei\u00dfen\u201c von Michael Wendler. Der 34-J\u00e4hrige arbeitet mit Produzent Antonio Gomez zusammen, der ihn nun dabei unterst\u00fctzt, seine musikalischen Zukunftspl\u00e4ne zu verwirklichen. Lange singt seit seinem 15. Lebensjahr vor Publikum und hat bereits erste erfolgreiche Auftritte absolviert. &nbsp; &nbsp; &nbsp; Quelle: Fiesta Records Dieser Song ist ab dem 14.10.2022 in allen bekannten Onlineshops erh\u00e4ltlich! Airdate (f\u00fcr Radiosender): 07.10.2022<\/p>\n","protected":false},"author":1,"featured_media":13411,"comment_status":"open","ping_status":"open","sticky":false,"template":"","format":"standard","meta":{"footnotes":""},"categories":[2],"tags":[1479],"class_list":["post-13412","post","type-post","status-publish","format-standard","has-post-thumbnail","hentry","category-schlager","tag-sascha-lange","wpcat-2-id"],"_links":{"self":[{"href":"https:\/\/bergers-schlagerparadies.de\/index.php?rest_route=\/wp\/v2\/posts\/13412","targetHints":{"allow":["GET"]}}],"collection":[{"href":"https:\/\/bergers-schlagerparadies.de\/index.php?rest_route=\/wp\/v2\/posts"}],"about":[{"href":"https:\/\/bergers-schlagerparadies.de\/index.php?rest_route=\/wp\/v2\/types\/post"}],"author":[{"embeddable":true,"href":"https:\/\/bergers-schlagerparadies.de\/index.php?rest_route=\/wp\/v2\/users\/1"}],"replies":[{"embeddable":true,"href":"https:\/\/bergers-schlagerparadies.de\/index.php?rest_route=%2Fwp%2Fv2%2Fcomments&post=13412"}],"version-history":[{"count":1,"href":"https:\/\/bergers-schlagerparadies.de\/index.php?rest_route=\/wp\/v2\/posts\/13412\/revisions"}],"predecessor-version":[{"id":13415,"href":"https:\/\/bergers-schlagerparadies.de\/index.php?rest_route=\/wp\/v2\/posts\/13412\/revisions\/13415"}],"wp:featuredmedia":[{"embeddable":true,"href":"https:\/\/bergers-schlagerparadies.de\/index.php?rest_route=\/wp\/v2\/media\/13411"}],"wp:attachment":[{"href":"https:\/\/bergers-schlagerparadies.de\/index.php?rest_route=%2Fwp%2Fv2%2Fmedia&parent=13412"}],"wp:term":[{"taxonomy":"category","embeddable":true,"href":"https:\/\/bergers-schlagerparadies.de\/index.php?rest_route=%2Fwp%2Fv2%2Fcategories&post=13412"},{"taxonomy":"post_tag","embeddable":true,"href":"https:\/\/bergers-schlagerparadies.de\/index.php?rest_route=%2Fwp%2Fv2%2Ftags&post=13412"}],"curies":[{"name":"wp","href":"https:\/\/api.w.org\/{rel}","templated":true}]}}