{"id":13386,"date":"2022-10-07T14:57:31","date_gmt":"2022-10-07T12:57:31","guid":{"rendered":"http:\/\/bergers-schlagerparadies.de\/?p=13386"},"modified":"2022-10-07T14:57:31","modified_gmt":"2022-10-07T12:57:31","slug":"karsten-walter-verdammt-ich-weiss-%c2%b7-bergers-schlagerparadies","status":"publish","type":"post","link":"https:\/\/bergers-schlagerparadies.de\/?p=13386","title":{"rendered":"Karsten Walter &#8211; Verdammt, ich wei\u00df \u00b7 Berger\u00b4s Schlagerparadies"},"content":{"rendered":"<p><img loading=\"lazy\" decoding=\"async\" class=\"size-medium wp-image-13388 alignleft\" src=\"https:\/\/bergers-schlagerparadies.de\/wp-content\/uploads\/2022\/10\/Karsten-Walter-Verdammt-ich-weiss-300x300.jpg\" alt=\"\" width=\"300\" height=\"300\" srcset=\"https:\/\/bergers-schlagerparadies.de\/wp-content\/uploads\/2022\/10\/Karsten-Walter-Verdammt-ich-weiss-300x300.jpg 300w, https:\/\/bergers-schlagerparadies.de\/wp-content\/uploads\/2022\/10\/Karsten-Walter-Verdammt-ich-weiss-1024x1024.jpg 1024w, https:\/\/bergers-schlagerparadies.de\/wp-content\/uploads\/2022\/10\/Karsten-Walter-Verdammt-ich-weiss-150x150.jpg 150w, https:\/\/bergers-schlagerparadies.de\/wp-content\/uploads\/2022\/10\/Karsten-Walter-Verdammt-ich-weiss-768x768.jpg 768w, https:\/\/bergers-schlagerparadies.de\/wp-content\/uploads\/2022\/10\/Karsten-Walter-Verdammt-ich-weiss.jpg 1200w, https:\/\/bergers-schlagerparadies.de\/wp-content\/uploads\/2022\/10\/Karsten-Walter-Verdammt-ich-weiss-1188x1188.jpg 1188w, https:\/\/bergers-schlagerparadies.de\/wp-content\/uploads\/2022\/10\/Karsten-Walter-Verdammt-ich-weiss-100x100.jpg 100w\" sizes=\"auto, (max-width: 300px) 100vw, 300px\" \/>Diese neue Single ist verteufelt hei\u00df!<br \/>\nKarsten Walter beweist mit \u201eVerdammt, ich wei\u00df\u201c (V\u00d6: 07.10.), dass es nach seiner erfolgreichen Zeit mit der Band Feuerherz mehr denn je in ihm brodelt. Mit Charisma, \u00c4sthetik und einem mitrei\u00dfenden Showtalent gesegnet, hat er sich l\u00e4ngst als Solok\u00fcnstler etabliert. Sein aktuelles Deb\u00fctalbum \u201eKomm n\u00e4her\u201c erstrahlt seit der Ver\u00f6ffentlichung im Sommer wie ein Feuerwerk der gro\u00dfen Gef\u00fchle am Popschlager-Himmel. Darauf enthalten ist auch Karstens neueste Singleauskopplung.<br \/>\nKarsten setzt seinen musikalischen Weg konsequent fort und pr\u00e4sentiert sich so, wie ihn seine Fans ins Herz geschlossen haben: hautnah und energiegeladen zugleich. \u201eVerdammt, ich wei\u00df\u201c ist ein Ohrwurm par excellence \u2013 getragen von Lyrics, die Erinnerungen an das erste Date und jene unvergesslichen Momente wecken, in denen wir \u201egetan haben, was man nicht tut\u201c. Verdammt, ich wei\u00df. Verteufelt hei\u00df. Und meine Tr\u00e4ume drehen sich im Kreis.<br \/>\nViele seiner pers\u00f6nlichen Tr\u00e4ume hat der S\u00e4nger bereits verwirklichen k\u00f6nnen, doch Karsten Walter will mehr. Mehr von der N\u00e4he zu seinem Publikum. Mehr gemeinsame Dates in den Arenen. Noch mehr echte Emotionen.<br \/>\nSeite an Seite mit seiner Lebenspartnerin Martina Marx ver\u00f6ffentlichte der Wahl-Berliner bereits zwei gefeierte Duette \u2013 den Power-Track \u201eFahr zur H\u00f6lle\u201c und \u201eLass die anderen reden\u201c, ein klares Statement des Schlager-Paares gegen Hasskommentare. Auf Solopfaden konnte er mit Titeln wie \u201eKomm n\u00e4her (Rhythm Of The Night)\u201c oder \u201eZeig mir was Liebe ist (Show Me Love)\u201c gl\u00e4nzen und an seine glorreiche Feuerherz-\u00c4ra (mehr als 30 Mio. Streams, 28 Mio. YouTube-Klicks, 3 Top Ten Alben in Folge!) ankn\u00fcpfen.<br \/>\nKarsten Walter hat seinen eigenen Rhythmus gefunden und dem modernen Popschlager inzwischen seinen Stempel aufgedr\u00fcckt. Mit \u201eVerdammt, ich wei\u00df\u201c taucht er erneut in das \u201eBad der gro\u00dfen Gef\u00fchle\u201c ein. Und verdammt, er wei\u00df, dass er davon nie genug bekommen kann &#8230;<br \/>\nPl\u00f6tzlich stehe ich vor deiner T\u00fcr. Pl\u00f6tzlich stehst du ganz nah vor mir. Und pl\u00f6tzlich ist dieser Kuss schon wieder passiert.<\/p>\n<p><span style=\"color: #800000;\"><strong>Quelle: ELE\/ Electrola<\/strong><\/span><\/p>\n<p><span style=\"color: #800000;\"><strong>Dieser Song ist ab dem 07.10.2022 in allen bekannten Onlineshops erh\u00e4ltlich!<\/strong><\/span><\/p>\n<p><span style=\"color: #800000;\"><strong>Airdate (f\u00fcr Radiosender): 07.10.2022<\/strong><\/span><\/p>\n","protected":false},"excerpt":{"rendered":"<p>Diese neue Single ist verteufelt hei\u00df! Karsten Walter beweist mit \u201eVerdammt, ich wei\u00df\u201c (V\u00d6: 07.10.), dass es nach seiner erfolgreichen Zeit mit der Band Feuerherz mehr denn je in ihm brodelt. Mit Charisma, \u00c4sthetik und einem mitrei\u00dfenden Showtalent gesegnet, hat er sich l\u00e4ngst als Solok\u00fcnstler etabliert. Sein aktuelles Deb\u00fctalbum \u201eKomm n\u00e4her\u201c erstrahlt seit der Ver\u00f6ffentlichung im Sommer wie ein Feuerwerk der gro\u00dfen Gef\u00fchle am Popschlager-Himmel. Darauf enthalten ist auch Karstens neueste Singleauskopplung. Karsten setzt seinen musikalischen Weg konsequent fort und pr\u00e4sentiert sich so, wie ihn seine Fans ins Herz geschlossen haben: hautnah und energiegeladen zugleich. \u201eVerdammt, ich wei\u00df\u201c ist ein Ohrwurm par excellence \u2013 getragen&#8230;<\/p>\n","protected":false},"author":1,"featured_media":13388,"comment_status":"open","ping_status":"open","sticky":false,"template":"","format":"standard","meta":{"footnotes":""},"categories":[2],"tags":[753],"class_list":["post-13386","post","type-post","status-publish","format-standard","has-post-thumbnail","hentry","category-schlager","tag-karsten-walter","wpcat-2-id"],"_links":{"self":[{"href":"https:\/\/bergers-schlagerparadies.de\/index.php?rest_route=\/wp\/v2\/posts\/13386","targetHints":{"allow":["GET"]}}],"collection":[{"href":"https:\/\/bergers-schlagerparadies.de\/index.php?rest_route=\/wp\/v2\/posts"}],"about":[{"href":"https:\/\/bergers-schlagerparadies.de\/index.php?rest_route=\/wp\/v2\/types\/post"}],"author":[{"embeddable":true,"href":"https:\/\/bergers-schlagerparadies.de\/index.php?rest_route=\/wp\/v2\/users\/1"}],"replies":[{"embeddable":true,"href":"https:\/\/bergers-schlagerparadies.de\/index.php?rest_route=%2Fwp%2Fv2%2Fcomments&post=13386"}],"version-history":[{"count":1,"href":"https:\/\/bergers-schlagerparadies.de\/index.php?rest_route=\/wp\/v2\/posts\/13386\/revisions"}],"predecessor-version":[{"id":13389,"href":"https:\/\/bergers-schlagerparadies.de\/index.php?rest_route=\/wp\/v2\/posts\/13386\/revisions\/13389"}],"wp:featuredmedia":[{"embeddable":true,"href":"https:\/\/bergers-schlagerparadies.de\/index.php?rest_route=\/wp\/v2\/media\/13388"}],"wp:attachment":[{"href":"https:\/\/bergers-schlagerparadies.de\/index.php?rest_route=%2Fwp%2Fv2%2Fmedia&parent=13386"}],"wp:term":[{"taxonomy":"category","embeddable":true,"href":"https:\/\/bergers-schlagerparadies.de\/index.php?rest_route=%2Fwp%2Fv2%2Fcategories&post=13386"},{"taxonomy":"post_tag","embeddable":true,"href":"https:\/\/bergers-schlagerparadies.de\/index.php?rest_route=%2Fwp%2Fv2%2Ftags&post=13386"}],"curies":[{"name":"wp","href":"https:\/\/api.w.org\/{rel}","templated":true}]}}