{"id":13262,"date":"2022-10-03T10:30:51","date_gmt":"2022-10-03T08:30:51","guid":{"rendered":"http:\/\/bergers-schlagerparadies.de\/?p=13262"},"modified":"2022-10-03T12:39:34","modified_gmt":"2022-10-03T10:39:34","slug":"sarah-carina-das-ist-unsere-nacht-%c2%b7-bergers-schlagerparadies","status":"publish","type":"post","link":"https:\/\/bergers-schlagerparadies.de\/?p=13262","title":{"rendered":"Sarah Carina &#8211; Das ist unsere Nacht \u00b7 Berger\u00b4s Schlagerparadies"},"content":{"rendered":"<p><img loading=\"lazy\" decoding=\"async\" class=\"size-medium wp-image-13264 alignleft\" src=\"https:\/\/bergers-schlagerparadies.de\/wp-content\/uploads\/2022\/10\/Sarah-Carina-Das-ist-unsere-Nacht-300x300.jpg\" alt=\"\" width=\"300\" height=\"300\" srcset=\"https:\/\/bergers-schlagerparadies.de\/wp-content\/uploads\/2022\/10\/Sarah-Carina-Das-ist-unsere-Nacht-300x300.jpg 300w, https:\/\/bergers-schlagerparadies.de\/wp-content\/uploads\/2022\/10\/Sarah-Carina-Das-ist-unsere-Nacht-1024x1024.jpg 1024w, https:\/\/bergers-schlagerparadies.de\/wp-content\/uploads\/2022\/10\/Sarah-Carina-Das-ist-unsere-Nacht-150x150.jpg 150w, https:\/\/bergers-schlagerparadies.de\/wp-content\/uploads\/2022\/10\/Sarah-Carina-Das-ist-unsere-Nacht-768x768.jpg 768w, https:\/\/bergers-schlagerparadies.de\/wp-content\/uploads\/2022\/10\/Sarah-Carina-Das-ist-unsere-Nacht-1536x1536.jpg 1536w, https:\/\/bergers-schlagerparadies.de\/wp-content\/uploads\/2022\/10\/Sarah-Carina-Das-ist-unsere-Nacht-2048x2048.jpg 2048w, https:\/\/bergers-schlagerparadies.de\/wp-content\/uploads\/2022\/10\/Sarah-Carina-Das-ist-unsere-Nacht-1200x1200.jpg 1200w, https:\/\/bergers-schlagerparadies.de\/wp-content\/uploads\/2022\/10\/Sarah-Carina-Das-ist-unsere-Nacht-1188x1188.jpg 1188w, https:\/\/bergers-schlagerparadies.de\/wp-content\/uploads\/2022\/10\/Sarah-Carina-Das-ist-unsere-Nacht-100x100.jpg 100w, https:\/\/bergers-schlagerparadies.de\/wp-content\/uploads\/2022\/10\/Sarah-Carina-Das-ist-unsere-Nacht-1320x1320.jpg 1320w\" sizes=\"auto, (max-width: 300px) 100vw, 300px\" \/>Sarah Carina pr\u00e4sentiert ihren neuen Song \u201eDas ist unsere Nacht\u201c Mit ihrer unverwechselbaren Stimme beschreibt sie in dem Song die perfekte Nacht. Es ist ein Wunder, wie Gef\u00fchle sich durch eine Nacht ver\u00e4ndern k\u00f6nnen, wenn man sie zul\u00e4sst.<\/p>\n<p>Der Text stammt aus der Feder von Annette Schwarz und der passende Sound wurde von Rod Berry produziert.<\/p>\n<p>\u201eDas ist unsere Nacht\u201c ist ein tanzbarer Diskofox und ist in 3 Versionen verf\u00fcgbar.<br \/>\nRadio-, DJ- und Extended Version. So ist mit Sicherheit f\u00fcr jeden der passende Mix dabei.<\/p>\n<p>&nbsp;<\/p>\n<p><span style=\"color: #800000;\"><strong>Quelle: Fiesta Records<\/strong><\/span><\/p>\n<p><span style=\"color: #800000;\"><strong>Dieser Song ist ab dem 16.09.2022 in allen bekannten Onlineshops erh\u00e4ltlich!<\/strong><\/span><\/p>\n<p><span style=\"color: #800000;\"><strong>Airdate (f\u00fcr Radiosender): 23.09.2022<\/strong><\/span><\/p>\n","protected":false},"excerpt":{"rendered":"<p>Sarah Carina pr\u00e4sentiert ihren neuen Song \u201eDas ist unsere Nacht\u201c Mit ihrer unverwechselbaren Stimme beschreibt sie in dem Song die perfekte Nacht. Es ist ein Wunder, wie Gef\u00fchle sich durch eine Nacht ver\u00e4ndern k\u00f6nnen, wenn man sie zul\u00e4sst. Der Text stammt aus der Feder von Annette Schwarz und der passende Sound wurde von Rod Berry produziert. \u201eDas ist unsere Nacht\u201c ist ein tanzbarer Diskofox und ist in 3 Versionen verf\u00fcgbar. Radio-, DJ- und Extended Version. So ist mit Sicherheit f\u00fcr jeden der passende Mix dabei. &nbsp; Quelle: Fiesta Records Dieser Song ist ab dem 16.09.2022 in allen bekannten Onlineshops erh\u00e4ltlich! Airdate (f\u00fcr Radiosender): 23.09.2022<\/p>\n","protected":false},"author":1,"featured_media":13264,"comment_status":"open","ping_status":"open","sticky":false,"template":"","format":"standard","meta":{"footnotes":""},"categories":[2],"tags":[219],"class_list":["post-13262","post","type-post","status-publish","format-standard","has-post-thumbnail","hentry","category-schlager","tag-sarah-carina","wpcat-2-id"],"_links":{"self":[{"href":"https:\/\/bergers-schlagerparadies.de\/index.php?rest_route=\/wp\/v2\/posts\/13262","targetHints":{"allow":["GET"]}}],"collection":[{"href":"https:\/\/bergers-schlagerparadies.de\/index.php?rest_route=\/wp\/v2\/posts"}],"about":[{"href":"https:\/\/bergers-schlagerparadies.de\/index.php?rest_route=\/wp\/v2\/types\/post"}],"author":[{"embeddable":true,"href":"https:\/\/bergers-schlagerparadies.de\/index.php?rest_route=\/wp\/v2\/users\/1"}],"replies":[{"embeddable":true,"href":"https:\/\/bergers-schlagerparadies.de\/index.php?rest_route=%2Fwp%2Fv2%2Fcomments&post=13262"}],"version-history":[{"count":1,"href":"https:\/\/bergers-schlagerparadies.de\/index.php?rest_route=\/wp\/v2\/posts\/13262\/revisions"}],"predecessor-version":[{"id":13265,"href":"https:\/\/bergers-schlagerparadies.de\/index.php?rest_route=\/wp\/v2\/posts\/13262\/revisions\/13265"}],"wp:featuredmedia":[{"embeddable":true,"href":"https:\/\/bergers-schlagerparadies.de\/index.php?rest_route=\/wp\/v2\/media\/13264"}],"wp:attachment":[{"href":"https:\/\/bergers-schlagerparadies.de\/index.php?rest_route=%2Fwp%2Fv2%2Fmedia&parent=13262"}],"wp:term":[{"taxonomy":"category","embeddable":true,"href":"https:\/\/bergers-schlagerparadies.de\/index.php?rest_route=%2Fwp%2Fv2%2Fcategories&post=13262"},{"taxonomy":"post_tag","embeddable":true,"href":"https:\/\/bergers-schlagerparadies.de\/index.php?rest_route=%2Fwp%2Fv2%2Ftags&post=13262"}],"curies":[{"name":"wp","href":"https:\/\/api.w.org\/{rel}","templated":true}]}}