{"id":13205,"date":"2022-10-03T10:30:02","date_gmt":"2022-10-03T08:30:02","guid":{"rendered":"http:\/\/bergers-schlagerparadies.de\/?p=13205"},"modified":"2022-09-30T14:41:53","modified_gmt":"2022-09-30T12:41:53","slug":"uwe-busse-der-teufel-trug-chanel-%c2%b7-bergers-schlagerparadies","status":"publish","type":"post","link":"https:\/\/bergers-schlagerparadies.de\/?p=13205","title":{"rendered":"Uwe Busse &#8211; Der Teufel trug Chanel \u00b7 Berger\u00b4s Schlagerparadies"},"content":{"rendered":"<p><img loading=\"lazy\" decoding=\"async\" class=\"size-medium wp-image-13207 alignleft\" src=\"https:\/\/bergers-schlagerparadies.de\/wp-content\/uploads\/2022\/09\/Uwe-Busse-Der-Teufel-trug-Chanel-300x300.jpg\" alt=\"\" width=\"300\" height=\"300\" srcset=\"https:\/\/bergers-schlagerparadies.de\/wp-content\/uploads\/2022\/09\/Uwe-Busse-Der-Teufel-trug-Chanel-300x300.jpg 300w, https:\/\/bergers-schlagerparadies.de\/wp-content\/uploads\/2022\/09\/Uwe-Busse-Der-Teufel-trug-Chanel-1024x1024.jpg 1024w, https:\/\/bergers-schlagerparadies.de\/wp-content\/uploads\/2022\/09\/Uwe-Busse-Der-Teufel-trug-Chanel-150x150.jpg 150w, https:\/\/bergers-schlagerparadies.de\/wp-content\/uploads\/2022\/09\/Uwe-Busse-Der-Teufel-trug-Chanel-768x768.jpg 768w, https:\/\/bergers-schlagerparadies.de\/wp-content\/uploads\/2022\/09\/Uwe-Busse-Der-Teufel-trug-Chanel-1200x1200.jpg 1200w, https:\/\/bergers-schlagerparadies.de\/wp-content\/uploads\/2022\/09\/Uwe-Busse-Der-Teufel-trug-Chanel-1188x1188.jpg 1188w, https:\/\/bergers-schlagerparadies.de\/wp-content\/uploads\/2022\/09\/Uwe-Busse-Der-Teufel-trug-Chanel-100x100.jpg 100w, https:\/\/bergers-schlagerparadies.de\/wp-content\/uploads\/2022\/09\/Uwe-Busse-Der-Teufel-trug-Chanel-1320x1320.jpg 1320w, https:\/\/bergers-schlagerparadies.de\/wp-content\/uploads\/2022\/09\/Uwe-Busse-Der-Teufel-trug-Chanel.jpg 1500w\" sizes=\"auto, (max-width: 300px) 100vw, 300px\" \/>Im Stile seiner gro\u00dfen Hits wie Sommer 76 oder Sieben S\u00fcnden hat der Musiker noch eine weitere prickelnde Story aus den \u201cwilden 70ern\u201d im Gep\u00e4ck. Der Teufel trug Chanel! Mit dieser Zeile<br \/>\nnimmt uns Uwe Busse mit, zur\u00fcck zu einer unvergesslichen Nacht, irgendwo in den 70ern. Eine prickelnde Begegnung eines jungen Mannes und einer taffen Frau, die genau wei\u00df was sie will. Doch erst am Morgen danach stellt sich heraus, dass die beiden m\u00f6glicherweise ihre \u201cAchte S\u00fcnde\u201d begangen haben k\u00f6nnten. Uwe Busse selbst l\u00e4sst offen, ob es sich bei dieser Story um eine \u201cwahre Begebenheit\u201d handelt.<\/p>\n<p>Mit \u201cDer Teufel trug Chanel \u201d pr\u00e4sentiert Uwe Busse einen eing\u00e4ngingen, sowie auch provokativen Party-Schlager, der auf jeden Dancefloor geh\u00f6rt und auf keiner Playlist fehlen darf.<br \/>\n\u201cDer Teufel trug Chanel!\u201d &#8211; ist Uwe Busses unmissverst\u00e4ndliche Message, mit der er wohl einen der st\u00e4rksten Party-Schlager ins digitale Rennen schickt.<br \/>\nProduziert hat Uwe Busse den Song zusammen mit Andre V\u00f6ller &#8211; und mit Henning Verlage (Unheilig) den Sound im Mastering auf \u201chochglanz poliert\u201d.<br \/>\nDer Teufel trug Chanel &#8211; Der Schlager Hit im Herbst!<br \/>\nerscheint am 07. 10.2022, weltweit digital \u00fcber den Big Ears Musikverlag (LC95796).<\/p>\n<p><span style=\"color: #800000;\"><strong>Quelle: Big Ears Musikverlag<\/strong><\/span><\/p>\n<p><span style=\"color: #800000;\"><strong>Dieser Song ist ab dem 07.10.2022 in allen bekannten Onlineshops erh\u00e4ltlich!<\/strong><\/span><\/p>\n<p><span style=\"color: #800000;\"><strong>Airdate (f\u00fcr Radiosender): 29.09.2022<\/strong><\/span><\/p>\n","protected":false},"excerpt":{"rendered":"<p>Im Stile seiner gro\u00dfen Hits wie Sommer 76 oder Sieben S\u00fcnden hat der Musiker noch eine weitere prickelnde Story aus den \u201cwilden 70ern\u201d im Gep\u00e4ck. Der Teufel trug Chanel! Mit dieser Zeile nimmt uns Uwe Busse mit, zur\u00fcck zu einer unvergesslichen Nacht, irgendwo in den 70ern. Eine prickelnde Begegnung eines jungen Mannes und einer taffen Frau, die genau wei\u00df was sie will. Doch erst am Morgen danach stellt sich heraus, dass die beiden m\u00f6glicherweise ihre \u201cAchte S\u00fcnde\u201d begangen haben k\u00f6nnten. Uwe Busse selbst l\u00e4sst offen, ob es sich bei dieser Story um eine \u201cwahre Begebenheit\u201d handelt. Mit \u201cDer Teufel trug Chanel \u201d pr\u00e4sentiert Uwe Busse&#8230;<\/p>\n","protected":false},"author":1,"featured_media":13207,"comment_status":"open","ping_status":"open","sticky":false,"template":"","format":"standard","meta":{"footnotes":""},"categories":[2],"tags":[1375],"class_list":["post-13205","post","type-post","status-publish","format-standard","has-post-thumbnail","hentry","category-schlager","tag-uwe-busse","wpcat-2-id"],"_links":{"self":[{"href":"https:\/\/bergers-schlagerparadies.de\/index.php?rest_route=\/wp\/v2\/posts\/13205","targetHints":{"allow":["GET"]}}],"collection":[{"href":"https:\/\/bergers-schlagerparadies.de\/index.php?rest_route=\/wp\/v2\/posts"}],"about":[{"href":"https:\/\/bergers-schlagerparadies.de\/index.php?rest_route=\/wp\/v2\/types\/post"}],"author":[{"embeddable":true,"href":"https:\/\/bergers-schlagerparadies.de\/index.php?rest_route=\/wp\/v2\/users\/1"}],"replies":[{"embeddable":true,"href":"https:\/\/bergers-schlagerparadies.de\/index.php?rest_route=%2Fwp%2Fv2%2Fcomments&post=13205"}],"version-history":[{"count":1,"href":"https:\/\/bergers-schlagerparadies.de\/index.php?rest_route=\/wp\/v2\/posts\/13205\/revisions"}],"predecessor-version":[{"id":13208,"href":"https:\/\/bergers-schlagerparadies.de\/index.php?rest_route=\/wp\/v2\/posts\/13205\/revisions\/13208"}],"wp:featuredmedia":[{"embeddable":true,"href":"https:\/\/bergers-schlagerparadies.de\/index.php?rest_route=\/wp\/v2\/media\/13207"}],"wp:attachment":[{"href":"https:\/\/bergers-schlagerparadies.de\/index.php?rest_route=%2Fwp%2Fv2%2Fmedia&parent=13205"}],"wp:term":[{"taxonomy":"category","embeddable":true,"href":"https:\/\/bergers-schlagerparadies.de\/index.php?rest_route=%2Fwp%2Fv2%2Fcategories&post=13205"},{"taxonomy":"post_tag","embeddable":true,"href":"https:\/\/bergers-schlagerparadies.de\/index.php?rest_route=%2Fwp%2Fv2%2Ftags&post=13205"}],"curies":[{"name":"wp","href":"https:\/\/api.w.org\/{rel}","templated":true}]}}