{"id":13118,"date":"2022-09-23T12:02:30","date_gmt":"2022-09-23T10:02:30","guid":{"rendered":"http:\/\/bergers-schlagerparadies.de\/?p=13118"},"modified":"2022-09-23T12:02:30","modified_gmt":"2022-09-23T10:02:30","slug":"olaf-berger-du-tu-dt-coverversion-von-umberto-tozzi-%c2%b7-bergers-schlagerparadies","status":"publish","type":"post","link":"https:\/\/bergers-schlagerparadies.de\/?p=13118","title":{"rendered":"Olaf Berger &#8211; Du (&#8222;Tu&#8220; dt. Coverversion von Umberto Tozzi) \u00b7 Berger\u00b4s Schlagerparadies"},"content":{"rendered":"<p><img loading=\"lazy\" decoding=\"async\" class=\"size-medium wp-image-13120 alignleft\" src=\"https:\/\/bergers-schlagerparadies.de\/wp-content\/uploads\/2022\/09\/Olaf-Berger-Du-300x300.jpg\" alt=\"\" width=\"300\" height=\"300\" srcset=\"https:\/\/bergers-schlagerparadies.de\/wp-content\/uploads\/2022\/09\/Olaf-Berger-Du-300x300.jpg 300w, https:\/\/bergers-schlagerparadies.de\/wp-content\/uploads\/2022\/09\/Olaf-Berger-Du-1024x1024.jpg 1024w, https:\/\/bergers-schlagerparadies.de\/wp-content\/uploads\/2022\/09\/Olaf-Berger-Du-150x150.jpg 150w, https:\/\/bergers-schlagerparadies.de\/wp-content\/uploads\/2022\/09\/Olaf-Berger-Du-768x768.jpg 768w, https:\/\/bergers-schlagerparadies.de\/wp-content\/uploads\/2022\/09\/Olaf-Berger-Du-1536x1536.jpg 1536w, https:\/\/bergers-schlagerparadies.de\/wp-content\/uploads\/2022\/09\/Olaf-Berger-Du-2048x2048.jpg 2048w, https:\/\/bergers-schlagerparadies.de\/wp-content\/uploads\/2022\/09\/Olaf-Berger-Du-1200x1200.jpg 1200w, https:\/\/bergers-schlagerparadies.de\/wp-content\/uploads\/2022\/09\/Olaf-Berger-Du-1188x1188.jpg 1188w, https:\/\/bergers-schlagerparadies.de\/wp-content\/uploads\/2022\/09\/Olaf-Berger-Du-100x100.jpg 100w, https:\/\/bergers-schlagerparadies.de\/wp-content\/uploads\/2022\/09\/Olaf-Berger-Du-1320x1320.jpg 1320w\" sizes=\"auto, (max-width: 300px) 100vw, 300px\" \/>Olaf Berger &#8211; Du (&#8222;Tu&#8220; deutsche Coverversion von Umberto Tozzi)<\/p>\n<p>Mit einer Jugendliebe wagt Olaf Berger den Neuanfang<\/p>\n<p>Es ist sch\u00f6n wie ein Traum \u2013 dieses kleine Paradies. Und so schnell ist es verloren. Gro\u00df ist die Reue \u2013 eine gute Entschuldigung muss her. F\u00fcr manche Fehltritte gibt es keine Entschuldigung \u2013 doch &#8211; Scusi! &#8211; mit \u201eDu\u201c ist Olaf Berger genauso eine Liebeserkl\u00e4rung gelungen, mit der er die Zeit zur\u00fcckdreht und den Zauber der Liebe neu beschw\u00f6rt. &#8222;Gerade mal 14 Jahre war ich alt, als der Song \u201eTu\u201c von Umberto Tozzi im Sommer 1978 die Hitlisten st\u00fcrmte\u201c. Mit dem aktuellen Radio-Mix \u201eDu\u201c sp\u00fcrt Olaf Berger in sich diesem Gef\u00fchl nach, das ihn dazu bewegte, eine deutsche Cover-Version des Italo-Evergreens aufzunehmen.<\/p>\n<p>\u201eBeim Open Air in Pula, mit dem Andy Borg 2015 als Musikantenstadl-Moderator verabschiedet wurde, habe ich Umberto Tozzi, Idol meiner Jugend, im Backstage sogar pers\u00f6nlich kennenlernen k\u00f6nnen.\u201c<\/p>\n<p>Sein 35j\u00e4hriges B\u00fchnenjubil\u00e4um im Jahr 2020 sollte das Album ECHT BERGERSTARK urspr\u00fcnglich markieren &#8211; musste sich jedoch aus bekannten Gr\u00fcnden zwei weitere Jahre gedulden. Sobald f\u00fcr Olaf Berger gesetzt war, dass er auf ein eigenes Label bauen und im Herbst 2022 ECHT BERGERSTARK vorstellen wird, erf\u00fcllte sich der geb\u00fcrtige Dresdner zum Neustart den lang ersehnten Traum: diesen gro\u00dfartigen Song und Klassiker f\u00fcr das erste Album seines eigenen Labels aufzunehmen und mit CD-Release als Single zu ver\u00f6ffentlichen.<\/p>\n<p>\u201eDu&#8220; und der Longplayer ECHT BERGERSTARK schlie\u00dfen im goldenen September als zugkr\u00e4ftiges Gespann an die Sommer-Single LASS DIE SONNE IN DEIN LEBEN an. Der zeitgem\u00e4\u00dfe, frische Schlager-Spirit der aktuellen Produktionen bescherte zuvor bereits seinem Vorg\u00e4nger Album und Titelsong &#8222;Hast du heut schon gelebt&#8220; mehrere Wochen Top Ten Platzierungen in den Airplay Charts.<\/p>\n<p>Die Single-Vorboten und das neue Album ver\u00f6ffentlicht Olaf Berger auf seinem eigenen Label Bergerstark. Zum Release ausgereift ist der Longplayer ECHT BERGERSTARK am 23. September 2022.<\/p>\n<p><span style=\"color: #800000;\"><strong>Quelle: Bergerstark<\/strong><\/span><\/p>\n<p><span style=\"color: #800000;\"><strong>Dieser Song ist ab dem 23.09.2022 in allen bekannten Onlineshops erh\u00e4ltlich!<\/strong><\/span><\/p>\n<p><span style=\"color: #800000;\"><strong>Airdate (f\u00fcr Radiosender): 23.09.2022<\/strong><\/span><\/p>\n","protected":false},"excerpt":{"rendered":"<p>Olaf Berger &#8211; Du (&#8222;Tu&#8220; deutsche Coverversion von Umberto Tozzi) Mit einer Jugendliebe wagt Olaf Berger den Neuanfang Es ist sch\u00f6n wie ein Traum \u2013 dieses kleine Paradies. Und so schnell ist es verloren. Gro\u00df ist die Reue \u2013 eine gute Entschuldigung muss her. F\u00fcr manche Fehltritte gibt es keine Entschuldigung \u2013 doch &#8211; Scusi! &#8211; mit \u201eDu\u201c ist Olaf Berger genauso eine Liebeserkl\u00e4rung gelungen, mit der er die Zeit zur\u00fcckdreht und den Zauber der Liebe neu beschw\u00f6rt. &#8222;Gerade mal 14 Jahre war ich alt, als der Song \u201eTu\u201c von Umberto Tozzi im Sommer 1978 die Hitlisten st\u00fcrmte\u201c. Mit dem aktuellen Radio-Mix \u201eDu\u201c sp\u00fcrt Olaf&#8230;<\/p>\n","protected":false},"author":1,"featured_media":13120,"comment_status":"open","ping_status":"open","sticky":false,"template":"","format":"standard","meta":{"footnotes":""},"categories":[2],"tags":[1332],"class_list":["post-13118","post","type-post","status-publish","format-standard","has-post-thumbnail","hentry","category-schlager","tag-olaf-berger","wpcat-2-id"],"_links":{"self":[{"href":"https:\/\/bergers-schlagerparadies.de\/index.php?rest_route=\/wp\/v2\/posts\/13118","targetHints":{"allow":["GET"]}}],"collection":[{"href":"https:\/\/bergers-schlagerparadies.de\/index.php?rest_route=\/wp\/v2\/posts"}],"about":[{"href":"https:\/\/bergers-schlagerparadies.de\/index.php?rest_route=\/wp\/v2\/types\/post"}],"author":[{"embeddable":true,"href":"https:\/\/bergers-schlagerparadies.de\/index.php?rest_route=\/wp\/v2\/users\/1"}],"replies":[{"embeddable":true,"href":"https:\/\/bergers-schlagerparadies.de\/index.php?rest_route=%2Fwp%2Fv2%2Fcomments&post=13118"}],"version-history":[{"count":1,"href":"https:\/\/bergers-schlagerparadies.de\/index.php?rest_route=\/wp\/v2\/posts\/13118\/revisions"}],"predecessor-version":[{"id":13121,"href":"https:\/\/bergers-schlagerparadies.de\/index.php?rest_route=\/wp\/v2\/posts\/13118\/revisions\/13121"}],"wp:featuredmedia":[{"embeddable":true,"href":"https:\/\/bergers-schlagerparadies.de\/index.php?rest_route=\/wp\/v2\/media\/13120"}],"wp:attachment":[{"href":"https:\/\/bergers-schlagerparadies.de\/index.php?rest_route=%2Fwp%2Fv2%2Fmedia&parent=13118"}],"wp:term":[{"taxonomy":"category","embeddable":true,"href":"https:\/\/bergers-schlagerparadies.de\/index.php?rest_route=%2Fwp%2Fv2%2Fcategories&post=13118"},{"taxonomy":"post_tag","embeddable":true,"href":"https:\/\/bergers-schlagerparadies.de\/index.php?rest_route=%2Fwp%2Fv2%2Ftags&post=13118"}],"curies":[{"name":"wp","href":"https:\/\/api.w.org\/{rel}","templated":true}]}}