{"id":13089,"date":"2022-09-23T10:45:45","date_gmt":"2022-09-23T08:45:45","guid":{"rendered":"http:\/\/bergers-schlagerparadies.de\/?p=13089"},"modified":"2022-09-23T10:45:45","modified_gmt":"2022-09-23T08:45:45","slug":"adriana-maske-%c2%b7-bergers-schlagerparadies","status":"publish","type":"post","link":"https:\/\/bergers-schlagerparadies.de\/?p=13089","title":{"rendered":"Adriana &#8211; Maske \u00b7 Berger\u00b4s Schlagerparadies"},"content":{"rendered":"<p><img loading=\"lazy\" decoding=\"async\" class=\"size-medium wp-image-13091 alignleft\" src=\"https:\/\/bergers-schlagerparadies.de\/wp-content\/uploads\/2022\/09\/Adriana-Maske-300x300.jpg\" alt=\"\" width=\"300\" height=\"300\" srcset=\"https:\/\/bergers-schlagerparadies.de\/wp-content\/uploads\/2022\/09\/Adriana-Maske-300x300.jpg 300w, https:\/\/bergers-schlagerparadies.de\/wp-content\/uploads\/2022\/09\/Adriana-Maske-1024x1024.jpg 1024w, https:\/\/bergers-schlagerparadies.de\/wp-content\/uploads\/2022\/09\/Adriana-Maske-150x150.jpg 150w, https:\/\/bergers-schlagerparadies.de\/wp-content\/uploads\/2022\/09\/Adriana-Maske-768x768.jpg 768w, https:\/\/bergers-schlagerparadies.de\/wp-content\/uploads\/2022\/09\/Adriana-Maske-1536x1536.jpg 1536w, https:\/\/bergers-schlagerparadies.de\/wp-content\/uploads\/2022\/09\/Adriana-Maske-2048x2048.jpg 2048w, https:\/\/bergers-schlagerparadies.de\/wp-content\/uploads\/2022\/09\/Adriana-Maske-1200x1200.jpg 1200w, https:\/\/bergers-schlagerparadies.de\/wp-content\/uploads\/2022\/09\/Adriana-Maske-1188x1188.jpg 1188w, https:\/\/bergers-schlagerparadies.de\/wp-content\/uploads\/2022\/09\/Adriana-Maske-100x100.jpg 100w, https:\/\/bergers-schlagerparadies.de\/wp-content\/uploads\/2022\/09\/Adriana-Maske-1320x1320.jpg 1320w\" sizes=\"auto, (max-width: 300px) 100vw, 300px\" \/>Irgendwann kommt bei fast jedem von uns der Tag, an dem man morgens aufsteht, sich selbst im Spiegel betrachtet &#8211; das gespiegelte Ich aber nicht wiedererkennt. Das liegt allerdings keineswegs nur am stetigen \u00c4lterwerden, welches uns allen im gleichen Ma\u00dfe nicht erspart bleibt, oder weil man viel-leicht wieder mal eine durchzechte Nacht hatte. Nein, der Grund daf\u00fcr sitzt tiefer &#8211; schockierend ist das Gef\u00fchl sich selbst nicht mehr \u201ezu erkennen\u201c. Nicht mehr zu wissen wer man eigentlich ist und wel-che Tr\u00e4ume und Ziele man urspr\u00fcnglich hatte. Der Alltag und die Wettbewerbsgesellschaft, in der wir leben, nimmt uns alle ein. Wir sind st\u00e4ndig versucht unser Bestes zu geben und unsere Mitmenschen zu beeindrucken. Wir lassen uns unsere wahren Gef\u00fchle nicht anmerken, machen oftmals gute Miene zum b\u00f6sen Spiel und NEIN sagen? Das k\u00f6nnen wir ohnehin nicht. Dabei haben wir die wichtigste Ver-bindung &#8211; den Draht zu uns selbst l\u00e4ngst verloren. Wir tragen eine Maske!<\/p>\n<p>\u201cNimm die Maske ab, zeig dein wahres Ich\u201c &#8211; so lautet eine aussagekr\u00e4ftige Textzeile von Adria-na\u2019s neuer Single \u201eMASKE\u201c. Die neue Single, welche am 07.10.2022 via ADLA Media ver\u00f6ffentlicht wird und auf allen Download- und Streamingportalen erh\u00e4ltlich sein wird, strotzt nat\u00fcrlich wieder nur so von Self-Empowerment.<\/p>\n<p>Zu sich selbst zu stehen. So zu sein, wie man eben ist. Sich selbst so zu lieben, wie man eben ist.<br \/>\nAll das sind keine unbekannten Themen f\u00fcr Adriana &#8211; immerhin machte sie mit ihrer zweiten Single \u201eSize Zero\u201c bereits auf das Thema Selbstliebe aufmerksam und setzte sich aktiv gegen Bodysha-ming ein. Tausende junge Frauen lassen sich Tag t\u00e4glich auf Adriana\u2019s Social Media Profilen von ihr und ihrer positiven Einstellung zu sich selbst und zum Leben inspirieren.<\/p>\n<p>\u201eIch finde wir sollten alle unsere Masken, die wir so im Alltag tragen, ablegen und endlich wir selbst sein d\u00fcrfen. Wir sollten alle zu unseren vermeintlichen Fehlern stehen &#8211; denn wenn man genau hinschaut, sind es ja gar keine Fehler, sondern Special Effects\u201c, schmunzelt die 31-j\u00e4hrige Wahlburgenl\u00e4nderin.<\/p>\n<p>Fragt man die geb\u00fcrtige Villacherin selbst zu ihrer Vergangenheit, antwortet Adriana stets mit \u201eH\u00e4tte mich jemand vor 3 Jahren gefragt, ob ich mich auf die B\u00fchne stellen und singen m\u00f6chte, h\u00e4tte ich verneint. Ich h\u00e4tte mich das einfach nicht getraut, weil ich ein falsches Bild in meinem Kopf eingebrannt hatte. Ein Bild, dass eine S\u00e4ngerin schlank und quasi makellos sein muss. Doch diesen Gedanken habe ich mittlerweile general\u00fcberholt und beweise allen Kritikern das Gegen-teil. Man kann alles schaffen, ganz egal wie viele Kurven man hat oder eben nicht hat. Solange wir uns nicht selbst im Weg stehen, weil wir Anspr\u00fcchen anderer mehr gen\u00fcgen wollen, als un-seren eigenen, k\u00f6nnen wir alles schaffen und das muss endlich mal in die K\u00f6pfe der Menschen &#8211; vor allem der junger Frauen!\u201c<\/p>\n<p>\u201eMASKE\u201c &#8211; die neue Uptempo Popschlager &#8211; Single von Adriana. Erh\u00e4ltlich ab 07.10. auf allen Download- und Streamingportalen. Ab sofort im MPN f\u00fcr Airplay verf\u00fcgbar.<\/p>\n<p><span style=\"color: #800000;\"><strong>Quelle: ADLA Media<\/strong><\/span><\/p>\n<p><span style=\"color: #800000;\"><strong>Dieser Song ist ab dem 07.10.2022 in allen bekannten Onlineshops erh\u00e4ltlich!<\/strong><\/span><\/p>\n<p><span style=\"color: #800000;\"><strong>Airdate (f\u00fcr Radiosender): 22.09.2022<\/strong><\/span><\/p>\n","protected":false},"excerpt":{"rendered":"<p>Irgendwann kommt bei fast jedem von uns der Tag, an dem man morgens aufsteht, sich selbst im Spiegel betrachtet &#8211; das gespiegelte Ich aber nicht wiedererkennt. Das liegt allerdings keineswegs nur am stetigen \u00c4lterwerden, welches uns allen im gleichen Ma\u00dfe nicht erspart bleibt, oder weil man viel-leicht wieder mal eine durchzechte Nacht hatte. Nein, der Grund daf\u00fcr sitzt tiefer &#8211; schockierend ist das Gef\u00fchl sich selbst nicht mehr \u201ezu erkennen\u201c. Nicht mehr zu wissen wer man eigentlich ist und wel-che Tr\u00e4ume und Ziele man urspr\u00fcnglich hatte. Der Alltag und die Wettbewerbsgesellschaft, in der wir leben, nimmt uns alle ein. Wir sind st\u00e4ndig versucht unser Bestes&#8230;<\/p>\n","protected":false},"author":1,"featured_media":13091,"comment_status":"open","ping_status":"open","sticky":false,"template":"","format":"standard","meta":{"footnotes":""},"categories":[2],"tags":[1291],"class_list":["post-13089","post","type-post","status-publish","format-standard","has-post-thumbnail","hentry","category-schlager","tag-adriana","wpcat-2-id"],"_links":{"self":[{"href":"https:\/\/bergers-schlagerparadies.de\/index.php?rest_route=\/wp\/v2\/posts\/13089","targetHints":{"allow":["GET"]}}],"collection":[{"href":"https:\/\/bergers-schlagerparadies.de\/index.php?rest_route=\/wp\/v2\/posts"}],"about":[{"href":"https:\/\/bergers-schlagerparadies.de\/index.php?rest_route=\/wp\/v2\/types\/post"}],"author":[{"embeddable":true,"href":"https:\/\/bergers-schlagerparadies.de\/index.php?rest_route=\/wp\/v2\/users\/1"}],"replies":[{"embeddable":true,"href":"https:\/\/bergers-schlagerparadies.de\/index.php?rest_route=%2Fwp%2Fv2%2Fcomments&post=13089"}],"version-history":[{"count":1,"href":"https:\/\/bergers-schlagerparadies.de\/index.php?rest_route=\/wp\/v2\/posts\/13089\/revisions"}],"predecessor-version":[{"id":13092,"href":"https:\/\/bergers-schlagerparadies.de\/index.php?rest_route=\/wp\/v2\/posts\/13089\/revisions\/13092"}],"wp:featuredmedia":[{"embeddable":true,"href":"https:\/\/bergers-schlagerparadies.de\/index.php?rest_route=\/wp\/v2\/media\/13091"}],"wp:attachment":[{"href":"https:\/\/bergers-schlagerparadies.de\/index.php?rest_route=%2Fwp%2Fv2%2Fmedia&parent=13089"}],"wp:term":[{"taxonomy":"category","embeddable":true,"href":"https:\/\/bergers-schlagerparadies.de\/index.php?rest_route=%2Fwp%2Fv2%2Fcategories&post=13089"},{"taxonomy":"post_tag","embeddable":true,"href":"https:\/\/bergers-schlagerparadies.de\/index.php?rest_route=%2Fwp%2Fv2%2Ftags&post=13089"}],"curies":[{"name":"wp","href":"https:\/\/api.w.org\/{rel}","templated":true}]}}