{"id":12979,"date":"2022-09-12T10:30:02","date_gmt":"2022-09-12T08:30:02","guid":{"rendered":"http:\/\/bergers-schlagerparadies.de\/?p=12979"},"modified":"2022-09-12T14:12:39","modified_gmt":"2022-09-12T12:12:39","slug":"steffi-fester-helden-duerfen-auch-mal-schwach-sein-%c2%b7-bergers-schlagerparadies","status":"publish","type":"post","link":"https:\/\/bergers-schlagerparadies.de\/?p=12979","title":{"rendered":"Steffi Fester \u2013 Helden d\u00fcrfen auch mal schwach sein \u00b7 Berger\u00b4s Schlagerparadies"},"content":{"rendered":"<p><img loading=\"lazy\" decoding=\"async\" class=\"size-medium wp-image-12982 alignleft\" src=\"https:\/\/bergers-schlagerparadies.de\/wp-content\/uploads\/2022\/09\/Steffi-Fester-Helden-duerfen-auch-mal-schwach-sein-Cover4000px-300x300.jpg\" alt=\"\" width=\"300\" height=\"300\" srcset=\"https:\/\/bergers-schlagerparadies.de\/wp-content\/uploads\/2022\/09\/Steffi-Fester-Helden-duerfen-auch-mal-schwach-sein-Cover4000px-300x300.jpg 300w, https:\/\/bergers-schlagerparadies.de\/wp-content\/uploads\/2022\/09\/Steffi-Fester-Helden-duerfen-auch-mal-schwach-sein-Cover4000px-1024x1024.jpg 1024w, https:\/\/bergers-schlagerparadies.de\/wp-content\/uploads\/2022\/09\/Steffi-Fester-Helden-duerfen-auch-mal-schwach-sein-Cover4000px-150x150.jpg 150w, https:\/\/bergers-schlagerparadies.de\/wp-content\/uploads\/2022\/09\/Steffi-Fester-Helden-duerfen-auch-mal-schwach-sein-Cover4000px-768x768.jpg 768w, https:\/\/bergers-schlagerparadies.de\/wp-content\/uploads\/2022\/09\/Steffi-Fester-Helden-duerfen-auch-mal-schwach-sein-Cover4000px.jpg 1200w, https:\/\/bergers-schlagerparadies.de\/wp-content\/uploads\/2022\/09\/Steffi-Fester-Helden-duerfen-auch-mal-schwach-sein-Cover4000px-1188x1188.jpg 1188w, https:\/\/bergers-schlagerparadies.de\/wp-content\/uploads\/2022\/09\/Steffi-Fester-Helden-duerfen-auch-mal-schwach-sein-Cover4000px-100x100.jpg 100w\" sizes=\"auto, (max-width: 300px) 100vw, 300px\" \/>Endlich ist es so weit: Am 09.09.2022 ver\u00f6ffentlicht Steffi Fester ihre neue Single \u201eHelden d\u00fcrfen auch mal schwach sein\u201c.<\/p>\n<p>Es ist der 1. Vorbote des kommenden Albums, welches mit Spannung erwartet wird und dessen Ver\u00f6ffentlichung f\u00fcr 2023 geplant ist.<\/p>\n<p>F\u00fcr Steffi Fester ist es ihr Songwriter-Deb\u00fct im neuen Team:<\/p>\n<p>Gemeinsam mit dem \u00f6sterreichischen Top-Produzenten und Arrangeur Christian Maier werden in kreativer Atmosph\u00e4re die Songs zum Leben erweckt. Originelle Texte, gro\u00dfe Melodien und starke und eindrucksvolle Arrangements machen das Album zu einem einzigartigen Werk, das in der perfekten Teamkonstellation von Produzent und K\u00fcnstlerin entsteht.<\/p>\n<p>Neben modernen und tanzbaren Popschlagern werden auch gef\u00fchlvolle Balladen enthalten sein. Die Hamburgerin ist bereits f\u00fcr ihre gelungenen Texte bekannt, die schon oft den n\u00f6tigen Tiefgang besa\u00dfen und sich harmonisch in das Klangbild einf\u00fcgten.<\/p>\n<p>Somit ist es nicht verwunderlich, dass eine Ballade den Auftakt zum Album bildet, die den aktuellen Zeitgeist aufgreift und gleichzeitig mit volumin\u00f6sem Sound daherkommt. Entstanden ist eine gef\u00fchlvolle Schlagerballade, die eine ganz andere Perspektive darstellt und f\u00fcr gro\u00dfe Emotionen sorgt.<\/p>\n<p>Unsere Heldinnen und Helden des Alltags leisten jeden Tag Gro\u00dfartiges, und daf\u00fcr sollten sie auch die entsprechende Wertsch\u00e4tzung erfahren. Denn was w\u00e4re unsere Welt ohne unsere Helden, die tagt\u00e4glich im Einsatz sind?<\/p>\n<p>Von Christian Maier erhielt der Song ein musikalisches Gewand, das f\u00fcr G\u00e4nsehautgef\u00fchl sorgt.<\/p>\n<p>Die deutsch-\u00f6sterreichische Zusammenarbeit erfolgt auf den Fl\u00fcgeln gr\u00f6\u00dfter Kreativit\u00e4t und steigert die Erwartungen auf das Album besonders. Es bringt neue Facetten der K\u00fcnstlerin hervor, die sich mit ihren Texten und Kompositionen bereits in die Herzen vieler Fans gesungen hat.<\/p>\n<p><span style=\"color: #800000;\"><strong>Quelle: Schlager ist Trumpf\/ \u00a0Roberto Sch\u00f6ne<\/strong><\/span><\/p>\n<p><span style=\"color: #800000;\"><strong>Dieser Song ist ab dem 16.09.2022 in allen bekannten Onlineshops erh\u00e4ltlich!<\/strong><\/span><\/p>\n<p><span style=\"color: #800000;\"><strong>Airdate (f\u00fcr Radiosender): 09.09.2022<\/strong><\/span><\/p>\n","protected":false},"excerpt":{"rendered":"<p>Endlich ist es so weit: Am 09.09.2022 ver\u00f6ffentlicht Steffi Fester ihre neue Single \u201eHelden d\u00fcrfen auch mal schwach sein\u201c. Es ist der 1. Vorbote des kommenden Albums, welches mit Spannung erwartet wird und dessen Ver\u00f6ffentlichung f\u00fcr 2023 geplant ist. F\u00fcr Steffi Fester ist es ihr Songwriter-Deb\u00fct im neuen Team: Gemeinsam mit dem \u00f6sterreichischen Top-Produzenten und Arrangeur Christian Maier werden in kreativer Atmosph\u00e4re die Songs zum Leben erweckt. Originelle Texte, gro\u00dfe Melodien und starke und eindrucksvolle Arrangements machen das Album zu einem einzigartigen Werk, das in der perfekten Teamkonstellation von Produzent und K\u00fcnstlerin entsteht. Neben modernen und tanzbaren Popschlagern werden auch gef\u00fchlvolle Balladen enthalten sein. Die&#8230;<\/p>\n","protected":false},"author":1,"featured_media":12982,"comment_status":"open","ping_status":"open","sticky":false,"template":"","format":"standard","meta":{"footnotes":""},"categories":[2],"tags":[1461],"class_list":["post-12979","post","type-post","status-publish","format-standard","has-post-thumbnail","hentry","category-schlager","tag-steffi-fester","wpcat-2-id"],"_links":{"self":[{"href":"https:\/\/bergers-schlagerparadies.de\/index.php?rest_route=\/wp\/v2\/posts\/12979","targetHints":{"allow":["GET"]}}],"collection":[{"href":"https:\/\/bergers-schlagerparadies.de\/index.php?rest_route=\/wp\/v2\/posts"}],"about":[{"href":"https:\/\/bergers-schlagerparadies.de\/index.php?rest_route=\/wp\/v2\/types\/post"}],"author":[{"embeddable":true,"href":"https:\/\/bergers-schlagerparadies.de\/index.php?rest_route=\/wp\/v2\/users\/1"}],"replies":[{"embeddable":true,"href":"https:\/\/bergers-schlagerparadies.de\/index.php?rest_route=%2Fwp%2Fv2%2Fcomments&post=12979"}],"version-history":[{"count":1,"href":"https:\/\/bergers-schlagerparadies.de\/index.php?rest_route=\/wp\/v2\/posts\/12979\/revisions"}],"predecessor-version":[{"id":12983,"href":"https:\/\/bergers-schlagerparadies.de\/index.php?rest_route=\/wp\/v2\/posts\/12979\/revisions\/12983"}],"wp:featuredmedia":[{"embeddable":true,"href":"https:\/\/bergers-schlagerparadies.de\/index.php?rest_route=\/wp\/v2\/media\/12982"}],"wp:attachment":[{"href":"https:\/\/bergers-schlagerparadies.de\/index.php?rest_route=%2Fwp%2Fv2%2Fmedia&parent=12979"}],"wp:term":[{"taxonomy":"category","embeddable":true,"href":"https:\/\/bergers-schlagerparadies.de\/index.php?rest_route=%2Fwp%2Fv2%2Fcategories&post=12979"},{"taxonomy":"post_tag","embeddable":true,"href":"https:\/\/bergers-schlagerparadies.de\/index.php?rest_route=%2Fwp%2Fv2%2Ftags&post=12979"}],"curies":[{"name":"wp","href":"https:\/\/api.w.org\/{rel}","templated":true}]}}