{"id":12887,"date":"2022-09-19T10:30:41","date_gmt":"2022-09-19T08:30:41","guid":{"rendered":"http:\/\/bergers-schlagerparadies.de\/?p=12887"},"modified":"2022-09-06T17:13:37","modified_gmt":"2022-09-06T15:13:37","slug":"olaf-berger-echt-bergerstark-album-%c2%b7-bergers-schlagerparadies","status":"publish","type":"post","link":"https:\/\/bergers-schlagerparadies.de\/?p=12887","title":{"rendered":"Olaf Berger &#8211; Echt Bergerstark (Album) \u00b7 Berger\u00b4s Schlagerparadies"},"content":{"rendered":"<div class=\"l7ghb35v kjdc1dyq kmwttqpk gh25dzvf jikcssrz n3t5jt4f\">\n<div dir=\"auto\"><img loading=\"lazy\" decoding=\"async\" class=\"size-medium wp-image-12889 alignleft\" src=\"https:\/\/bergers-schlagerparadies.de\/wp-content\/uploads\/2022\/09\/Olaf-Berger-Echt-Bergerstark-Album-300x300.jpg\" alt=\"\" width=\"300\" height=\"300\" srcset=\"https:\/\/bergers-schlagerparadies.de\/wp-content\/uploads\/2022\/09\/Olaf-Berger-Echt-Bergerstark-Album-300x300.jpg 300w, https:\/\/bergers-schlagerparadies.de\/wp-content\/uploads\/2022\/09\/Olaf-Berger-Echt-Bergerstark-Album-1024x1024.jpg 1024w, https:\/\/bergers-schlagerparadies.de\/wp-content\/uploads\/2022\/09\/Olaf-Berger-Echt-Bergerstark-Album-150x150.jpg 150w, https:\/\/bergers-schlagerparadies.de\/wp-content\/uploads\/2022\/09\/Olaf-Berger-Echt-Bergerstark-Album-768x768.jpg 768w, https:\/\/bergers-schlagerparadies.de\/wp-content\/uploads\/2022\/09\/Olaf-Berger-Echt-Bergerstark-Album.jpg 1200w, https:\/\/bergers-schlagerparadies.de\/wp-content\/uploads\/2022\/09\/Olaf-Berger-Echt-Bergerstark-Album-1188x1188.jpg 1188w, https:\/\/bergers-schlagerparadies.de\/wp-content\/uploads\/2022\/09\/Olaf-Berger-Echt-Bergerstark-Album-100x100.jpg 100w\" sizes=\"auto, (max-width: 300px) 100vw, 300px\" \/>Mit seinen Hits aus \u00fcber drei Jahrzehnten, aktuellen Alben und regelm\u00e4\u00dfigen Chart-Platzierungen ist OLAF BERGER l\u00e4ngst eine feste Gr\u00f6\u00dfe im deutschen Showgesch\u00e4ft. Von Publikum wie Fachleuten wird Olaf Berger gleicherma\u00dfen gefeiert und seine Fan-Gemeinde w\u00e4chst unaufhaltsam weiter. Seine vielseitigen Talente als S\u00e4nger und Moderator, hervorragende Sympathiewerte sowie seine hohe Medienpr\u00e4senz machen ihn zu einem begehrten Multitalent. Am 23.09.2022 erscheint sein langersehntes neues Album \u201eECHT BERGERSTARK\u201d.<\/div>\n<\/div>\n<div class=\"l7ghb35v kjdc1dyq kmwttqpk gh25dzvf jikcssrz n3t5jt4f\">\n<div dir=\"auto\">Olaf Berger (24.12.1963) entstammt einer erfolgreichen Musikerfamilie. Gleich nach seiner Ausbildung als KFZ-Mechaniker stieg er als Gitarrist und S\u00e4nger in die Band seines Vaters (\u201cDie Virginias\u201d) ein. So konnte er hautnah sein pers\u00f6nliches Talent mit soliden musikalischen Grundkenntnissen untermauern und machte sein gro\u00dfes Hobby, die Musik, zu seinem Beruf. Sein Auftritt beim DDR-Nachwuchswettbewerb \u201eGoldener Rathausmann\u201d brachte seinen Traum ins Rollen. Innerhalb k\u00fcrzester Zeit folgten zahlreiche Fernsehauftritte und sein Deb\u00fct-Album \u201eEs brennt wie Feuer\u201d wurde \u201evergoldet\u201d. 1986 w\u00e4hlten ihn \u00fcber 840.000 Leser der damaligen Fernsehzeitschrift \u201eFF dabei\u201d zu ihrem Lieblingsstar.<\/div>\n<\/div>\n<div class=\"l7ghb35v kjdc1dyq kmwttqpk gh25dzvf jikcssrz n3t5jt4f\">\n<div dir=\"auto\">Im Jahr 1990 \u00fcberreichte ihm Dieter Thomas Heck, als erstem K\u00fcnstler aus der ehemaligen DDR,die \u201eGoldene Stimmgabel\u201d. Wenig sp\u00e4ter wurde der international erfolgreiche Produzent Jack White auf ihn aufmerksam und prophezeite Olaf Berger eine erfolgreiche Zukunft. Mit dem Album \u201eErz\u00e4hl mir was von dir\u201d gelang ihm dann auch der gesamtdeutsche Durchbruch im Showgesch\u00e4ft, und Olaf Berger wurde zum Dauergast im Deutschen Fernsehen. Seit 2004 moderiert Olaf Berger eigene Sendungen im MDR FERNSEHEN und beweist sich auch hier als ein Publikumsmagnet.<\/div>\n<\/div>\n<div class=\"l7ghb35v kjdc1dyq kmwttqpk gh25dzvf jikcssrz n3t5jt4f\">\n<div dir=\"auto\">Wer so lange mit beiden Beinen fest im Musikgesch\u00e4ft steht, der wei\u00df: Selbstkopien z\u00e4hlen nicht! Und so ist Olaf Berger f\u00fcr seine stetige Weiterentwicklung bekannt und immer f\u00fcr eine \u00dcberraschung gut: Besonders erw\u00e4hnenswert ist das Duett mit seiner Tochter Maria \u201eLEND A HAND\u201d. Der Song wurde in deutscher und in englischer Sprache aufgenommen und entstand im Auftrag von \u201eRotary International\u201d anl\u00e4sslich dessen 100-j\u00e4hrigen Bestehens. Die CD wird weltweit \u00fcber die Rotary-Clubs vertrieben. Unvergessen seine Duette, u. a. mit dem irischen Superstar Johnny Logan, Chip Hawkes (The Tremeloes) oder auch Antonia aus Tirol.<\/div>\n<\/div>\n<div class=\"l7ghb35v kjdc1dyq kmwttqpk gh25dzvf jikcssrz n3t5jt4f\">\n<div dir=\"auto\">2019 erf\u00fcllte sich Olaf Berger mit Gr\u00fcndung seines eigenen Labels \u201eBergerstark\u201d einen gro\u00dfen Traum. Mit Ver\u00f6ffentlichung seiner besonderen Cover-Version, der Rockhymne \u201eLady In Black\u201d von Uriah Heep zeigte Olaf Berger eine weitere Facette seines musikalischen Schaffens. \u201eDie schwarze Lady\u201d traf musikalisch \u201eMitten ins Herz\u201dund genau den Nerv seiner langj\u00e4hrigen Fan-Gemeinde. Allein bei Spotify bereits \u00fcber 1,5 Millionen Mal gestreamt und in zahlreichen TV Sendungen pr\u00e4sentiert.<\/div>\n<\/div>\n<div class=\"l7ghb35v kjdc1dyq kmwttqpk gh25dzvf jikcssrz n3t5jt4f\">\n<div dir=\"auto\">Seit vielen Jahren begeistert Olaf Berger seine Fans \u2026 und es geht mit \u201eVolldampf\u2019 weiter. Nicht nur als S\u00e4nger und Entertainer, sondern auch als Moderator im Fernsehen. So wird er gemeinsam mit Katrin Weber am 1. Weihnachtsfeiertag 2022 im MDR FERNSEHEN die Sendung \u201eWir sind Weihnachten\u201d pr\u00e4sentieren.<\/div>\n<\/div>\n<div class=\"l7ghb35v kjdc1dyq kmwttqpk gh25dzvf jikcssrz n3t5jt4f\">\n<div dir=\"auto\">Am 23. September 2022 ver\u00f6ffentlicht Olaf Berger sein wohl pers\u00f6nlichstes und emotionalstes Album, als einen weiteren Meilenstein in seiner bisherigen Karriere, \u201eECHT BERGERSTARK \u201c.<\/div>\n<div dir=\"auto\"><\/div>\n<\/div>\n<div class=\"l7ghb35v kjdc1dyq kmwttqpk gh25dzvf jikcssrz n3t5jt4f\">\n<div dir=\"auto\"><span style=\"color: #800000;\"><strong>Quelle : Bergerstark (Vertrieb: Yoyo\/MCP)<\/strong><\/span><\/div>\n<\/div>\n<div dir=\"auto\"><\/div>\n<div dir=\"auto\">\n<p><span style=\"color: #800000;\"><strong>Dieser Song ist ab dem 23.09.2022 in allen bekannten Onlineshops erh\u00e4ltlich!<\/strong><\/span><\/p>\n<p><span style=\"color: #800000;\"><strong>Airdate (f\u00fcr Radiosender): 23.09.2022<\/strong><\/span><\/p>\n<\/div>\n","protected":false},"excerpt":{"rendered":"<p>Mit seinen Hits aus \u00fcber drei Jahrzehnten, aktuellen Alben und regelm\u00e4\u00dfigen Chart-Platzierungen ist OLAF BERGER l\u00e4ngst eine feste Gr\u00f6\u00dfe im deutschen Showgesch\u00e4ft. Von Publikum wie Fachleuten wird Olaf Berger gleicherma\u00dfen gefeiert und seine Fan-Gemeinde w\u00e4chst unaufhaltsam weiter. Seine vielseitigen Talente als S\u00e4nger und Moderator, hervorragende Sympathiewerte sowie seine hohe Medienpr\u00e4senz machen ihn zu einem begehrten Multitalent. Am 23.09.2022 erscheint sein langersehntes neues Album \u201eECHT BERGERSTARK\u201d. Olaf Berger (24.12.1963) entstammt einer erfolgreichen Musikerfamilie. Gleich nach seiner Ausbildung als KFZ-Mechaniker stieg er als Gitarrist und S\u00e4nger in die Band seines Vaters (\u201cDie Virginias\u201d) ein. So konnte er hautnah sein pers\u00f6nliches Talent mit soliden musikalischen Grundkenntnissen untermauern und&#8230;<\/p>\n","protected":false},"author":1,"featured_media":12889,"comment_status":"open","ping_status":"open","sticky":false,"template":"","format":"standard","meta":{"footnotes":""},"categories":[2],"tags":[1332],"class_list":["post-12887","post","type-post","status-publish","format-standard","has-post-thumbnail","hentry","category-schlager","tag-olaf-berger","wpcat-2-id"],"_links":{"self":[{"href":"https:\/\/bergers-schlagerparadies.de\/index.php?rest_route=\/wp\/v2\/posts\/12887","targetHints":{"allow":["GET"]}}],"collection":[{"href":"https:\/\/bergers-schlagerparadies.de\/index.php?rest_route=\/wp\/v2\/posts"}],"about":[{"href":"https:\/\/bergers-schlagerparadies.de\/index.php?rest_route=\/wp\/v2\/types\/post"}],"author":[{"embeddable":true,"href":"https:\/\/bergers-schlagerparadies.de\/index.php?rest_route=\/wp\/v2\/users\/1"}],"replies":[{"embeddable":true,"href":"https:\/\/bergers-schlagerparadies.de\/index.php?rest_route=%2Fwp%2Fv2%2Fcomments&post=12887"}],"version-history":[{"count":2,"href":"https:\/\/bergers-schlagerparadies.de\/index.php?rest_route=\/wp\/v2\/posts\/12887\/revisions"}],"predecessor-version":[{"id":12891,"href":"https:\/\/bergers-schlagerparadies.de\/index.php?rest_route=\/wp\/v2\/posts\/12887\/revisions\/12891"}],"wp:featuredmedia":[{"embeddable":true,"href":"https:\/\/bergers-schlagerparadies.de\/index.php?rest_route=\/wp\/v2\/media\/12889"}],"wp:attachment":[{"href":"https:\/\/bergers-schlagerparadies.de\/index.php?rest_route=%2Fwp%2Fv2%2Fmedia&parent=12887"}],"wp:term":[{"taxonomy":"category","embeddable":true,"href":"https:\/\/bergers-schlagerparadies.de\/index.php?rest_route=%2Fwp%2Fv2%2Fcategories&post=12887"},{"taxonomy":"post_tag","embeddable":true,"href":"https:\/\/bergers-schlagerparadies.de\/index.php?rest_route=%2Fwp%2Fv2%2Ftags&post=12887"}],"curies":[{"name":"wp","href":"https:\/\/api.w.org\/{rel}","templated":true}]}}