{"id":12828,"date":"2022-08-29T10:30:42","date_gmt":"2022-08-29T08:30:42","guid":{"rendered":"http:\/\/bergers-schlagerparadies.de\/?p=12828"},"modified":"2022-09-02T14:24:58","modified_gmt":"2022-09-02T12:24:58","slug":"neon-julia-%c2%b7-bergers-schlagerparadies","status":"publish","type":"post","link":"https:\/\/bergers-schlagerparadies.de\/?p=12828","title":{"rendered":"Neon &#8211; Julia \u00b7 Berger\u00b4s Schlagerparadies"},"content":{"rendered":"<p><img loading=\"lazy\" decoding=\"async\" class=\"size-medium wp-image-12830 alignleft\" src=\"https:\/\/bergers-schlagerparadies.de\/wp-content\/uploads\/2022\/09\/Neon-Julia-300x300.jpg\" alt=\"\" width=\"300\" height=\"300\" srcset=\"https:\/\/bergers-schlagerparadies.de\/wp-content\/uploads\/2022\/09\/Neon-Julia-300x300.jpg 300w, https:\/\/bergers-schlagerparadies.de\/wp-content\/uploads\/2022\/09\/Neon-Julia-1024x1024.jpg 1024w, https:\/\/bergers-schlagerparadies.de\/wp-content\/uploads\/2022\/09\/Neon-Julia-150x150.jpg 150w, https:\/\/bergers-schlagerparadies.de\/wp-content\/uploads\/2022\/09\/Neon-Julia-768x768.jpg 768w, https:\/\/bergers-schlagerparadies.de\/wp-content\/uploads\/2022\/09\/Neon-Julia-1200x1200.jpg 1200w, https:\/\/bergers-schlagerparadies.de\/wp-content\/uploads\/2022\/09\/Neon-Julia-1188x1188.jpg 1188w, https:\/\/bergers-schlagerparadies.de\/wp-content\/uploads\/2022\/09\/Neon-Julia-100x100.jpg 100w, https:\/\/bergers-schlagerparadies.de\/wp-content\/uploads\/2022\/09\/Neon-Julia-1320x1320.jpg 1320w, https:\/\/bergers-schlagerparadies.de\/wp-content\/uploads\/2022\/09\/Neon-Julia.jpg 1400w\" sizes=\"auto, (max-width: 300px) 100vw, 300px\" \/>Seit vielen Jahren ist NEON der Garant, wenn es um gute Laune geht. Am 16. September ver\u00f6ffentlicht das beliebte Duo ihr neues Album \u201eVerr\u00fcckt nach Liebe\u201c. Zu h\u00f6ren gibt es das Beste aus zehn Jahren NEON und es ist eine Menge passiert bei Andi und Tom!<\/p>\n<p>Mit ihrem ersten TELAMO-Album geht f\u00fcr NEON n\u00e4mlich ein gro\u00dfer Wunsch in Erf\u00fcllung: \u201eWir haben in den letzten Jahren viel ausprobiert, haben uns \u00f6fter auch mal neu erfunden, sind uns dabei aber immer treu geblieben.\u201c Nun f\u00fchlen sich die Zwei endlich musikalisch angekommen. Jetzt ver\u00f6ffentlichen sie ihre neue Gute-Laune-Nummer \u201eJulia\u201c \u2013 ein Titel, von dem die beiden S\u00e4nger sofort begeistert waren: \u201eWir befinden uns inzwischen in der angenehmen und sehr komfortablen Lage, dass uns viele Autoren ihre Titel aktiv anbieten. Wir hatten seiner Zeit auf einer l\u00e4ngeren Autofahrt diverse Demosongs durchgeh\u00f6rt und sind bei diesem Lied sofort h\u00e4ngengeblieben. Obwohl man bei den rohen Demoversionen oftmals viel Fantasie ben\u00f6tigt, um sich die sp\u00e4tere Umsetzung vorzustellen, haben wir das Potential von der Nummer sofort erkannt.\u201c Der Text stammt von Profi Tobias Reitz, der dem Lied wieder eine ganz besondere Note verleiht.<\/p>\n<p>Der neue Titel bleibt direkt im Ohr und ist nat\u00fcrlich wieder im typischen NEON-Stil gesungen. Noch mehr als bei den Vorg\u00e4ngeralben steht erneut die Zweistimmigkeit im Vordergrund. Oft gibt es bei Duos einen Leads\u00e4nger, nicht so bei Tom und Andi. Die S\u00e4nger singen v\u00f6llig gleichberechtigt, den kompletten Titel zusammen. Dieser besondere Sound sorgt f\u00fcr einen einzigartigen Wiedererkennungswert, der auch bei \u201eJulia\u201c im Vordergrund steht. Zeilen, wie \u201eIch werde unsere Liebe retten, sprenge alle Ketten f\u00fcr dich\u201c oder \u201eIch werd den Everest besteigen und dir zeigen, dass es wird wie es mal war\u201c sprechen jedem aus der Seele, der auch schon einmal um seine gro\u00dfe Liebe gek\u00e4mpft hat. Manchmal erkennen wir nicht, dass wir den einen Herzensmenschen bereits gefunden haben und lassen ihn gehen\u2026 Genau \u00fcber diesen Fehler singen Tom und Andi in ihrer neuen Single \u2013 aber sie geben nicht auf, das Herz von \u201eJulia\u201c zur\u00fcckzugewinnen.<\/p>\n<p>Der Song geh\u00f6rt zu den absoluten Favoriten von NEON: \u201eDie au\u00dfergew\u00f6hnlichen, aber sehr sch\u00f6nen Harmonien, gepaart mit der hoffnungsgeladenen Story, haben uns sofort \u00fcberzeugt. Auch die durchaus schlageruntypische, etwas extravagante Art, hat uns direkt gefallen.\u201c Ein gro\u00dfartiger Titel, der die Vorfreude auf das neue Album noch mehr steigen l\u00e4sst!<\/p>\n<p>\u201eJulia\u201c erscheint am 02.09.2022 als Digital-Single bei TELAMO.<\/p>\n<p>&nbsp;<\/p>\n<p><span style=\"color: #800000;\"><strong>Quelle: TELAMO<\/strong><\/span><\/p>\n<p><span style=\"color: #800000;\"><strong>Dieser Song ist ab dem 02.09.2022 in allen bekannten Onlineshops erh\u00e4ltlich!<\/strong><\/span><\/p>\n<p><span style=\"color: #800000;\"><strong>Airdate (f\u00fcr Radiosender): 02.09.2022<\/strong><\/span><\/p>\n","protected":false},"excerpt":{"rendered":"<p>Seit vielen Jahren ist NEON der Garant, wenn es um gute Laune geht. Am 16. September ver\u00f6ffentlicht das beliebte Duo ihr neues Album \u201eVerr\u00fcckt nach Liebe\u201c. Zu h\u00f6ren gibt es das Beste aus zehn Jahren NEON und es ist eine Menge passiert bei Andi und Tom! Mit ihrem ersten TELAMO-Album geht f\u00fcr NEON n\u00e4mlich ein gro\u00dfer Wunsch in Erf\u00fcllung: \u201eWir haben in den letzten Jahren viel ausprobiert, haben uns \u00f6fter auch mal neu erfunden, sind uns dabei aber immer treu geblieben.\u201c Nun f\u00fchlen sich die Zwei endlich musikalisch angekommen. Jetzt ver\u00f6ffentlichen sie ihre neue Gute-Laune-Nummer \u201eJulia\u201c \u2013 ein Titel, von dem die beiden S\u00e4nger sofort&#8230;<\/p>\n","protected":false},"author":1,"featured_media":12830,"comment_status":"closed","ping_status":"closed","sticky":false,"template":"","format":"standard","meta":{"footnotes":""},"categories":[2],"tags":[673],"class_list":["post-12828","post","type-post","status-publish","format-standard","has-post-thumbnail","hentry","category-schlager","tag-neon","wpcat-2-id"],"_links":{"self":[{"href":"https:\/\/bergers-schlagerparadies.de\/index.php?rest_route=\/wp\/v2\/posts\/12828","targetHints":{"allow":["GET"]}}],"collection":[{"href":"https:\/\/bergers-schlagerparadies.de\/index.php?rest_route=\/wp\/v2\/posts"}],"about":[{"href":"https:\/\/bergers-schlagerparadies.de\/index.php?rest_route=\/wp\/v2\/types\/post"}],"author":[{"embeddable":true,"href":"https:\/\/bergers-schlagerparadies.de\/index.php?rest_route=\/wp\/v2\/users\/1"}],"replies":[{"embeddable":true,"href":"https:\/\/bergers-schlagerparadies.de\/index.php?rest_route=%2Fwp%2Fv2%2Fcomments&post=12828"}],"version-history":[{"count":1,"href":"https:\/\/bergers-schlagerparadies.de\/index.php?rest_route=\/wp\/v2\/posts\/12828\/revisions"}],"predecessor-version":[{"id":12831,"href":"https:\/\/bergers-schlagerparadies.de\/index.php?rest_route=\/wp\/v2\/posts\/12828\/revisions\/12831"}],"wp:featuredmedia":[{"embeddable":true,"href":"https:\/\/bergers-schlagerparadies.de\/index.php?rest_route=\/wp\/v2\/media\/12830"}],"wp:attachment":[{"href":"https:\/\/bergers-schlagerparadies.de\/index.php?rest_route=%2Fwp%2Fv2%2Fmedia&parent=12828"}],"wp:term":[{"taxonomy":"category","embeddable":true,"href":"https:\/\/bergers-schlagerparadies.de\/index.php?rest_route=%2Fwp%2Fv2%2Fcategories&post=12828"},{"taxonomy":"post_tag","embeddable":true,"href":"https:\/\/bergers-schlagerparadies.de\/index.php?rest_route=%2Fwp%2Fv2%2Ftags&post=12828"}],"curies":[{"name":"wp","href":"https:\/\/api.w.org\/{rel}","templated":true}]}}