{"id":12730,"date":"2022-09-23T10:30:58","date_gmt":"2022-09-23T08:30:58","guid":{"rendered":"http:\/\/bergers-schlagerparadies.de\/?p=12730"},"modified":"2022-08-26T07:37:14","modified_gmt":"2022-08-26T05:37:14","slug":"bernhard-brink-50-album-%c2%b7-bergers-schlagerparadies","status":"publish","type":"post","link":"https:\/\/bergers-schlagerparadies.de\/?p=12730","title":{"rendered":"Bernhard Brink &#8211; 50 (Album) \u00b7 Berger\u00b4s Schlagerparadies"},"content":{"rendered":"<div class=\"l7ghb35v kjdc1dyq kmwttqpk gh25dzvf jikcssrz n3t5jt4f\">\n<div dir=\"auto\"><img loading=\"lazy\" decoding=\"async\" class=\"size-medium wp-image-12732 alignleft\" src=\"https:\/\/bergers-schlagerparadies.de\/wp-content\/uploads\/2022\/08\/Bernhard-Brink-50-300x300.jpg\" alt=\"\" width=\"300\" height=\"300\" srcset=\"https:\/\/bergers-schlagerparadies.de\/wp-content\/uploads\/2022\/08\/Bernhard-Brink-50-300x300.jpg 300w, https:\/\/bergers-schlagerparadies.de\/wp-content\/uploads\/2022\/08\/Bernhard-Brink-50-1024x1024.jpg 1024w, https:\/\/bergers-schlagerparadies.de\/wp-content\/uploads\/2022\/08\/Bernhard-Brink-50-150x150.jpg 150w, https:\/\/bergers-schlagerparadies.de\/wp-content\/uploads\/2022\/08\/Bernhard-Brink-50-768x768.jpg 768w, https:\/\/bergers-schlagerparadies.de\/wp-content\/uploads\/2022\/08\/Bernhard-Brink-50.jpg 1200w, https:\/\/bergers-schlagerparadies.de\/wp-content\/uploads\/2022\/08\/Bernhard-Brink-50-1188x1188.jpg 1188w, https:\/\/bergers-schlagerparadies.de\/wp-content\/uploads\/2022\/08\/Bernhard-Brink-50-100x100.jpg 100w\" sizes=\"auto, (max-width: 300px) 100vw, 300px\" \/>P\u00fcnktlich zum Jubil\u00e4um erscheint die Doppel-CD \u201e50\u201c mit insgesamt 22 Songs, am 23.09.2022 bei TELAMO.<\/div>\n<div dir=\"auto\">50 Jahre steht der S\u00e4nger und Moderator mittlerweile auf der B\u00fchne. Ein Anlass, den der Schlagertitan nat\u00fcrlich w\u00fcrdig mit seinen Fans feiern will: \u201eWir haben in langen Diskussionen \u00fcberlegt, wie wir das Jubil\u00e4um musikalisch feiern. Da kamen wir zu dem Entschluss neben neuen Titeln, auch Songs neu aufzunehmen, die wir lange nicht angefasst haben. Wie \u201aDanielle\u2018 aus den 70er Jahren. Gro\u00dfe Klassiker, von denen wir wissen, dass die Menschen diese Lieder damals toll fanden\u201c, so der Wahl-Berliner \u00fcber sein neues Album.<\/div>\n<\/div>\n<div class=\"l7ghb35v kjdc1dyq kmwttqpk gh25dzvf jikcssrz n3t5jt4f\">\n<div dir=\"auto\">So hat BERNHARD BRINK neben \u201eLiebe auf Zeit\u201c, seinem gr\u00f6\u00dften Chart-Erfolg aus den Anf\u00e4ngen seiner Karriere, auch weitere Klassiker wie \u201eFrei und abgebrannt\u201c, \u201eBlondes Wunder\u201c, \u201eIch w\u00e4r\u2019 so gern wie du\u201c, \u201eLieder an die Liebe\u201c oder \u201eVergiss mein Herz nicht, wenn Du gehst\u201c neu aufgenommen und auch den Sound ins Jubil\u00e4umsjahr 2022 geholt: \u201eWir haben sie ver\u00e4ndert und der Zeit angepasst. Wir haben die Nummern quasi ins Jahr 2022 versetzt. Diese Klassiker sind wichtig, weil sie jeder kennt. Egal, ob ich sie bei meinen Auftritten mit Band spiele oder als Medley \u2013 alle singen mit und feiern dazu\u201c.<\/div>\n<\/div>\n<div class=\"l7ghb35v kjdc1dyq kmwttqpk gh25dzvf jikcssrz n3t5jt4f\">\n<div dir=\"auto\">Doch der Schlagertitan w\u00e4re nicht der Schlagertitan wenn er es nicht geschafft h\u00e4tte, sich in all den Jahren musikalisch immer wieder neu zu erfinden, seinen Sound stetig weiterzuentwickeln und neue Hits zu erschaffen. Titel wie \u201e100 Millionen Volt\u201c, \u201eDiamenten\u201c oder \u201eDu hast mich einmal zu oft angesehen\u201c (im Duett mit Sonia Liebing) z\u00e4hlen zu den gr\u00f6\u00dften Hits der letzten Jahre und waren von Beginn an ein fester Bestandteil des Jubil\u00e4um-Tracklistings.<\/div>\n<\/div>\n<div class=\"l7ghb35v kjdc1dyq kmwttqpk gh25dzvf jikcssrz n3t5jt4f\">\n<div dir=\"auto\">Nat\u00fcrlich sind in Zusammenarbeit mit dem angestammten Produzenten-Team rund um Henning Verlage und Felix Gauder auch f\u00fcr dieses Album einige neue Titel entstanden, die auch f\u00fcr die n\u00e4chsten Jahre klarstellen: \u201eEs geht immer weiter\u201c. Mit \u201eDu und ich (Lichtmomente)\u201c erreichte bereits die erste Singleauskopplung des neuen Longplayers Platz 1 der Radio Charts \u201cDeutschland Konservativ Pop\u201d und l\u00e4sst damit die Vorfreude auf die weiteren neuen Titel steigen.<\/div>\n<\/div>\n<div class=\"l7ghb35v kjdc1dyq kmwttqpk gh25dzvf jikcssrz n3t5jt4f\">\n<div dir=\"auto\">Auch das wundersch\u00f6ne, gef\u00fchlvolle Duett \u201eDu sollst die Tr\u00e4nen niemals sehen\u201c (\u201eCrying In The Rain\u201c), das Bernhard Brink gemeinsam mit Art Garfunkel jr. Im letzten Jahr ver\u00f6ffentlicht hat, z\u00e4hlt zum Tracklisting der neuen Doppel-CD und unterstreicht einmal mehr die facettenreiche Karriere des Schlagertitans. \u201eArt hat gefragt, mit wem man den Titel machen kann und das Label hatte mich vorgeschlagen. Das Original ist ein echter Klassiker. Jetzt ist eine sch\u00f6ne, moderne Nummer draus geworden. Und die durfte auf meinem Album nat\u00fcrlich nicht fehlen.\u201c \u2013 so Bernhard Brink \u00fcber die au\u00dfergew\u00f6hnliche Cover-Version.<\/div>\n<\/div>\n<div class=\"l7ghb35v kjdc1dyq kmwttqpk gh25dzvf jikcssrz n3t5jt4f\">\n<div dir=\"auto\">70 Jahre Bernhard Brink \u2013 50 Jahre davon als Schlagers\u00e4nger. Mit so einem konstanten Erfolg h\u00e4tte der Schlagertitan niemals gerechnet, wie er offen zugibt: \u201eSowas kann man nicht planen. Das hat sich einfach ergeben, wor\u00fcber ich sehr gl\u00fccklich bin.\u201c<\/div>\n<div dir=\"auto\"><\/div>\n<\/div>\n<div class=\"l7ghb35v kjdc1dyq kmwttqpk gh25dzvf jikcssrz n3t5jt4f\">\n<div dir=\"auto\"><span style=\"color: #800000;\"><strong>Quelle : Telamo<\/strong><\/span><\/div>\n<div dir=\"auto\">\n<p><span style=\"color: #800000;\"><strong>Dieser Song ist ab dem 23.09.2022 in allen bekannten Onlineshops erh\u00e4ltlich!<\/strong><\/span><\/p>\n<p><span style=\"color: #800000;\"><strong>Airdate (f\u00fcr Radiosender): 23.09.2022<\/strong><\/span><\/p>\n<\/div>\n<\/div>\n","protected":false},"excerpt":{"rendered":"<p>P\u00fcnktlich zum Jubil\u00e4um erscheint die Doppel-CD \u201e50\u201c mit insgesamt 22 Songs, am 23.09.2022 bei TELAMO. 50 Jahre steht der S\u00e4nger und Moderator mittlerweile auf der B\u00fchne. Ein Anlass, den der Schlagertitan nat\u00fcrlich w\u00fcrdig mit seinen Fans feiern will: \u201eWir haben in langen Diskussionen \u00fcberlegt, wie wir das Jubil\u00e4um musikalisch feiern. Da kamen wir zu dem Entschluss neben neuen Titeln, auch Songs neu aufzunehmen, die wir lange nicht angefasst haben. Wie \u201aDanielle\u2018 aus den 70er Jahren. Gro\u00dfe Klassiker, von denen wir wissen, dass die Menschen diese Lieder damals toll fanden\u201c, so der Wahl-Berliner \u00fcber sein neues Album. So hat BERNHARD BRINK neben \u201eLiebe auf Zeit\u201c, seinem&#8230;<\/p>\n","protected":false},"author":1,"featured_media":12732,"comment_status":"closed","ping_status":"closed","sticky":false,"template":"","format":"standard","meta":{"footnotes":""},"categories":[2],"tags":[780],"class_list":["post-12730","post","type-post","status-publish","format-standard","has-post-thumbnail","hentry","category-schlager","tag-bernhard-brink","wpcat-2-id"],"_links":{"self":[{"href":"https:\/\/bergers-schlagerparadies.de\/index.php?rest_route=\/wp\/v2\/posts\/12730","targetHints":{"allow":["GET"]}}],"collection":[{"href":"https:\/\/bergers-schlagerparadies.de\/index.php?rest_route=\/wp\/v2\/posts"}],"about":[{"href":"https:\/\/bergers-schlagerparadies.de\/index.php?rest_route=\/wp\/v2\/types\/post"}],"author":[{"embeddable":true,"href":"https:\/\/bergers-schlagerparadies.de\/index.php?rest_route=\/wp\/v2\/users\/1"}],"replies":[{"embeddable":true,"href":"https:\/\/bergers-schlagerparadies.de\/index.php?rest_route=%2Fwp%2Fv2%2Fcomments&post=12730"}],"version-history":[{"count":1,"href":"https:\/\/bergers-schlagerparadies.de\/index.php?rest_route=\/wp\/v2\/posts\/12730\/revisions"}],"predecessor-version":[{"id":12733,"href":"https:\/\/bergers-schlagerparadies.de\/index.php?rest_route=\/wp\/v2\/posts\/12730\/revisions\/12733"}],"wp:featuredmedia":[{"embeddable":true,"href":"https:\/\/bergers-schlagerparadies.de\/index.php?rest_route=\/wp\/v2\/media\/12732"}],"wp:attachment":[{"href":"https:\/\/bergers-schlagerparadies.de\/index.php?rest_route=%2Fwp%2Fv2%2Fmedia&parent=12730"}],"wp:term":[{"taxonomy":"category","embeddable":true,"href":"https:\/\/bergers-schlagerparadies.de\/index.php?rest_route=%2Fwp%2Fv2%2Fcategories&post=12730"},{"taxonomy":"post_tag","embeddable":true,"href":"https:\/\/bergers-schlagerparadies.de\/index.php?rest_route=%2Fwp%2Fv2%2Ftags&post=12730"}],"curies":[{"name":"wp","href":"https:\/\/api.w.org\/{rel}","templated":true}]}}