{"id":12700,"date":"2022-08-22T10:30:07","date_gmt":"2022-08-22T08:30:07","guid":{"rendered":"http:\/\/bergers-schlagerparadies.de\/?p=12700"},"modified":"2022-08-26T06:41:36","modified_gmt":"2022-08-26T04:41:36","slug":"frank-lars-wahnsinn-%c2%b7-bergers-schlagerparadies","status":"publish","type":"post","link":"https:\/\/bergers-schlagerparadies.de\/?p=12700","title":{"rendered":"Frank Lars &#8211; Wahnsinn \u00b7 Berger\u00b4s Schlagerparadies"},"content":{"rendered":"<p><img loading=\"lazy\" decoding=\"async\" class=\"size-medium wp-image-12702 alignleft\" src=\"https:\/\/bergers-schlagerparadies.de\/wp-content\/uploads\/2022\/08\/Frank-Lars-Wahnsinn-300x300.jpg\" alt=\"\" width=\"300\" height=\"300\" srcset=\"https:\/\/bergers-schlagerparadies.de\/wp-content\/uploads\/2022\/08\/Frank-Lars-Wahnsinn-300x300.jpg 300w, https:\/\/bergers-schlagerparadies.de\/wp-content\/uploads\/2022\/08\/Frank-Lars-Wahnsinn-1024x1024.jpg 1024w, https:\/\/bergers-schlagerparadies.de\/wp-content\/uploads\/2022\/08\/Frank-Lars-Wahnsinn-150x150.jpg 150w, https:\/\/bergers-schlagerparadies.de\/wp-content\/uploads\/2022\/08\/Frank-Lars-Wahnsinn-768x768.jpg 768w, https:\/\/bergers-schlagerparadies.de\/wp-content\/uploads\/2022\/08\/Frank-Lars-Wahnsinn-1536x1536.jpg 1536w, https:\/\/bergers-schlagerparadies.de\/wp-content\/uploads\/2022\/08\/Frank-Lars-Wahnsinn-2048x2048.jpg 2048w, https:\/\/bergers-schlagerparadies.de\/wp-content\/uploads\/2022\/08\/Frank-Lars-Wahnsinn-1200x1200.jpg 1200w, https:\/\/bergers-schlagerparadies.de\/wp-content\/uploads\/2022\/08\/Frank-Lars-Wahnsinn-1188x1188.jpg 1188w, https:\/\/bergers-schlagerparadies.de\/wp-content\/uploads\/2022\/08\/Frank-Lars-Wahnsinn-100x100.jpg 100w, https:\/\/bergers-schlagerparadies.de\/wp-content\/uploads\/2022\/08\/Frank-Lars-Wahnsinn-1320x1320.jpg 1320w\" sizes=\"auto, (max-width: 300px) 100vw, 300px\" \/>Mit der vierten Singleauskopplung aus seinem Comeback-Album \u201eAuf Liebe gesetzt\u201c, welches im September 2021 Platz 27 in den offiziellen Deutschen Charts erreichte, zeigt Frank Lars mal wieder, dass er mit seinen Melodien und Texten den Nerv seiner Fans zielgenau treffen kann. \u201eWahnsinn\u201c ist der Soundtrack zu Franks derzeitiger Gef\u00fchlswelt und eine musikalische Liebeserkl\u00e4rung an seine Frau Petra. Mit den Fox-Remixen von Achim Radloff (musikalischer Leiter und Co-Produzent von Roland Kaiser) und des \u00f6sterreichischen Producer-Teams um Jay Neero, entfaltet der neue Frank Lars Song pr\u00e4zise diese unglaublich positive Energie, die es braucht, um die Menschen mitzurei\u00dfen und die Tanzfl\u00e4chen zu f\u00fcllen.<br \/>\nDie Texte und Melodien von Frank Lars sind seit vielen Jahren das Erfolgsrezept des bodenst\u00e4ndigen Nordrhein-Westfalen. Ehrliche und erlebte Geschichten mit authentischen Gef\u00fchlen, meist voller positiver Energie, manchmal aber auch nachdenklich oder zornig, aber niemals frei erfunden. Wie fast alle seine Lieder, stammt auch die neue Single \u201eWahnsinn\u201c zu 100% aus der Feder von Frank Lars.<br \/>\nDass Lars ein unglaubliches Gesp\u00fcr f\u00fcr Hits und ein au\u00dfergew\u00f6hnliches Talent f\u00fcr Melodien und Texte hat, wurde sp\u00e4testens 2010 klar, denn in diesem Jahr erhielt er goldene Schallplatten, Platin-Auszeichnungen und den Deutschen Musikpreis Echo. Der Grund: Frank schrieb den bis heute erfolgreichsten Song der Musikgruppe Die Amigos: \u201eWei\u00dft Du was Du f\u00fcr mich bist?\u201c. Viele weitere Hits sollten folgen, u.a. f\u00fcr K\u00fcnstler wie J\u00fcrgen Drews, Olaf der Flipper, Die Grubertaler oder Daniela Alfinito. Ganz aktuell hat sich das Erfolgsduo \u201eFantasy\u201c f\u00fcr einen Frank Lars Titel entschieden, welcher auf dem neuen Album \u201eMitten im Feuer\u201c enthalten ist und ganz sicher ein weiterer Nummer 1 Hit f\u00fcr Frank Lars als Songschreiber sein wird\u2026<\/p>\n<div class=\"l7ghb35v kjdc1dyq kmwttqpk gh25dzvf jikcssrz n3t5jt4f\">\n<div dir=\"auto\"><span style=\"color: #800000;\"><strong>Quelle : Monopol Records<\/strong><\/span><\/div>\n<\/div>\n<div dir=\"auto\">\n<p><span style=\"color: #800000;\"><strong>Dieser Song ist ab dem 26.08.2022 in allen bekannten Onlineshops erh\u00e4ltlich!<\/strong><\/span><\/p>\n<p><span style=\"color: #800000;\"><strong>Airdate (f\u00fcr Radiosender): 26.08.2022<\/strong><\/span><\/p>\n<\/div>\n","protected":false},"excerpt":{"rendered":"<p>Mit der vierten Singleauskopplung aus seinem Comeback-Album \u201eAuf Liebe gesetzt\u201c, welches im September 2021 Platz 27 in den offiziellen Deutschen Charts erreichte, zeigt Frank Lars mal wieder, dass er mit seinen Melodien und Texten den Nerv seiner Fans zielgenau treffen kann. \u201eWahnsinn\u201c ist der Soundtrack zu Franks derzeitiger Gef\u00fchlswelt und eine musikalische Liebeserkl\u00e4rung an seine Frau Petra. Mit den Fox-Remixen von Achim Radloff (musikalischer Leiter und Co-Produzent von Roland Kaiser) und des \u00f6sterreichischen Producer-Teams um Jay Neero, entfaltet der neue Frank Lars Song pr\u00e4zise diese unglaublich positive Energie, die es braucht, um die Menschen mitzurei\u00dfen und die Tanzfl\u00e4chen zu f\u00fcllen. Die Texte und Melodien von&#8230;<\/p>\n","protected":false},"author":1,"featured_media":12702,"comment_status":"closed","ping_status":"closed","sticky":false,"template":"","format":"standard","meta":{"footnotes":""},"categories":[2],"tags":[511],"class_list":["post-12700","post","type-post","status-publish","format-standard","has-post-thumbnail","hentry","category-schlager","tag-frank-lars","wpcat-2-id"],"_links":{"self":[{"href":"https:\/\/bergers-schlagerparadies.de\/index.php?rest_route=\/wp\/v2\/posts\/12700","targetHints":{"allow":["GET"]}}],"collection":[{"href":"https:\/\/bergers-schlagerparadies.de\/index.php?rest_route=\/wp\/v2\/posts"}],"about":[{"href":"https:\/\/bergers-schlagerparadies.de\/index.php?rest_route=\/wp\/v2\/types\/post"}],"author":[{"embeddable":true,"href":"https:\/\/bergers-schlagerparadies.de\/index.php?rest_route=\/wp\/v2\/users\/1"}],"replies":[{"embeddable":true,"href":"https:\/\/bergers-schlagerparadies.de\/index.php?rest_route=%2Fwp%2Fv2%2Fcomments&post=12700"}],"version-history":[{"count":1,"href":"https:\/\/bergers-schlagerparadies.de\/index.php?rest_route=\/wp\/v2\/posts\/12700\/revisions"}],"predecessor-version":[{"id":12703,"href":"https:\/\/bergers-schlagerparadies.de\/index.php?rest_route=\/wp\/v2\/posts\/12700\/revisions\/12703"}],"wp:featuredmedia":[{"embeddable":true,"href":"https:\/\/bergers-schlagerparadies.de\/index.php?rest_route=\/wp\/v2\/media\/12702"}],"wp:attachment":[{"href":"https:\/\/bergers-schlagerparadies.de\/index.php?rest_route=%2Fwp%2Fv2%2Fmedia&parent=12700"}],"wp:term":[{"taxonomy":"category","embeddable":true,"href":"https:\/\/bergers-schlagerparadies.de\/index.php?rest_route=%2Fwp%2Fv2%2Fcategories&post=12700"},{"taxonomy":"post_tag","embeddable":true,"href":"https:\/\/bergers-schlagerparadies.de\/index.php?rest_route=%2Fwp%2Fv2%2Ftags&post=12700"}],"curies":[{"name":"wp","href":"https:\/\/api.w.org\/{rel}","templated":true}]}}