{"id":12682,"date":"2022-08-22T10:30:05","date_gmt":"2022-08-22T08:30:05","guid":{"rendered":"http:\/\/bergers-schlagerparadies.de\/?p=12682"},"modified":"2022-08-26T06:05:31","modified_gmt":"2022-08-26T04:05:31","slug":"anna-carina-woitschack-davon-will-ich-mehr-%c2%b7-bergers-schlagerparadies","status":"publish","type":"post","link":"https:\/\/bergers-schlagerparadies.de\/?p=12682","title":{"rendered":"Anna-Carina Woitschack &#8211; Davon will ich mehr \u00b7 Berger\u00b4s Schlagerparadies"},"content":{"rendered":"<p><img loading=\"lazy\" decoding=\"async\" class=\"size-medium wp-image-12684 alignleft\" src=\"https:\/\/bergers-schlagerparadies.de\/wp-content\/uploads\/2022\/08\/Anna-Carina-Woitschack-Davon-will-ich-mehr-300x300.jpg\" alt=\"\" width=\"300\" height=\"300\" srcset=\"https:\/\/bergers-schlagerparadies.de\/wp-content\/uploads\/2022\/08\/Anna-Carina-Woitschack-Davon-will-ich-mehr-300x300.jpg 300w, https:\/\/bergers-schlagerparadies.de\/wp-content\/uploads\/2022\/08\/Anna-Carina-Woitschack-Davon-will-ich-mehr-1024x1024.jpg 1024w, https:\/\/bergers-schlagerparadies.de\/wp-content\/uploads\/2022\/08\/Anna-Carina-Woitschack-Davon-will-ich-mehr-150x150.jpg 150w, https:\/\/bergers-schlagerparadies.de\/wp-content\/uploads\/2022\/08\/Anna-Carina-Woitschack-Davon-will-ich-mehr-768x768.jpg 768w, https:\/\/bergers-schlagerparadies.de\/wp-content\/uploads\/2022\/08\/Anna-Carina-Woitschack-Davon-will-ich-mehr-1200x1200.jpg 1200w, https:\/\/bergers-schlagerparadies.de\/wp-content\/uploads\/2022\/08\/Anna-Carina-Woitschack-Davon-will-ich-mehr-1188x1188.jpg 1188w, https:\/\/bergers-schlagerparadies.de\/wp-content\/uploads\/2022\/08\/Anna-Carina-Woitschack-Davon-will-ich-mehr-100x100.jpg 100w, https:\/\/bergers-schlagerparadies.de\/wp-content\/uploads\/2022\/08\/Anna-Carina-Woitschack-Davon-will-ich-mehr-1320x1320.jpg 1320w, https:\/\/bergers-schlagerparadies.de\/wp-content\/uploads\/2022\/08\/Anna-Carina-Woitschack-Davon-will-ich-mehr.jpg 1400w\" sizes=\"auto, (max-width: 300px) 100vw, 300px\" \/>Anna-Carina Woitschack hat diesen Herbst gleich doppelten Grund zur Freude. Im Oktober feiert sie ihren 30. Geburtstag \u2013 das sch\u00f6nste Geschenk macht sie sich bereits am 2. September. Da erscheint ihr neues Album \u201eLichtblicke\u201c, mit dem sie uns erneut pure Lebensfreude schenkt.<\/p>\n<p>Als zweite Single-Auskopplung ver\u00f6ffentlicht sie den Gute-Laune-Song \u201eDavon will ich mehr\u201c und sorgt f\u00fcr das perfekte, sp\u00e4tsommerliche Feeling. Diese hitverd\u00e4chtige Nummer besingt den einen magischen Moment, von dem man immer mehr m\u00f6chte. Der moderne und groovig klingende Sound, der die Strophen tr\u00e4gt, trifft auf konservative, tanzbare Elemente im Refrain. Dieser Sound ist f\u00fcr den Schlager eher ungew\u00f6hnlich, trifft aber direkt ins Ohr. So erging es auch Anna-Carina, als das Lied im Songwriter-Camp entstand: \u201eIch sa\u00df dort zusammen mit den Autoren und Komponisten und habe \u00fcberlegt, wof\u00fcr ich stehe. Nat\u00fcrlich f\u00fcr positive Vibes und das Gef\u00fchl von Leichtigkeit. Ich wei\u00df noch, als ich den Song h\u00f6rte, konnte ich sofort mitsingen. Und das ist mir bei meinen Liedern sehr wichtig, dass sie sich schnell einpr\u00e4gen.\u201c<\/p>\n<p>Auch diese Single wurde wieder von Hitmacher Oli Nova produziert und erz\u00e4hlt die bisherige Erfolgsgeschichte von Anna-Carina Woitschack weiter: \u201eIch hatte mit \u201aMach das nochmal mit mir\u2018 meinen bisher erfolgreichsten Titel im Airplay. Da ging es auch um dieses Fordernde! Ich will das nochmal erleben, davon will ich mehr. Auch die vorherige Single \u201aLegend\u00e4r\u2018 hat den einen legend\u00e4ren Moment beschrieben. Und jetzt geht es genau darum, dass man von diesem Moment noch viel mehr m\u00f6chte.\u201c Eine Botschaft, die momentan perfekt zum Leben von Anna-Carina passt.<\/p>\n<p>Im Herbst nimmt sie an dem neuen RTL2-Format \u201eSkate Fever \u2013 Stars auf Rollschuhen\u201c teil. Seit Wochen trainiert sie hart f\u00fcr diese neue TV-Show und w\u00e4chst daf\u00fcr \u00fcber sich selbst hinaus. Auch wenn man denkt, man schafft etwas nicht, geht man doch am Ende \u00fcber seine Grenzen hinaus: \u201eEs ist eine wahnsinnig sch\u00f6ne Botschaft von Dingen mehr zu wollen! Das ist alles, was ich gerade in diesem Jahr erleben durfte. Nun bin ich auch noch ein Teil dieser wunderbaren Sendung.\u201c<br \/>\nIm Oktober hat die S\u00e4ngerin noch einen weiteren Grund zum Feiern: sie feiert ihren 30. Geburtstag und f\u00fchlt sich angekommener denn je: \u201eIch stelle mich neuen Herausforderungen und darf das machen, was ich liebe. Ich wei\u00df mittlerweile genau, was ich will und welche Dinge mich gl\u00fccklich machen.\u201c<\/p>\n<p>Die neue Single verspr\u00fcht eine besondere Leichtigkeit durch den typischen Anna-Carina Sound 2.0, der von tanzbaren Rhythmen getragen wird. \u201eDavon will ich mehr\u201c erscheint am 26. August 2022 bei TELAMO.<\/p>\n<div class=\"l7ghb35v kjdc1dyq kmwttqpk gh25dzvf jikcssrz n3t5jt4f\">\n<div dir=\"auto\"><span style=\"color: #800000;\"><strong>Quelle : Telamo<\/strong><\/span><\/div>\n<\/div>\n<div dir=\"auto\">\n<p><span style=\"color: #800000;\"><strong>Dieser Song ist ab dem 26.08.2022 in allen bekannten Onlineshops erh\u00e4ltlich!<\/strong><\/span><\/p>\n<p><span style=\"color: #800000;\"><strong>Airdate (f\u00fcr Radiosender): 26.08.2022<\/strong><\/span><\/p>\n<\/div>\n","protected":false},"excerpt":{"rendered":"<p>Anna-Carina Woitschack hat diesen Herbst gleich doppelten Grund zur Freude. Im Oktober feiert sie ihren 30. Geburtstag \u2013 das sch\u00f6nste Geschenk macht sie sich bereits am 2. September. Da erscheint ihr neues Album \u201eLichtblicke\u201c, mit dem sie uns erneut pure Lebensfreude schenkt. Als zweite Single-Auskopplung ver\u00f6ffentlicht sie den Gute-Laune-Song \u201eDavon will ich mehr\u201c und sorgt f\u00fcr das perfekte, sp\u00e4tsommerliche Feeling. Diese hitverd\u00e4chtige Nummer besingt den einen magischen Moment, von dem man immer mehr m\u00f6chte. Der moderne und groovig klingende Sound, der die Strophen tr\u00e4gt, trifft auf konservative, tanzbare Elemente im Refrain. Dieser Sound ist f\u00fcr den Schlager eher ungew\u00f6hnlich, trifft aber direkt ins Ohr. So&#8230;<\/p>\n","protected":false},"author":1,"featured_media":12684,"comment_status":"closed","ping_status":"closed","sticky":false,"template":"","format":"standard","meta":{"footnotes":""},"categories":[2],"tags":[567],"class_list":["post-12682","post","type-post","status-publish","format-standard","has-post-thumbnail","hentry","category-schlager","tag-anna-carina-woitschack","wpcat-2-id"],"_links":{"self":[{"href":"https:\/\/bergers-schlagerparadies.de\/index.php?rest_route=\/wp\/v2\/posts\/12682","targetHints":{"allow":["GET"]}}],"collection":[{"href":"https:\/\/bergers-schlagerparadies.de\/index.php?rest_route=\/wp\/v2\/posts"}],"about":[{"href":"https:\/\/bergers-schlagerparadies.de\/index.php?rest_route=\/wp\/v2\/types\/post"}],"author":[{"embeddable":true,"href":"https:\/\/bergers-schlagerparadies.de\/index.php?rest_route=\/wp\/v2\/users\/1"}],"replies":[{"embeddable":true,"href":"https:\/\/bergers-schlagerparadies.de\/index.php?rest_route=%2Fwp%2Fv2%2Fcomments&post=12682"}],"version-history":[{"count":1,"href":"https:\/\/bergers-schlagerparadies.de\/index.php?rest_route=\/wp\/v2\/posts\/12682\/revisions"}],"predecessor-version":[{"id":12685,"href":"https:\/\/bergers-schlagerparadies.de\/index.php?rest_route=\/wp\/v2\/posts\/12682\/revisions\/12685"}],"wp:featuredmedia":[{"embeddable":true,"href":"https:\/\/bergers-schlagerparadies.de\/index.php?rest_route=\/wp\/v2\/media\/12684"}],"wp:attachment":[{"href":"https:\/\/bergers-schlagerparadies.de\/index.php?rest_route=%2Fwp%2Fv2%2Fmedia&parent=12682"}],"wp:term":[{"taxonomy":"category","embeddable":true,"href":"https:\/\/bergers-schlagerparadies.de\/index.php?rest_route=%2Fwp%2Fv2%2Fcategories&post=12682"},{"taxonomy":"post_tag","embeddable":true,"href":"https:\/\/bergers-schlagerparadies.de\/index.php?rest_route=%2Fwp%2Fv2%2Ftags&post=12682"}],"curies":[{"name":"wp","href":"https:\/\/api.w.org\/{rel}","templated":true}]}}