{"id":12651,"date":"2022-08-22T10:30:13","date_gmt":"2022-08-22T08:30:13","guid":{"rendered":"http:\/\/bergers-schlagerparadies.de\/?p=12651"},"modified":"2022-08-25T22:47:31","modified_gmt":"2022-08-25T20:47:31","slug":"katrin-elsmann-einfach-bunt-album-%c2%b7-bergers-schlagerparadies","status":"publish","type":"post","link":"https:\/\/bergers-schlagerparadies.de\/?p=12651","title":{"rendered":"Katrin Elsmann &#8211; Einfach bunt! (Album) \u00b7 Berger\u00b4s Schlagerparadies"},"content":{"rendered":"<p><img loading=\"lazy\" decoding=\"async\" class=\"size-medium wp-image-12653 alignleft\" src=\"https:\/\/bergers-schlagerparadies.de\/wp-content\/uploads\/2022\/08\/Katrin-Elsmann-Einfach-bunt-300x300.jpg\" alt=\"\" width=\"300\" height=\"300\" srcset=\"https:\/\/bergers-schlagerparadies.de\/wp-content\/uploads\/2022\/08\/Katrin-Elsmann-Einfach-bunt-300x300.jpg 300w, https:\/\/bergers-schlagerparadies.de\/wp-content\/uploads\/2022\/08\/Katrin-Elsmann-Einfach-bunt-1024x1024.jpg 1024w, https:\/\/bergers-schlagerparadies.de\/wp-content\/uploads\/2022\/08\/Katrin-Elsmann-Einfach-bunt-150x150.jpg 150w, https:\/\/bergers-schlagerparadies.de\/wp-content\/uploads\/2022\/08\/Katrin-Elsmann-Einfach-bunt-768x768.jpg 768w, https:\/\/bergers-schlagerparadies.de\/wp-content\/uploads\/2022\/08\/Katrin-Elsmann-Einfach-bunt.jpg 1200w, https:\/\/bergers-schlagerparadies.de\/wp-content\/uploads\/2022\/08\/Katrin-Elsmann-Einfach-bunt-1188x1188.jpg 1188w, https:\/\/bergers-schlagerparadies.de\/wp-content\/uploads\/2022\/08\/Katrin-Elsmann-Einfach-bunt-100x100.jpg 100w\" sizes=\"auto, (max-width: 300px) 100vw, 300px\" \/>WENN ICH SINGE, BIN ICH SO LEBENDIG WIE NIE!<\/p>\n<p>Trotz MS und nach gewonnenem Kampf gegen den Brustkrebs bringt Katrin Elsmann ihr erstes Album auf den Markt.<\/p>\n<p>EINFACH BUNT! Das Album von S\u00e4ngerin Katrin Elsmann erscheint am 02.09.2022 \u00fcberall digital und in einer limitierten Auflage als physische CD.<\/p>\n<p>11 zauberhafte und bewegende Songs \u00fcber das Leben, das Katrin schon so manches Mal hart auf die Probe gestellt hat. Nicht nur die Diagnose Multiple Sklerose, auch ihr Kampf gegen den Brustkrebs haben Katrin zu dem Menschen gemacht, der sie heute ist. Und es war ihr sehnlichster Wunsch, ihre Reise, ihre Gef\u00fchle und ihre Farben in Musik auszudr\u00fccken.<\/p>\n<p>Trotz allen Schicksalsschl\u00e4gen spr\u00fcht Katrin heute wieder vor Lebensfreude und ist ein gro\u00dfes Vorbild f\u00fcr viele Menschen in ihrem pers\u00f6nlichen und k\u00fcnstlerischen Umfeld. Die schwere Zeit steht sie vor allem durch die Liebe zu ihrem Mann Rainer durch. Aber nicht zuletzt ist es auch die Musik, die sie immer wieder motiviert. Katrin Elsmann will zeigen, dass es sich immer lohnt, zu k\u00e4mpfen. Auch dann, wenn es unm\u00f6glich scheint.<\/p>\n<p>Bewegt und beeindruckt von Katrins unb\u00e4ndiger Lebensfreude und Energie beginnt das Produzententeam Andreas Lebbing (Studio Wolkenschloss) und Alexander Menke (Studio Maschen) 2020 die Arbeit an eigenen Songs. Die Texte liefert Carolin Fr\u00f6lian (Studio Wolkenschloss), die sich daf\u00fcr intensiv mit Katrins Geschichte auseinandersetzt, aber manchmal auch einfach \u201enur\u201c gut zuh\u00f6rt.<\/p>\n<p>Entstanden ist ein sehr pers\u00f6nliches, bewegendes und am Ende sehr motivierendes Album einer ganz besonderen K\u00fcnstlerin. Musikalisch zwischen beschwingtem Pop, anspruchsvollem Schlager, lebendigen Sounds, aber auch gef\u00fchlvoller Balladen-Power. Eben EINFACH BUNT!<\/p>\n<p><span style=\"color: #800000;\"><strong>Quelle: Wolkenschloss<\/strong><\/span><\/p>\n<p><span style=\"color: #800000;\"><strong>Dieses Album ist ab dem 02.09.2022 in allen bekannten Onlineshops erh\u00e4ltlich!<\/strong><\/span><\/p>\n<p><span style=\"color: #800000;\"><strong>Airdate (f\u00fcr Radiosender): 26.08.2022<\/strong><\/span><\/p>\n","protected":false},"excerpt":{"rendered":"<p>WENN ICH SINGE, BIN ICH SO LEBENDIG WIE NIE! Trotz MS und nach gewonnenem Kampf gegen den Brustkrebs bringt Katrin Elsmann ihr erstes Album auf den Markt. EINFACH BUNT! Das Album von S\u00e4ngerin Katrin Elsmann erscheint am 02.09.2022 \u00fcberall digital und in einer limitierten Auflage als physische CD. 11 zauberhafte und bewegende Songs \u00fcber das Leben, das Katrin schon so manches Mal hart auf die Probe gestellt hat. Nicht nur die Diagnose Multiple Sklerose, auch ihr Kampf gegen den Brustkrebs haben Katrin zu dem Menschen gemacht, der sie heute ist. Und es war ihr sehnlichster Wunsch, ihre Reise, ihre Gef\u00fchle und ihre Farben in Musik&#8230;<\/p>\n","protected":false},"author":1,"featured_media":12653,"comment_status":"closed","ping_status":"closed","sticky":false,"template":"","format":"standard","meta":{"footnotes":""},"categories":[2],"tags":[1311],"class_list":["post-12651","post","type-post","status-publish","format-standard","has-post-thumbnail","hentry","category-schlager","tag-katrin-elsmann","wpcat-2-id"],"_links":{"self":[{"href":"https:\/\/bergers-schlagerparadies.de\/index.php?rest_route=\/wp\/v2\/posts\/12651","targetHints":{"allow":["GET"]}}],"collection":[{"href":"https:\/\/bergers-schlagerparadies.de\/index.php?rest_route=\/wp\/v2\/posts"}],"about":[{"href":"https:\/\/bergers-schlagerparadies.de\/index.php?rest_route=\/wp\/v2\/types\/post"}],"author":[{"embeddable":true,"href":"https:\/\/bergers-schlagerparadies.de\/index.php?rest_route=\/wp\/v2\/users\/1"}],"replies":[{"embeddable":true,"href":"https:\/\/bergers-schlagerparadies.de\/index.php?rest_route=%2Fwp%2Fv2%2Fcomments&post=12651"}],"version-history":[{"count":1,"href":"https:\/\/bergers-schlagerparadies.de\/index.php?rest_route=\/wp\/v2\/posts\/12651\/revisions"}],"predecessor-version":[{"id":12657,"href":"https:\/\/bergers-schlagerparadies.de\/index.php?rest_route=\/wp\/v2\/posts\/12651\/revisions\/12657"}],"wp:featuredmedia":[{"embeddable":true,"href":"https:\/\/bergers-schlagerparadies.de\/index.php?rest_route=\/wp\/v2\/media\/12653"}],"wp:attachment":[{"href":"https:\/\/bergers-schlagerparadies.de\/index.php?rest_route=%2Fwp%2Fv2%2Fmedia&parent=12651"}],"wp:term":[{"taxonomy":"category","embeddable":true,"href":"https:\/\/bergers-schlagerparadies.de\/index.php?rest_route=%2Fwp%2Fv2%2Fcategories&post=12651"},{"taxonomy":"post_tag","embeddable":true,"href":"https:\/\/bergers-schlagerparadies.de\/index.php?rest_route=%2Fwp%2Fv2%2Ftags&post=12651"}],"curies":[{"name":"wp","href":"https:\/\/api.w.org\/{rel}","templated":true}]}}