{"id":12585,"date":"2022-08-15T10:30:46","date_gmt":"2022-08-15T08:30:46","guid":{"rendered":"http:\/\/bergers-schlagerparadies.de\/?p=12585"},"modified":"2022-08-18T21:34:51","modified_gmt":"2022-08-18T19:34:51","slug":"irren-sheer-ab-jetzt-wird-gelebt-%c2%b7-bergers-schlagerparadies","status":"publish","type":"post","link":"https:\/\/bergers-schlagerparadies.de\/?p=12585","title":{"rendered":"Irren Sheer &#8211; Ab jetzt wird gelebt \u00b7 Berger\u00b4s Schlagerparadies"},"content":{"rendered":"<div class=\"l7ghb35v kjdc1dyq kmwttqpk gh25dzvf jikcssrz n3t5jt4f\">\n<div dir=\"auto\"><img loading=\"lazy\" decoding=\"async\" class=\"size-medium wp-image-12587 alignleft\" src=\"https:\/\/bergers-schlagerparadies.de\/wp-content\/uploads\/2022\/08\/Irren-Sheer-Ab-jetzt-wird-gelebt-300x300.jpg\" alt=\"\" width=\"300\" height=\"300\" srcset=\"https:\/\/bergers-schlagerparadies.de\/wp-content\/uploads\/2022\/08\/Irren-Sheer-Ab-jetzt-wird-gelebt-300x300.jpg 300w, https:\/\/bergers-schlagerparadies.de\/wp-content\/uploads\/2022\/08\/Irren-Sheer-Ab-jetzt-wird-gelebt-1024x1024.jpg 1024w, https:\/\/bergers-schlagerparadies.de\/wp-content\/uploads\/2022\/08\/Irren-Sheer-Ab-jetzt-wird-gelebt-150x150.jpg 150w, https:\/\/bergers-schlagerparadies.de\/wp-content\/uploads\/2022\/08\/Irren-Sheer-Ab-jetzt-wird-gelebt-768x768.jpg 768w, https:\/\/bergers-schlagerparadies.de\/wp-content\/uploads\/2022\/08\/Irren-Sheer-Ab-jetzt-wird-gelebt-1200x1200.jpg 1200w, https:\/\/bergers-schlagerparadies.de\/wp-content\/uploads\/2022\/08\/Irren-Sheer-Ab-jetzt-wird-gelebt-1188x1188.jpg 1188w, https:\/\/bergers-schlagerparadies.de\/wp-content\/uploads\/2022\/08\/Irren-Sheer-Ab-jetzt-wird-gelebt-100x100.jpg 100w, https:\/\/bergers-schlagerparadies.de\/wp-content\/uploads\/2022\/08\/Irren-Sheer-Ab-jetzt-wird-gelebt-1320x1320.jpg 1320w, https:\/\/bergers-schlagerparadies.de\/wp-content\/uploads\/2022\/08\/Irren-Sheer-Ab-jetzt-wird-gelebt.jpg 1440w\" sizes=\"auto, (max-width: 300px) 100vw, 300px\" \/>Die Grand Dame des Schlagers <span class=\"rse6dlih\">Ireen Sheer<\/span> ist in ihrem Abschiedsjahr. Um mehr freie Zeit zu haben, hat sich die geb\u00fcrtige Britin nach 60 Jahren auf der B\u00fchne entschlossen, die Showb\u00fchne endg\u00fcltig zu verlassen. Ende 2022 geht somit eine besondere \u00c4ra deutscher Musikgeschichte zu Ende! (Letzte Ausnahme: Die Sendung \u201cSchlagerchampions 2023 \u2013 Das gro\u00dfe Fest der Besten\u201d am 14. Januar kommenden Jahres!)<\/div>\n<\/div>\n<div class=\"l7ghb35v kjdc1dyq kmwttqpk gh25dzvf jikcssrz n3t5jt4f\">\n<div dir=\"auto\">Aber nat\u00fcrlich geht der Kultstar nicht, ohne sich noch geb\u00fchrend von ihren Fans zu verabschieden. Mit <span class=\"rse6dlih\">Andr\u00e9 Stade<\/span> produzierte Ireen Sheer ihr Abschiedsalbum \u201eAuf Wiedersehn- Goodbye\u201c.<\/div>\n<\/div>\n<div class=\"l7ghb35v kjdc1dyq kmwttqpk gh25dzvf jikcssrz n3t5jt4f\">\n<div dir=\"auto\">Die neue Single-Auskopplung \u201eAb jetzt wird gelebt\u201c (Text: <span class=\"rse6dlih\">Tanja Lasch<\/span>) handelt von der Zeit nach ihrem musikalischen Kapitel, das schon bald endet: \u201eDas ist ein Titel, der spr\u00fcht einfach vor Leben. Das ist mein letztes Jahr im Showgesch\u00e4ft. Auch wenn ich die B\u00fchne bestimmt vermissen werde, ich freue mich wahnsinnig auf die Zeit danach. Wir haben sehr viel vor \u2013 Reisen und unseren Hobbies nachgehen. Endlich in Ruhe auf dem Wannsee mit unserem Boot entspannen. Wir konnten vieles nicht machen, weil wir sehr viel unterwegs waren. Ich habe diese Jahre allesamt genossen, aber nun widme ich mich mehr meinem Privatleben und genie\u00dfe die kommenden Jahre mit meinen Liebsten.\u201c<\/div>\n<\/div>\n<div class=\"l7ghb35v kjdc1dyq kmwttqpk gh25dzvf jikcssrz n3t5jt4f\">\n<div dir=\"auto\">Mit 73 Jahren macht Ireen Sheer zwar Schluss, aber nicht ohne neue Songs zu ver\u00f6ffentlichen: \u201eWir haben lange dar\u00fcber nachgedacht, wann ein guter Zeitpunkt ist um aufzuh\u00f6ren. Der neue Song ist quasi mein Abschiedsmotto: Ab jetzt wird gelebt!\u201c<\/div>\n<\/div>\n<div class=\"l7ghb35v kjdc1dyq kmwttqpk gh25dzvf jikcssrz n3t5jt4f\">\n<div dir=\"auto\">Zeilen, wie \u201eIrgendwann wurde uns mal Zeit geschenkt, sie wartet nicht auf dich\u201c oder \u201eSind wir auch planlos, wir kommen an. Drau\u00dfen, da tobt das Leben\u201c machen deutlich, dass sich die Kult-S\u00e4ngerin auf die Zeit nach ihrer langen Karriere freut. Gemeinsam mit ihrem Mann m\u00f6chte sie noch vieles sehen, viel erleben und mehr Zeit f\u00fcr ihre Familie haben.<\/div>\n<\/div>\n<div class=\"l7ghb35v kjdc1dyq kmwttqpk gh25dzvf jikcssrz n3t5jt4f\">\n<div dir=\"auto\">Ihr neues Lied leitet das zweite Kapitel ihres Lebens ein, aber bis dahin haben wir zum Gl\u00fcck noch ein paar Monate Zeit. Ireen Sheer steht in 2022 noch regelm\u00e4\u00dfig auf der B\u00fchne und ist in vielen TV-Shows zu Gast, um ihr Abschiedsjahr standesgem\u00e4\u00df zu zelebrieren \u2013 erst danach verl\u00e4sst sie die Showb\u00fchne f\u00fcr immer.<\/div>\n<\/div>\n<div class=\"l7ghb35v kjdc1dyq kmwttqpk gh25dzvf jikcssrz n3t5jt4f\">\n<div dir=\"auto\">Die gro\u00dfe Verabschiedung von \u201cLady Show\u201d erfolgt \u2013 nach jetzigem Stand \u2013 am 14. Januar (2023) in der von <span class=\"rse6dlih\">Florian Silbereisen<\/span> pr\u00e4sentierten Eurovisionsshow \u201cSchlagerchampions 2023 \u2013 Das gro\u00dfe Fest der Besten\u201d.<\/div>\n<div dir=\"auto\"><\/div>\n<\/div>\n<div class=\"l7ghb35v kjdc1dyq kmwttqpk gh25dzvf jikcssrz n3t5jt4f\">\n<div dir=\"auto\"><span style=\"color: #800000;\"><strong>Quelle : Telamo<\/strong><\/span><\/div>\n<\/div>\n<div dir=\"auto\"><\/div>\n<div dir=\"auto\"><span style=\"color: #800000;\"><strong>Dieser Song ist ab dem 19.08.2022 in allen bekannten Onlineshops erh\u00e4ltlich!<\/strong><\/span><\/p>\n<p><span style=\"color: #800000;\"><strong>Airdate (f\u00fcr Radiosender): 19.08.2022<\/strong><\/span><\/div>\n","protected":false},"excerpt":{"rendered":"<p>Die Grand Dame des Schlagers Ireen Sheer ist in ihrem Abschiedsjahr. Um mehr freie Zeit zu haben, hat sich die geb\u00fcrtige Britin nach 60 Jahren auf der B\u00fchne entschlossen, die Showb\u00fchne endg\u00fcltig zu verlassen. Ende 2022 geht somit eine besondere \u00c4ra deutscher Musikgeschichte zu Ende! (Letzte Ausnahme: Die Sendung \u201cSchlagerchampions 2023 \u2013 Das gro\u00dfe Fest der Besten\u201d am 14. Januar kommenden Jahres!) Aber nat\u00fcrlich geht der Kultstar nicht, ohne sich noch geb\u00fchrend von ihren Fans zu verabschieden. Mit Andr\u00e9 Stade produzierte Ireen Sheer ihr Abschiedsalbum \u201eAuf Wiedersehn- Goodbye\u201c. Die neue Single-Auskopplung \u201eAb jetzt wird gelebt\u201c (Text: Tanja Lasch) handelt von der Zeit nach ihrem musikalischen&#8230;<\/p>\n","protected":false},"author":1,"featured_media":12587,"comment_status":"closed","ping_status":"closed","sticky":false,"template":"","format":"standard","meta":{"footnotes":""},"categories":[2],"tags":[1444],"class_list":["post-12585","post","type-post","status-publish","format-standard","has-post-thumbnail","hentry","category-schlager","tag-irren-sheer","wpcat-2-id"],"_links":{"self":[{"href":"https:\/\/bergers-schlagerparadies.de\/index.php?rest_route=\/wp\/v2\/posts\/12585","targetHints":{"allow":["GET"]}}],"collection":[{"href":"https:\/\/bergers-schlagerparadies.de\/index.php?rest_route=\/wp\/v2\/posts"}],"about":[{"href":"https:\/\/bergers-schlagerparadies.de\/index.php?rest_route=\/wp\/v2\/types\/post"}],"author":[{"embeddable":true,"href":"https:\/\/bergers-schlagerparadies.de\/index.php?rest_route=\/wp\/v2\/users\/1"}],"replies":[{"embeddable":true,"href":"https:\/\/bergers-schlagerparadies.de\/index.php?rest_route=%2Fwp%2Fv2%2Fcomments&post=12585"}],"version-history":[{"count":1,"href":"https:\/\/bergers-schlagerparadies.de\/index.php?rest_route=\/wp\/v2\/posts\/12585\/revisions"}],"predecessor-version":[{"id":12588,"href":"https:\/\/bergers-schlagerparadies.de\/index.php?rest_route=\/wp\/v2\/posts\/12585\/revisions\/12588"}],"wp:featuredmedia":[{"embeddable":true,"href":"https:\/\/bergers-schlagerparadies.de\/index.php?rest_route=\/wp\/v2\/media\/12587"}],"wp:attachment":[{"href":"https:\/\/bergers-schlagerparadies.de\/index.php?rest_route=%2Fwp%2Fv2%2Fmedia&parent=12585"}],"wp:term":[{"taxonomy":"category","embeddable":true,"href":"https:\/\/bergers-schlagerparadies.de\/index.php?rest_route=%2Fwp%2Fv2%2Fcategories&post=12585"},{"taxonomy":"post_tag","embeddable":true,"href":"https:\/\/bergers-schlagerparadies.de\/index.php?rest_route=%2Fwp%2Fv2%2Ftags&post=12585"}],"curies":[{"name":"wp","href":"https:\/\/api.w.org\/{rel}","templated":true}]}}