{"id":12575,"date":"2022-08-15T10:30:14","date_gmt":"2022-08-15T08:30:14","guid":{"rendered":"http:\/\/bergers-schlagerparadies.de\/?p=12575"},"modified":"2022-08-18T20:55:01","modified_gmt":"2022-08-18T18:55:01","slug":"linda-feller-peter-sebastian-ich-kann-nicht-lachen-wenn-du-traurig-bist-%c2%b7-bergers-schlagerparadies","status":"publish","type":"post","link":"https:\/\/bergers-schlagerparadies.de\/?p=12575","title":{"rendered":"Linda Feller &#038; Peter Sebastian &#8211; Ich Kann Nicht Lachen, Wenn Du Traurig Bist \u00b7 Berger\u00b4s Schlagerparadies"},"content":{"rendered":"<p style=\"text-align: justify;\"><span style=\"font-size: 11.0pt; font-family: 'Arial',sans-serif;\"><img loading=\"lazy\" decoding=\"async\" class=\"size-medium wp-image-12577 alignleft\" src=\"https:\/\/bergers-schlagerparadies.de\/wp-content\/uploads\/2022\/08\/Linda-Feller-Peter-Sebastian-Ich-Kann-Nicht-Lachen-Wenn-Du-Traurig-Bist-300x300.jpg\" alt=\"\" width=\"300\" height=\"300\" srcset=\"https:\/\/bergers-schlagerparadies.de\/wp-content\/uploads\/2022\/08\/Linda-Feller-Peter-Sebastian-Ich-Kann-Nicht-Lachen-Wenn-Du-Traurig-Bist-300x300.jpg 300w, https:\/\/bergers-schlagerparadies.de\/wp-content\/uploads\/2022\/08\/Linda-Feller-Peter-Sebastian-Ich-Kann-Nicht-Lachen-Wenn-Du-Traurig-Bist-1024x1024.jpg 1024w, https:\/\/bergers-schlagerparadies.de\/wp-content\/uploads\/2022\/08\/Linda-Feller-Peter-Sebastian-Ich-Kann-Nicht-Lachen-Wenn-Du-Traurig-Bist-150x150.jpg 150w, https:\/\/bergers-schlagerparadies.de\/wp-content\/uploads\/2022\/08\/Linda-Feller-Peter-Sebastian-Ich-Kann-Nicht-Lachen-Wenn-Du-Traurig-Bist-768x768.jpg 768w, https:\/\/bergers-schlagerparadies.de\/wp-content\/uploads\/2022\/08\/Linda-Feller-Peter-Sebastian-Ich-Kann-Nicht-Lachen-Wenn-Du-Traurig-Bist-1200x1200.jpg 1200w, https:\/\/bergers-schlagerparadies.de\/wp-content\/uploads\/2022\/08\/Linda-Feller-Peter-Sebastian-Ich-Kann-Nicht-Lachen-Wenn-Du-Traurig-Bist-1188x1188.jpg 1188w, https:\/\/bergers-schlagerparadies.de\/wp-content\/uploads\/2022\/08\/Linda-Feller-Peter-Sebastian-Ich-Kann-Nicht-Lachen-Wenn-Du-Traurig-Bist-100x100.jpg 100w, https:\/\/bergers-schlagerparadies.de\/wp-content\/uploads\/2022\/08\/Linda-Feller-Peter-Sebastian-Ich-Kann-Nicht-Lachen-Wenn-Du-Traurig-Bist-1320x1320.jpg 1320w, https:\/\/bergers-schlagerparadies.de\/wp-content\/uploads\/2022\/08\/Linda-Feller-Peter-Sebastian-Ich-Kann-Nicht-Lachen-Wenn-Du-Traurig-Bist.jpg 1440w\" sizes=\"auto, (max-width: 300px) 100vw, 300px\" \/>Fast ein Jahr ist es her, dass es beim gro\u00dfen Berliner Schlager Olymp eine \u201eschicksalhafte Begegnung\u201c gab: \u201eMr. Gute Laune\u201c PETER SEBASTIAN traf \u201eLady Country\u201c LINDA FELLER. Schnell stellte sich heraus, dass die beiden sich nicht nur menschlich sehr gut verstehen, sondern auch musikalisch extrem gut zueinander passen. PETERs angenehme tiefe Bassstimme passt perfekt zur glockenklaren Sopranstimme von LINDA. <\/span><\/p>\n<p style=\"text-align: justify;\"><span style=\"font-size: 11.0pt; font-family: 'Arial',sans-serif;\">Ob das, was theoretisch passen m\u00fcsste, auch \u201ewirklich\u201c passt, haben die beiden herausgefunden, indem sie einen Klassiker der Countrymusik neu aufgenommen haben, der in Deutschland als Schlager Bekanntheit erlangt hat. IBO machte aus \u201eI Got Mexico\u201c seinen Song \u201eIbiza\u201c. LINDA &amp; PETER haben erstmals den deutschen Text als Country version aufgenommen \u2013 mit herausragendem Erfolg \u2013 egal ob im Airplay (z. B. Schlagerparadies) oder bei DJ-Charts (z. B. Offizielle Deutsche Party- und Schlagercharts). <\/span><\/p>\n<p style=\"text-align: justify;\"><span style=\"font-size: 11.0pt; font-family: 'Arial',sans-serif;\">Der Erfolg der \u201eDebutsingle\u201c des Duetts, das eigentlich als \u201eSpa\u00dfprojekt\u201c gedacht war, hat LINDA und PETER dazu befl\u00fcgelt, erneut zusammen ins Grass Groof-Studio des Produzenten CHRISTOPH LEIS-BENDORFF zu gehen, der bekanntlich selbst eine Schlagerlegende ist, weil er als Backgrounds\u00e4nger f\u00fcr Gr\u00f6\u00dfen wie HELENE FISCHER, BEATRICE EGLI und ANDREA BERG t\u00e4tig war. W\u00e4hrend bei \u201eIbiza\u201c noch der Partycharakter im Fokus stand, ist bei der neuen Single \u201eIch kann nicht lachen, wenn du traurig bist\u201c der Country-Einschlag nicht zu \u00fcberh\u00f6ren. <\/span><\/p>\n<p style=\"text-align: justify;\"><span style=\"font-size: 11.0pt; font-family: 'Arial',sans-serif;\">Den Song haben PETER und CHRISTOPH vor ca. 25 Jahren geschrieben \u2013 der Inhalt des Liedes ist aber aktueller denn je, geht es in dem Lied doch um eine innige Liebe, die voller Empathie ist. Wenn der Partner traurig ist, kann sein Gegen\u00fcber auch nicht gl\u00fccklich sein, so die Aussage des von PETER gemeinsam mit AGNES THOM\u00c9 getexteten Songs. Romantikern d\u00fcrften Zeilen wie \u201eIch kann nicht schlafen, wenn du nicht bei mir bist\u201c sehr gut gefallen. <\/span><\/p>\n<p style=\"text-align: justify;\"><span style=\"font-size: 11.0pt; font-family: 'Arial',sans-serif;\">Die Strophen singen PETER und LINDA getrennt voneinander, was den reizvollen Kontrast der m\u00e4nnlich-markanten Stimme PETERs und der feminin-sexy Stimme LINDAs betont. Im gemeinsam gesungenen Refrain ist zu h\u00f6ren, wie gut die beiden Stimmen zueinander passen \u2013 perfekt von CHRISTOPH LEIS-BENDORFF in Szene gesetzt. <\/span><\/p>\n<p style=\"text-align: justify;\"><span style=\"font-size: 11.0pt; font-family: 'Arial',sans-serif;\">Manchen Schlagerfans d\u00fcrfte der Song \u00fcbrigens nicht unbekannt sein \u2013 den Titel pr\u00e4sentierte 1998 die niederl\u00e4ndische S\u00e4ngerin SASJA VELT bei den von DIETER THOMAS HECK moderierten Deutschen Schlagerfestspielen 1998 \u2013 dieser im tanzbaren Shuffle-Rhythmus aufgenommene Schlager war quasi pr\u00e4destiniert, um im Sommer 2022 von LINDA FELELR und PETER SEBASTIAN in ein neues Gewand gekleidet zu werden. <\/span><\/p>\n<p style=\"text-align: justify;\"><span style=\"font-size: 11.0pt; font-family: 'Arial',sans-serif;\">Der Song wird am 18.08.2022 auf allen g\u00e4ngigen Streaming- und Downloadportalen zu haben sein. (Geschrieben von Stephan Imming)<\/span><\/p>\n<p><span style=\"color: #800000;\"><strong>Quelle: TOI TOI TOI RECORDS<\/strong><\/span><\/p>\n<p><span style=\"color: #800000;\"><strong>Dieser Song ist ab dem 19.08.2022 in allen bekannten Onlineshops erh\u00e4ltlich!<\/strong><\/span><\/p>\n<p><span style=\"color: #800000;\"><strong>Airdate (f\u00fcr Radiosender): 19.08.2022<\/strong><\/span><\/p>\n","protected":false},"excerpt":{"rendered":"<p>Fast ein Jahr ist es her, dass es beim gro\u00dfen Berliner Schlager Olymp eine \u201eschicksalhafte Begegnung\u201c gab: \u201eMr. Gute Laune\u201c PETER SEBASTIAN traf \u201eLady Country\u201c LINDA FELLER. Schnell stellte sich heraus, dass die beiden sich nicht nur menschlich sehr gut verstehen, sondern auch musikalisch extrem gut zueinander passen. PETERs angenehme tiefe Bassstimme passt perfekt zur glockenklaren Sopranstimme von LINDA. Ob das, was theoretisch passen m\u00fcsste, auch \u201ewirklich\u201c passt, haben die beiden herausgefunden, indem sie einen Klassiker der Countrymusik neu aufgenommen haben, der in Deutschland als Schlager Bekanntheit erlangt hat. IBO machte aus \u201eI Got Mexico\u201c seinen Song \u201eIbiza\u201c. LINDA &amp; PETER haben erstmals den deutschen&#8230;<\/p>\n","protected":false},"author":1,"featured_media":12577,"comment_status":"closed","ping_status":"closed","sticky":false,"template":"","format":"standard","meta":{"footnotes":""},"categories":[2],"tags":[1280],"class_list":["post-12575","post","type-post","status-publish","format-standard","has-post-thumbnail","hentry","category-schlager","tag-linda-feller-peter-sebastian","wpcat-2-id"],"_links":{"self":[{"href":"https:\/\/bergers-schlagerparadies.de\/index.php?rest_route=\/wp\/v2\/posts\/12575","targetHints":{"allow":["GET"]}}],"collection":[{"href":"https:\/\/bergers-schlagerparadies.de\/index.php?rest_route=\/wp\/v2\/posts"}],"about":[{"href":"https:\/\/bergers-schlagerparadies.de\/index.php?rest_route=\/wp\/v2\/types\/post"}],"author":[{"embeddable":true,"href":"https:\/\/bergers-schlagerparadies.de\/index.php?rest_route=\/wp\/v2\/users\/1"}],"replies":[{"embeddable":true,"href":"https:\/\/bergers-schlagerparadies.de\/index.php?rest_route=%2Fwp%2Fv2%2Fcomments&post=12575"}],"version-history":[{"count":1,"href":"https:\/\/bergers-schlagerparadies.de\/index.php?rest_route=\/wp\/v2\/posts\/12575\/revisions"}],"predecessor-version":[{"id":12578,"href":"https:\/\/bergers-schlagerparadies.de\/index.php?rest_route=\/wp\/v2\/posts\/12575\/revisions\/12578"}],"wp:featuredmedia":[{"embeddable":true,"href":"https:\/\/bergers-schlagerparadies.de\/index.php?rest_route=\/wp\/v2\/media\/12577"}],"wp:attachment":[{"href":"https:\/\/bergers-schlagerparadies.de\/index.php?rest_route=%2Fwp%2Fv2%2Fmedia&parent=12575"}],"wp:term":[{"taxonomy":"category","embeddable":true,"href":"https:\/\/bergers-schlagerparadies.de\/index.php?rest_route=%2Fwp%2Fv2%2Fcategories&post=12575"},{"taxonomy":"post_tag","embeddable":true,"href":"https:\/\/bergers-schlagerparadies.de\/index.php?rest_route=%2Fwp%2Fv2%2Ftags&post=12575"}],"curies":[{"name":"wp","href":"https:\/\/api.w.org\/{rel}","templated":true}]}}