{"id":12565,"date":"2022-08-08T10:30:34","date_gmt":"2022-08-08T08:30:34","guid":{"rendered":"http:\/\/bergers-schlagerparadies.de\/?p=12565"},"modified":"2022-08-12T13:20:05","modified_gmt":"2022-08-12T11:20:05","slug":"bjoern-landberg-weil-ich-dich-liebe-%c2%b7-bergers-schlagerparadies","status":"publish","type":"post","link":"https:\/\/bergers-schlagerparadies.de\/?p=12565","title":{"rendered":"Bj\u00f6rn Landberg &#8211; Weil ich dich liebe \u00b7 Berger\u00b4s Schlagerparadies"},"content":{"rendered":"<div class=\"cxmmr5t8 oygrvhab hcukyx3x c1et5uql o9v6fnle ii04i59q\">\n<div dir=\"auto\"><img loading=\"lazy\" decoding=\"async\" class=\"size-medium wp-image-12567 alignleft\" src=\"https:\/\/bergers-schlagerparadies.de\/wp-content\/uploads\/2022\/08\/Bjoern-Landberg-Weil-ich-dich-liebe-300x300.jpg\" alt=\"\" width=\"300\" height=\"300\" srcset=\"https:\/\/bergers-schlagerparadies.de\/wp-content\/uploads\/2022\/08\/Bjoern-Landberg-Weil-ich-dich-liebe-300x300.jpg 300w, https:\/\/bergers-schlagerparadies.de\/wp-content\/uploads\/2022\/08\/Bjoern-Landberg-Weil-ich-dich-liebe-1024x1024.jpg 1024w, https:\/\/bergers-schlagerparadies.de\/wp-content\/uploads\/2022\/08\/Bjoern-Landberg-Weil-ich-dich-liebe-150x150.jpg 150w, https:\/\/bergers-schlagerparadies.de\/wp-content\/uploads\/2022\/08\/Bjoern-Landberg-Weil-ich-dich-liebe-768x768.jpg 768w, https:\/\/bergers-schlagerparadies.de\/wp-content\/uploads\/2022\/08\/Bjoern-Landberg-Weil-ich-dich-liebe-1536x1536.jpg 1536w, https:\/\/bergers-schlagerparadies.de\/wp-content\/uploads\/2022\/08\/Bjoern-Landberg-Weil-ich-dich-liebe-1200x1200.jpg 1200w, https:\/\/bergers-schlagerparadies.de\/wp-content\/uploads\/2022\/08\/Bjoern-Landberg-Weil-ich-dich-liebe-1188x1188.jpg 1188w, https:\/\/bergers-schlagerparadies.de\/wp-content\/uploads\/2022\/08\/Bjoern-Landberg-Weil-ich-dich-liebe-100x100.jpg 100w, https:\/\/bergers-schlagerparadies.de\/wp-content\/uploads\/2022\/08\/Bjoern-Landberg-Weil-ich-dich-liebe-1320x1320.jpg 1320w, https:\/\/bergers-schlagerparadies.de\/wp-content\/uploads\/2022\/08\/Bjoern-Landberg-Weil-ich-dich-liebe.jpg 2022w\" sizes=\"auto, (max-width: 300px) 100vw, 300px\" \/>Nur wenige Sekunden und es passiert: Die Liebe auf den ersten Blick. Das Herz pocht wie wild, der Atem stockt, die Welt scheint still zu stehen.<\/div>\n<\/div>\n<div class=\"cxmmr5t8 oygrvhab hcukyx3x c1et5uql o9v6fnle ii04i59q\">\n<div dir=\"auto\">Bj\u00f6rn Landbergs dominante, m\u00e4nnlich warme Baritonstimme und eine mitrei\u00dfende Komposition, erg\u00e4nzt durch rockige Elemente, nehmen uns mit auf diesen H\u00f6henflug der explosiven Empfindungen.<\/div>\n<\/div>\n<div class=\"cxmmr5t8 oygrvhab hcukyx3x c1et5uql o9v6fnle ii04i59q\">\n<div dir=\"auto\">Die Seele macht das Tor auf, die Magie zieht ein; heraus sprudeln ultraleichte T\u00f6ne des Verliebtseins: summend, pfeifend, tr\u00e4llernd, anschwellend zu einer vollkommenen Sinfonie &#8211; zwei Menschen im Einklang. Dieser kr\u00e4ftige Impuls spendet immense Energie, um \u201ewie neugeboren\u201c gemeinsam Tr\u00e4ume zu verwirklichen.<\/div>\n<div dir=\"auto\"><\/div>\n<\/div>\n<div class=\"cxmmr5t8 oygrvhab hcukyx3x c1et5uql o9v6fnle ii04i59q\">\n<div dir=\"auto\"><span style=\"color: #800000;\"><strong>Quelle : Atresus Music<\/strong><\/span><\/div>\n<\/div>\n<div dir=\"auto\"><\/div>\n<div dir=\"auto\"><span style=\"color: #800000;\"><strong>Dieser Song ist ab dem 12.08.2022 in allen bekannten Onlineshops erh\u00e4ltlich!<\/strong><\/span><\/p>\n<p><span style=\"color: #800000;\"><strong>Airdate (f\u00fcr Radiosender): 12.08.2022<\/strong><\/span><\/div>\n","protected":false},"excerpt":{"rendered":"<p>Nur wenige Sekunden und es passiert: Die Liebe auf den ersten Blick. Das Herz pocht wie wild, der Atem stockt, die Welt scheint still zu stehen. Bj\u00f6rn Landbergs dominante, m\u00e4nnlich warme Baritonstimme und eine mitrei\u00dfende Komposition, erg\u00e4nzt durch rockige Elemente, nehmen uns mit auf diesen H\u00f6henflug der explosiven Empfindungen. Die Seele macht das Tor auf, die Magie zieht ein; heraus sprudeln ultraleichte T\u00f6ne des Verliebtseins: summend, pfeifend, tr\u00e4llernd, anschwellend zu einer vollkommenen Sinfonie &#8211; zwei Menschen im Einklang. Dieser kr\u00e4ftige Impuls spendet immense Energie, um \u201ewie neugeboren\u201c gemeinsam Tr\u00e4ume zu verwirklichen. Quelle : Atresus Music Dieser Song ist ab dem 12.08.2022 in allen bekannten Onlineshops&#8230;<\/p>\n","protected":false},"author":1,"featured_media":12567,"comment_status":"closed","ping_status":"closed","sticky":false,"template":"","format":"standard","meta":{"footnotes":""},"categories":[2],"tags":[833],"class_list":["post-12565","post","type-post","status-publish","format-standard","has-post-thumbnail","hentry","category-schlager","tag-bjoern-landberg","wpcat-2-id"],"_links":{"self":[{"href":"https:\/\/bergers-schlagerparadies.de\/index.php?rest_route=\/wp\/v2\/posts\/12565","targetHints":{"allow":["GET"]}}],"collection":[{"href":"https:\/\/bergers-schlagerparadies.de\/index.php?rest_route=\/wp\/v2\/posts"}],"about":[{"href":"https:\/\/bergers-schlagerparadies.de\/index.php?rest_route=\/wp\/v2\/types\/post"}],"author":[{"embeddable":true,"href":"https:\/\/bergers-schlagerparadies.de\/index.php?rest_route=\/wp\/v2\/users\/1"}],"replies":[{"embeddable":true,"href":"https:\/\/bergers-schlagerparadies.de\/index.php?rest_route=%2Fwp%2Fv2%2Fcomments&post=12565"}],"version-history":[{"count":1,"href":"https:\/\/bergers-schlagerparadies.de\/index.php?rest_route=\/wp\/v2\/posts\/12565\/revisions"}],"predecessor-version":[{"id":12568,"href":"https:\/\/bergers-schlagerparadies.de\/index.php?rest_route=\/wp\/v2\/posts\/12565\/revisions\/12568"}],"wp:featuredmedia":[{"embeddable":true,"href":"https:\/\/bergers-schlagerparadies.de\/index.php?rest_route=\/wp\/v2\/media\/12567"}],"wp:attachment":[{"href":"https:\/\/bergers-schlagerparadies.de\/index.php?rest_route=%2Fwp%2Fv2%2Fmedia&parent=12565"}],"wp:term":[{"taxonomy":"category","embeddable":true,"href":"https:\/\/bergers-schlagerparadies.de\/index.php?rest_route=%2Fwp%2Fv2%2Fcategories&post=12565"},{"taxonomy":"post_tag","embeddable":true,"href":"https:\/\/bergers-schlagerparadies.de\/index.php?rest_route=%2Fwp%2Fv2%2Ftags&post=12565"}],"curies":[{"name":"wp","href":"https:\/\/api.w.org\/{rel}","templated":true}]}}