{"id":12552,"date":"2022-08-08T10:30:51","date_gmt":"2022-08-08T08:30:51","guid":{"rendered":"http:\/\/bergers-schlagerparadies.de\/?p=12552"},"modified":"2022-08-12T11:53:12","modified_gmt":"2022-08-12T09:53:12","slug":"mike-van-hyke-grenzenlos-%c2%b7-bergers-schlagerparadies","status":"publish","type":"post","link":"https:\/\/bergers-schlagerparadies.de\/?p=12552","title":{"rendered":"Mike van Hyke &#8211; Grenzenlos \u00b7 Berger\u00b4s Schlagerparadies"},"content":{"rendered":"<p><img loading=\"lazy\" decoding=\"async\" class=\"size-medium wp-image-12554 alignleft\" src=\"https:\/\/bergers-schlagerparadies.de\/wp-content\/uploads\/2022\/08\/Mike-van-Hyke-Grenzenlos-300x300.jpg\" alt=\"\" width=\"300\" height=\"300\" srcset=\"https:\/\/bergers-schlagerparadies.de\/wp-content\/uploads\/2022\/08\/Mike-van-Hyke-Grenzenlos-300x300.jpg 300w, https:\/\/bergers-schlagerparadies.de\/wp-content\/uploads\/2022\/08\/Mike-van-Hyke-Grenzenlos-1024x1024.jpg 1024w, https:\/\/bergers-schlagerparadies.de\/wp-content\/uploads\/2022\/08\/Mike-van-Hyke-Grenzenlos-150x150.jpg 150w, https:\/\/bergers-schlagerparadies.de\/wp-content\/uploads\/2022\/08\/Mike-van-Hyke-Grenzenlos-768x768.jpg 768w, https:\/\/bergers-schlagerparadies.de\/wp-content\/uploads\/2022\/08\/Mike-van-Hyke-Grenzenlos.jpg 1200w, https:\/\/bergers-schlagerparadies.de\/wp-content\/uploads\/2022\/08\/Mike-van-Hyke-Grenzenlos-1188x1188.jpg 1188w, https:\/\/bergers-schlagerparadies.de\/wp-content\/uploads\/2022\/08\/Mike-van-Hyke-Grenzenlos-100x100.jpg 100w\" sizes=\"auto, (max-width: 300px) 100vw, 300px\" \/>Mit seiner neuen Single \u201eGrenzenlos\u201c pr\u00e4sentiert Mike van Hyke nun einen Vorboten seines neuen gleichnamigen Albums, das im September ver\u00f6ffentlicht wird.<\/p>\n<p>Mike van Hyke wurde mit diesem Song ein gro\u00dfer Wunsch erf\u00fcllt.<\/p>\n<p>Geschrieben wurde \u201eGrenzenlos\u201c von Georg Fischer, der sehr viel mit diesem Song verbindet. Mike f\u00fchlt sich sehr geehrt!<\/p>\n<p>Die Zeilen \u201eICH LIEBE DICH GRENZENLOS\u201c und \u201eIn all deinen Farben\u201c zeigt, wie viel Liebe in dieser Nummer steckt. Auch f\u00fcr Mike van Hyke hat es eine sehr gro\u00dfe Bedeutung.<br \/>\nDieses Lied ist seine pers\u00f6nliche Message an einen besonderen Menschen, der tief in seinem Herzen ist! \u201dTi amo per sempre!\u201d<\/p>\n<p>Das dazugeh\u00f6rige Video (verf\u00fcgbar ab 12.08.2022) wurde auf der traumhaften Insel Island gedreht.<br \/>\nEs wird ein Gedankenspiel der Emotionen. Lasst euch \u00fcberraschen!<\/p>\n<p>&nbsp;<\/p>\n<p><span style=\"color: #800000;\"><strong>Quelle: Music Television (Special Marketing)<\/strong><\/span><\/p>\n<p><span style=\"color: #800000;\"><strong>Dieser Song ist ab dem 12.08.2022 in allen bekannten Onlineshops erh\u00e4ltlich!<\/strong><\/span><\/p>\n<p><span style=\"color: #800000;\"><strong>Airdate (f\u00fcr Radiosender): 08.08.2022<\/strong><\/span><\/p>\n","protected":false},"excerpt":{"rendered":"<p>Mit seiner neuen Single \u201eGrenzenlos\u201c pr\u00e4sentiert Mike van Hyke nun einen Vorboten seines neuen gleichnamigen Albums, das im September ver\u00f6ffentlicht wird. Mike van Hyke wurde mit diesem Song ein gro\u00dfer Wunsch erf\u00fcllt. Geschrieben wurde \u201eGrenzenlos\u201c von Georg Fischer, der sehr viel mit diesem Song verbindet. Mike f\u00fchlt sich sehr geehrt! Die Zeilen \u201eICH LIEBE DICH GRENZENLOS\u201c und \u201eIn all deinen Farben\u201c zeigt, wie viel Liebe in dieser Nummer steckt. Auch f\u00fcr Mike van Hyke hat es eine sehr gro\u00dfe Bedeutung. Dieses Lied ist seine pers\u00f6nliche Message an einen besonderen Menschen, der tief in seinem Herzen ist! \u201dTi amo per sempre!\u201d Das dazugeh\u00f6rige Video (verf\u00fcgbar ab&#8230;<\/p>\n","protected":false},"author":1,"featured_media":12554,"comment_status":"closed","ping_status":"closed","sticky":false,"template":"","format":"standard","meta":{"footnotes":""},"categories":[2],"tags":[79],"class_list":["post-12552","post","type-post","status-publish","format-standard","has-post-thumbnail","hentry","category-schlager","tag-mike-van-hyke","wpcat-2-id"],"_links":{"self":[{"href":"https:\/\/bergers-schlagerparadies.de\/index.php?rest_route=\/wp\/v2\/posts\/12552","targetHints":{"allow":["GET"]}}],"collection":[{"href":"https:\/\/bergers-schlagerparadies.de\/index.php?rest_route=\/wp\/v2\/posts"}],"about":[{"href":"https:\/\/bergers-schlagerparadies.de\/index.php?rest_route=\/wp\/v2\/types\/post"}],"author":[{"embeddable":true,"href":"https:\/\/bergers-schlagerparadies.de\/index.php?rest_route=\/wp\/v2\/users\/1"}],"replies":[{"embeddable":true,"href":"https:\/\/bergers-schlagerparadies.de\/index.php?rest_route=%2Fwp%2Fv2%2Fcomments&post=12552"}],"version-history":[{"count":1,"href":"https:\/\/bergers-schlagerparadies.de\/index.php?rest_route=\/wp\/v2\/posts\/12552\/revisions"}],"predecessor-version":[{"id":12555,"href":"https:\/\/bergers-schlagerparadies.de\/index.php?rest_route=\/wp\/v2\/posts\/12552\/revisions\/12555"}],"wp:featuredmedia":[{"embeddable":true,"href":"https:\/\/bergers-schlagerparadies.de\/index.php?rest_route=\/wp\/v2\/media\/12554"}],"wp:attachment":[{"href":"https:\/\/bergers-schlagerparadies.de\/index.php?rest_route=%2Fwp%2Fv2%2Fmedia&parent=12552"}],"wp:term":[{"taxonomy":"category","embeddable":true,"href":"https:\/\/bergers-schlagerparadies.de\/index.php?rest_route=%2Fwp%2Fv2%2Fcategories&post=12552"},{"taxonomy":"post_tag","embeddable":true,"href":"https:\/\/bergers-schlagerparadies.de\/index.php?rest_route=%2Fwp%2Fv2%2Ftags&post=12552"}],"curies":[{"name":"wp","href":"https:\/\/api.w.org\/{rel}","templated":true}]}}