{"id":12534,"date":"2022-08-15T10:30:16","date_gmt":"2022-08-15T08:30:16","guid":{"rendered":"http:\/\/bergers-schlagerparadies.de\/?p=12534"},"modified":"2022-08-12T07:49:10","modified_gmt":"2022-08-12T05:49:10","slug":"luna-klee-mein-kopf-mein-bauch-mein-herz-album-%c2%b7-bergers-schlagerparadies","status":"publish","type":"post","link":"https:\/\/bergers-schlagerparadies.de\/?p=12534","title":{"rendered":"Luna Klee &#8211; Mein Kopf. mein Bauch, mein Herz (Album) \u00b7 Berger\u00b4s Schlagerparadies"},"content":{"rendered":"<p><img loading=\"lazy\" decoding=\"async\" class=\"size-medium wp-image-12536 alignleft\" src=\"https:\/\/bergers-schlagerparadies.de\/wp-content\/uploads\/2022\/08\/Luna-Klee-Mein-Kopf.-mein-Bauch-mein-Herz-300x300.jpg\" alt=\"\" width=\"300\" height=\"300\" srcset=\"https:\/\/bergers-schlagerparadies.de\/wp-content\/uploads\/2022\/08\/Luna-Klee-Mein-Kopf.-mein-Bauch-mein-Herz-300x300.jpg 300w, https:\/\/bergers-schlagerparadies.de\/wp-content\/uploads\/2022\/08\/Luna-Klee-Mein-Kopf.-mein-Bauch-mein-Herz-1024x1024.jpg 1024w, https:\/\/bergers-schlagerparadies.de\/wp-content\/uploads\/2022\/08\/Luna-Klee-Mein-Kopf.-mein-Bauch-mein-Herz-150x150.jpg 150w, https:\/\/bergers-schlagerparadies.de\/wp-content\/uploads\/2022\/08\/Luna-Klee-Mein-Kopf.-mein-Bauch-mein-Herz-768x768.jpg 768w, https:\/\/bergers-schlagerparadies.de\/wp-content\/uploads\/2022\/08\/Luna-Klee-Mein-Kopf.-mein-Bauch-mein-Herz-1200x1200.jpg 1200w, https:\/\/bergers-schlagerparadies.de\/wp-content\/uploads\/2022\/08\/Luna-Klee-Mein-Kopf.-mein-Bauch-mein-Herz-1188x1188.jpg 1188w, https:\/\/bergers-schlagerparadies.de\/wp-content\/uploads\/2022\/08\/Luna-Klee-Mein-Kopf.-mein-Bauch-mein-Herz-100x100.jpg 100w, https:\/\/bergers-schlagerparadies.de\/wp-content\/uploads\/2022\/08\/Luna-Klee-Mein-Kopf.-mein-Bauch-mein-Herz-1320x1320.jpg 1320w, https:\/\/bergers-schlagerparadies.de\/wp-content\/uploads\/2022\/08\/Luna-Klee-Mein-Kopf.-mein-Bauch-mein-Herz.jpg 1400w\" sizes=\"auto, (max-width: 300px) 100vw, 300px\" \/>Als im Sommer 2021 in der Zeitschrift SUPERillu der \u201eSchlagerstar von morgen\u201c gesucht wird, ahnt niemand, was f\u00fcr eine gl\u00fcckliche F\u00fcgung sich aus diesem Wettbewerb ergeben w\u00fcrde. Es ist eine Zeit, in der die Schlagerbranche versucht, nach eineinhalb schwierigen, von der Pandemie gepr\u00e4gten Jahren wieder Fu\u00df zu fassen. Und im beschaulichen Coburg, an der bayrisch-th\u00fcringischen Landesgrenze, ein 15-j\u00e4hriges M\u00e4dchen den Traum von der gro\u00dfen Karriere als S\u00e4ngerin tr\u00e4umt\u2026<br \/>\nIm November steht es dann fest: LUNA KLEE ist die Siegerin! Sie hat beim finalen Vorsingen in den Berliner Hansa-Studios die Jury rund um die Schlagerlegenden Ute Freudenberg und Bernhard Brink \u00fcberzeugt \u2013 und das als j\u00fcngste Teilnehmerin von allen! Am 19. August 2022 erscheint nun Luna Klees Deb\u00fct-Album \u201eMein Kopf, mein Bauch, mein Herz\u201c.<br \/>\nInzwischen ist Luna Klee 16 Jahre alt, hat ihre ersten TV-Auftritte bei \u201eImmer wieder sonntags\u201c und den \u201eSchlagern des Sommers\u201c mit Florian Silbereisen absolviert und mit dem Video zu ihrer Deb\u00fct-Single \u201eDein Blick (Your Eyes)\u201c, der deutschen Coverversion aus \u201eLa Boum 2 \u2013 Die Fete geht weiter\u201c anl\u00e4sslich des 40. Film-Jubil\u00e4ums, in den ersten drei Monaten 300.000 Fans gesammelt. Scheint also, als h\u00e4tte die Jury richtig gelegen mit ihrem Riecher. &#8222;Luna hat eine wunderbare Nat\u00fcrlichkeit und einen Wiedererkennungswert in der Stimme&#8220;, sagt Ute Freudenberg, &#8222;da stimmt einfach das Gesamtpaket.&#8220; Und Schlagertitan Bernhard Brink erg\u00e4nzt: &#8222;Sie ist frisch und eloquent und sie singt einfach gut.&#8220; Wie gut sie singt, davon kann man sich jetzt auf ihrem ersten Album \u201eMein Kopf, mein Bauch, mein Herz\u201c \u00fcberzeugen.<br \/>\nF\u00fcr Luna Klees Deb\u00fct-Album zeichnete Textdichter Tobias Reitz (u.a. Helene Fischer, KLUBBB3, Die Flippers) neben dem Songwriting diesmal auch als Produzent gemeinsam mit Gerd Jakobs verantwortlich. Die Liste der Komponistinnen und Komponisten, die Reitz hier versammeln konnte, liest sich durchaus eindrucksvoll \u2013 vor allem f\u00fcr ein Deb\u00fct-Album. Gleich der Opener \u201eDu f\u00fchlst dich gut an\u201c stammt aus der Feder von Jean Frankfurter, der Luna Klee seine mutma\u00dflich letzte Neukomposition zur Verf\u00fcgung gestellt hat. Er hat sich nach seinem unfassbaren Erfolg mit Helene Fischer aus der Musikbranche zur\u00fcckgezogen. Zu den Stars der j\u00fcngeren Szene geh\u00f6ren hingegen Jonathan Zelter, der Komponist des Titelsongs \u201eMein Kopf, mein Bauch, mein Herz\u201c, oder ESC-Sieger Ali Zuckowski, der mit \u201eWunder wie du\u201c ebenfalls einen potentiellen Hit geschrieben hat. Oder der Titel \u201eSonne und Mond\u201c, unter anderem aus der Feder von Tamara Olorga und Ricardo Bettiol, die gerade mit \u201eExpresso und Tschianti\u201c DEN Austropop-Hit der Stunde abgeliefert haben und zur Cr\u00e8me de la Cr\u00e8me der deutschsprachigen Songwriter*innen geh\u00f6ren. Wer Schlager liebt, sollte an Luna Klee und ihren Songs nicht achtlos vorbeigehen. Da gibt es treibende Rhythmen (\u201eUnd vor mir das Meer\u201c, \u201eLiebe auf den 10. Blick\u201c), gro\u00dfe Melodieb\u00f6gen (\u201eGold\u201c, \u201eFrag mich\u201c) und Kopfkino, das unter die Haut geht (\u201ePhantasie\u201c, \u201eMaik\u00e4fer\u201c). Lunas pers\u00f6nlichster Song auf dem Album hei\u00dft \u201eDann bist es du\u201c. Eine gro\u00dfe, bombastische Ballade, die sie ihrem Bruder Nils gewidmet hat. \u201eNils hat das Down-Syndrom\u201c, erz\u00e4hlt sie, \u201eer ist kein Bruder wie jeder andere. Aber er ist der wohl ehrlichste und echteste Mensch in meinem Leben.\u201c Mit dem Lied f\u00fcr den Bruder k\u00f6nnte das Album \u201eMein Kopf, mein Bauch, mein Herz\u201c eigentlich schlie\u00dfen, aber dann gibt\u2019s zum gro\u00dfen Finale noch eine handfeste \u00dcberraschung: \u201eHinterm Horizont geht\u2019s weiter\u201c, der ultimative Udo-Lindenberg-Hit, erstrahlt in Luna Klees Version zum 35. Geburtstag dieser Ost-West-Hymne in neuem Glanz.<br \/>\nTanzbar, kraftvoll und eigenst\u00e4ndig ist ihre Version, mit der sie sich vor dem Mann mit Hut verneigt. \u201eUdo Lindenberg ist mein Idol\u201c, strahlt sie, \u201emein erstes Konzert, das ich besucht habe, war von Udo Lindenberg &#8211; da war ich gerade mal 9 Jahre alt. Er hat was zu sagen, und mit seinen Texten war er oft der Zeit voraus! Und: Dreimal d\u00fcrft ihr raten, warum ich das Cello-Spielen angefangen habe\u2026\u201c<br \/>\nPrivat liebt Luna Klee \u2013 neben Lindenberg-Songs \u2013 unter anderem ihr Motorrad. Seit sie vor einem halben Jahr den F\u00fchrerschein gemacht hat, verbringt sie so viel Zeit wie m\u00f6glich auf ihrer Maschine. Wenn sie nicht gerade f\u00fcr einen Leichtathletik-Wettkampf trainiert. Oder Musikunterricht nimmt, wahlweise in Gesang, Cello oder Gitarre. Oder sich als Sch\u00fclersprecherin f\u00fcr die Rechte und Interessen ihrer Mitsch\u00fclerinnen und Mitsch\u00fcler einsetzt. Wie zum Donner schafft man ein solches Pensum? \u201eManchmal k\u00f6nnte der Tag schon ein paar Stunden mehr haben. Aber wenn mir was wichtig ist, krieg ich es irgendwie auch hin.\u201c Und das Wichtigste? \u201eEindeutig die Familie.\u201c<br \/>\nNeben ihrem Bruder Nils leben noch der kleinere Bruder Lino und zwei Pflegegeschwister mit ihr und ihren Eltern Rita und Jens zusammen. Plus ein Hund und diverse Kleintiere. \u201eLangweilig wird\u2019s bei uns nicht\u201c, grinst sie \u2013 verst\u00e4ndnisvoll f\u00fcr jeden, der von der Lebhaftigkeit kurzfristig \u00fcberfordert ist, wenn er das Haus betritt. Doch auch die Gro\u00dfeltern v\u00e4terlicherseits d\u00fcrfen nicht fehlen. Sie stammen aus Guben in Brandenburg, lie\u00dfen es sich aber nicht nehmen, in der \u201eHappy Gro\u00dffamilie\u201c ordentlich mitzumischen und zogen so kurzerhand aus Brandenburg ebenfalls nach Coburg. Zu tun gibt es immer was und eine helfende Hand ist immer willkommen. Familie halt.<br \/>\nWovor so ein Background sch\u00fctzen kann, ist ein sogenannter H\u00f6henflug und das \u201esich selbst zu wichtig nehmen\u201c. Und das merkt man Luna Klee trotz ihrer jungen Alters auch an. &#8222;Wir haben Luna alle vom ersten Moment an liebgewonnen&#8220;, schw\u00e4rmt Tobias Reitz, der sich mit voller Kraft f\u00fcr die junge K\u00fcnstlerin einsetzt. \u201eSie ist ein Naturtalent, wie man sie nicht alle Tage findet und findet tolle Unterst\u00fctzung in ihrem Umfeld\u201c, erg\u00e4nzt er. Mit dem Label \u201eTaxi28 Musik\u201c, das gegr\u00fcndet wurde, um eben solch vielversprechende Talente zu f\u00f6rdern, k\u00fcmmern sich die beiden Label-Partner Tobias Reitz und Musikmanager Alexander Dimitrov um den behutsamen und nachhaltigen Aufbau der jungen K\u00fcnstlerin.<br \/>\nGeboren wurde sie in Augsburg, wo die Familie zwischenzeitlich lebte. Ihre Kindheit hat sie dann gr\u00f6\u00dftenteils in Sonneberg (Th\u00fcringen) verbracht, bis die Familie schlie\u00dflich im oberfr\u00e4nkischen Coburg landete, unweit der th\u00fcringischen Landesgrenze. Ein guter Ort um eine Karriere zu starten? \u201eZumindest ist es eine echt sch\u00f6ne Stadt, die viel zu bieten hat \u2013 von malerischen Sehensw\u00fcrdigkeiten bis hin zum gr\u00f6\u00dften europ\u00e4ischen Samba-Festival!\u201c Und: War Coburg bis 1989 noch ein St\u00e4dtchen am Rande von Deutschland, ist sie heute mittendrin! Das kann zumindest als Ausgangspunkt f\u00fcr viele zuk\u00fcnftige musikalische Reisen nicht schaden.<br \/>\nLuna Klees Deb\u00fct- Album &#8222;Mein Kopf, mein Bauch, mein Herz&#8220; erscheint am 19.08.2022 bei TELAMO \/ Taxi28 Musik.<\/p>\n<p><span style=\"color: #800000;\"><strong>Quelle: Telamo \/ Taxi28 Musik<\/strong><\/span><\/p>\n<p><span style=\"color: #800000;\"><strong>Dieses Album ist ab dem 19.08.2022 in allen bekannten Onlineshops erh\u00e4ltlich!<\/strong><\/span><\/p>\n<p><span style=\"color: #800000;\"><strong>Airdate (f\u00fcr Radiosender): 19.08.2022<\/strong><\/span><\/p>\n","protected":false},"excerpt":{"rendered":"<p>Als im Sommer 2021 in der Zeitschrift SUPERillu der \u201eSchlagerstar von morgen\u201c gesucht wird, ahnt niemand, was f\u00fcr eine gl\u00fcckliche F\u00fcgung sich aus diesem Wettbewerb ergeben w\u00fcrde. Es ist eine Zeit, in der die Schlagerbranche versucht, nach eineinhalb schwierigen, von der Pandemie gepr\u00e4gten Jahren wieder Fu\u00df zu fassen. Und im beschaulichen Coburg, an der bayrisch-th\u00fcringischen Landesgrenze, ein 15-j\u00e4hriges M\u00e4dchen den Traum von der gro\u00dfen Karriere als S\u00e4ngerin tr\u00e4umt\u2026 Im November steht es dann fest: LUNA KLEE ist die Siegerin! Sie hat beim finalen Vorsingen in den Berliner Hansa-Studios die Jury rund um die Schlagerlegenden Ute Freudenberg und Bernhard Brink \u00fcberzeugt \u2013 und das als j\u00fcngste&#8230;<\/p>\n","protected":false},"author":1,"featured_media":12536,"comment_status":"closed","ping_status":"closed","sticky":false,"template":"","format":"standard","meta":{"footnotes":""},"categories":[2],"tags":[1294],"class_list":["post-12534","post","type-post","status-publish","format-standard","has-post-thumbnail","hentry","category-schlager","tag-luna-klee","wpcat-2-id"],"_links":{"self":[{"href":"https:\/\/bergers-schlagerparadies.de\/index.php?rest_route=\/wp\/v2\/posts\/12534","targetHints":{"allow":["GET"]}}],"collection":[{"href":"https:\/\/bergers-schlagerparadies.de\/index.php?rest_route=\/wp\/v2\/posts"}],"about":[{"href":"https:\/\/bergers-schlagerparadies.de\/index.php?rest_route=\/wp\/v2\/types\/post"}],"author":[{"embeddable":true,"href":"https:\/\/bergers-schlagerparadies.de\/index.php?rest_route=\/wp\/v2\/users\/1"}],"replies":[{"embeddable":true,"href":"https:\/\/bergers-schlagerparadies.de\/index.php?rest_route=%2Fwp%2Fv2%2Fcomments&post=12534"}],"version-history":[{"count":1,"href":"https:\/\/bergers-schlagerparadies.de\/index.php?rest_route=\/wp\/v2\/posts\/12534\/revisions"}],"predecessor-version":[{"id":12537,"href":"https:\/\/bergers-schlagerparadies.de\/index.php?rest_route=\/wp\/v2\/posts\/12534\/revisions\/12537"}],"wp:featuredmedia":[{"embeddable":true,"href":"https:\/\/bergers-schlagerparadies.de\/index.php?rest_route=\/wp\/v2\/media\/12536"}],"wp:attachment":[{"href":"https:\/\/bergers-schlagerparadies.de\/index.php?rest_route=%2Fwp%2Fv2%2Fmedia&parent=12534"}],"wp:term":[{"taxonomy":"category","embeddable":true,"href":"https:\/\/bergers-schlagerparadies.de\/index.php?rest_route=%2Fwp%2Fv2%2Fcategories&post=12534"},{"taxonomy":"post_tag","embeddable":true,"href":"https:\/\/bergers-schlagerparadies.de\/index.php?rest_route=%2Fwp%2Fv2%2Ftags&post=12534"}],"curies":[{"name":"wp","href":"https:\/\/api.w.org\/{rel}","templated":true}]}}