{"id":12507,"date":"2022-08-01T10:30:12","date_gmt":"2022-08-01T08:30:12","guid":{"rendered":"http:\/\/bergers-schlagerparadies.de\/?p=12507"},"modified":"2022-08-05T14:44:25","modified_gmt":"2022-08-05T12:44:25","slug":"rene-ulbrich-lebe-bunt-%c2%b7-bergers-schlagerparadies","status":"publish","type":"post","link":"https:\/\/bergers-schlagerparadies.de\/?p=12507","title":{"rendered":"Ren\u00e9 Ulbrich &#8211; Lebe bunt \u00b7 Berger\u00b4s Schlagerparadies"},"content":{"rendered":"<p><img loading=\"lazy\" decoding=\"async\" class=\"size-medium wp-image-12509 alignleft\" src=\"https:\/\/bergers-schlagerparadies.de\/wp-content\/uploads\/2022\/08\/Rene-Ulbrich-Lebe-bunt-300x300.jpg\" alt=\"\" width=\"300\" height=\"300\" srcset=\"https:\/\/bergers-schlagerparadies.de\/wp-content\/uploads\/2022\/08\/Rene-Ulbrich-Lebe-bunt-300x300.jpg 300w, https:\/\/bergers-schlagerparadies.de\/wp-content\/uploads\/2022\/08\/Rene-Ulbrich-Lebe-bunt-1024x1024.jpg 1024w, https:\/\/bergers-schlagerparadies.de\/wp-content\/uploads\/2022\/08\/Rene-Ulbrich-Lebe-bunt-150x150.jpg 150w, https:\/\/bergers-schlagerparadies.de\/wp-content\/uploads\/2022\/08\/Rene-Ulbrich-Lebe-bunt-768x768.jpg 768w, https:\/\/bergers-schlagerparadies.de\/wp-content\/uploads\/2022\/08\/Rene-Ulbrich-Lebe-bunt-1200x1200.jpg 1200w, https:\/\/bergers-schlagerparadies.de\/wp-content\/uploads\/2022\/08\/Rene-Ulbrich-Lebe-bunt-1188x1188.jpg 1188w, https:\/\/bergers-schlagerparadies.de\/wp-content\/uploads\/2022\/08\/Rene-Ulbrich-Lebe-bunt-100x100.jpg 100w, https:\/\/bergers-schlagerparadies.de\/wp-content\/uploads\/2022\/08\/Rene-Ulbrich-Lebe-bunt-1320x1320.jpg 1320w, https:\/\/bergers-schlagerparadies.de\/wp-content\/uploads\/2022\/08\/Rene-Ulbrich-Lebe-bunt.jpg 1440w\" sizes=\"auto, (max-width: 300px) 100vw, 300px\" \/>Aus seinem aktuellen Album &#8222;Kein Poet&#8220; koppelt Singer &amp; Songwriter Ren\u00e9 Ulbrich die neue Single &#8222;Lebe bunt&#8220; aus, welche bereits im MPN-System zur Verf\u00fcgung steht.<\/p>\n<p><i><b>Ren\u00e9 Ulbrich &#8211; &#8222;Lebe bunt&#8220; (V\u00d6 29.07.2022)<\/b><\/i><br \/>\n<i>Nach seiner Erfolgssingle \u201eEyo Eyo Eyo\u201c, mit der Ren\u00e9 Ulbrich nicht nur im MDR Fernsehen zu Gast war, sondern auch im MDR Radio 8 x in Folge Platz 1 belegte, \u00fcberrascht der Dresdener Musiker nun mit seiner neuen Single-Auskoppelung \u201eLebe bunt\u201c aus dem aktuellen Album \u201eKein Poet\u201c.<\/p>\n<p>Mit treibendem Shuffle-Beat, markanten Vocals und einem Text, der sich was traut, zeigt sich der K\u00fcnstler erstmalig auch sozial- und gesellschaftskritisch: \u201eWas gesagt werden muss, muss gesagt werden. In einer sich rasant ver\u00e4ndernden Welt mit t\u00e4glich neuen Hiobsbotschaften m\u00f6chte ich die wichtigen Dinge des Lebens nicht aus dem Auge verlieren. Wir sollten viel \u00f6fters mal das tun, was man nicht von uns erwartet und aus dieser ewigen M\u00fchle ausbrechen &#8211; LEBE BUNT!\u201c <\/i><\/p>\n<p>&nbsp;<\/p>\n<p><span style=\"color: #800000;\"><strong>Quelle: Ren\u00e9 Ulbrich<\/strong><\/span><\/p>\n<p><span style=\"color: #800000;\"><strong>Dieser Song ist ab dem 27.07.2022 in allen bekannten Onlineshops erh\u00e4ltlich!<\/strong><\/span><\/p>\n<p><span style=\"color: #800000;\"><strong>Airdate (f\u00fcr Radiosender): 27.07.2022<\/strong><\/span><\/p>\n","protected":false},"excerpt":{"rendered":"<p>Aus seinem aktuellen Album &#8222;Kein Poet&#8220; koppelt Singer &amp; Songwriter Ren\u00e9 Ulbrich die neue Single &#8222;Lebe bunt&#8220; aus, welche bereits im MPN-System zur Verf\u00fcgung steht. Ren\u00e9 Ulbrich &#8211; &#8222;Lebe bunt&#8220; (V\u00d6 29.07.2022) Nach seiner Erfolgssingle \u201eEyo Eyo Eyo\u201c, mit der Ren\u00e9 Ulbrich nicht nur im MDR Fernsehen zu Gast war, sondern auch im MDR Radio 8 x in Folge Platz 1 belegte, \u00fcberrascht der Dresdener Musiker nun mit seiner neuen Single-Auskoppelung \u201eLebe bunt\u201c aus dem aktuellen Album \u201eKein Poet\u201c. Mit treibendem Shuffle-Beat, markanten Vocals und einem Text, der sich was traut, zeigt sich der K\u00fcnstler erstmalig auch sozial- und gesellschaftskritisch: \u201eWas gesagt werden muss, muss&#8230;<\/p>\n","protected":false},"author":1,"featured_media":12509,"comment_status":"closed","ping_status":"closed","sticky":false,"template":"","format":"standard","meta":{"footnotes":""},"categories":[2],"tags":[125],"class_list":["post-12507","post","type-post","status-publish","format-standard","has-post-thumbnail","hentry","category-schlager","tag-rene-ulbrich","wpcat-2-id"],"_links":{"self":[{"href":"https:\/\/bergers-schlagerparadies.de\/index.php?rest_route=\/wp\/v2\/posts\/12507","targetHints":{"allow":["GET"]}}],"collection":[{"href":"https:\/\/bergers-schlagerparadies.de\/index.php?rest_route=\/wp\/v2\/posts"}],"about":[{"href":"https:\/\/bergers-schlagerparadies.de\/index.php?rest_route=\/wp\/v2\/types\/post"}],"author":[{"embeddable":true,"href":"https:\/\/bergers-schlagerparadies.de\/index.php?rest_route=\/wp\/v2\/users\/1"}],"replies":[{"embeddable":true,"href":"https:\/\/bergers-schlagerparadies.de\/index.php?rest_route=%2Fwp%2Fv2%2Fcomments&post=12507"}],"version-history":[{"count":1,"href":"https:\/\/bergers-schlagerparadies.de\/index.php?rest_route=\/wp\/v2\/posts\/12507\/revisions"}],"predecessor-version":[{"id":12510,"href":"https:\/\/bergers-schlagerparadies.de\/index.php?rest_route=\/wp\/v2\/posts\/12507\/revisions\/12510"}],"wp:featuredmedia":[{"embeddable":true,"href":"https:\/\/bergers-schlagerparadies.de\/index.php?rest_route=\/wp\/v2\/media\/12509"}],"wp:attachment":[{"href":"https:\/\/bergers-schlagerparadies.de\/index.php?rest_route=%2Fwp%2Fv2%2Fmedia&parent=12507"}],"wp:term":[{"taxonomy":"category","embeddable":true,"href":"https:\/\/bergers-schlagerparadies.de\/index.php?rest_route=%2Fwp%2Fv2%2Fcategories&post=12507"},{"taxonomy":"post_tag","embeddable":true,"href":"https:\/\/bergers-schlagerparadies.de\/index.php?rest_route=%2Fwp%2Fv2%2Ftags&post=12507"}],"curies":[{"name":"wp","href":"https:\/\/api.w.org\/{rel}","templated":true}]}}