{"id":12502,"date":"2022-08-01T10:30:14","date_gmt":"2022-08-01T08:30:14","guid":{"rendered":"http:\/\/bergers-schlagerparadies.de\/?p=12502"},"modified":"2022-08-05T14:29:25","modified_gmt":"2022-08-05T12:29:25","slug":"norman-langen-verdammt-nochmal-warum-%c2%b7-bergers-schlagerparadies","status":"publish","type":"post","link":"https:\/\/bergers-schlagerparadies.de\/?p=12502","title":{"rendered":"Norman Langen &#8211; Verdammt nochmal warum \u00b7 Berger\u00b4s Schlagerparadies"},"content":{"rendered":"<p><img loading=\"lazy\" decoding=\"async\" class=\"size-medium wp-image-12504 alignleft\" src=\"https:\/\/bergers-schlagerparadies.de\/wp-content\/uploads\/2022\/08\/Norman-Langen-Verdammt-nochmal-warum-300x300.jpg\" alt=\"\" width=\"300\" height=\"300\" srcset=\"https:\/\/bergers-schlagerparadies.de\/wp-content\/uploads\/2022\/08\/Norman-Langen-Verdammt-nochmal-warum-300x300.jpg 300w, https:\/\/bergers-schlagerparadies.de\/wp-content\/uploads\/2022\/08\/Norman-Langen-Verdammt-nochmal-warum-1024x1024.jpg 1024w, https:\/\/bergers-schlagerparadies.de\/wp-content\/uploads\/2022\/08\/Norman-Langen-Verdammt-nochmal-warum-150x150.jpg 150w, https:\/\/bergers-schlagerparadies.de\/wp-content\/uploads\/2022\/08\/Norman-Langen-Verdammt-nochmal-warum-768x768.jpg 768w, https:\/\/bergers-schlagerparadies.de\/wp-content\/uploads\/2022\/08\/Norman-Langen-Verdammt-nochmal-warum-100x100.jpg 100w, https:\/\/bergers-schlagerparadies.de\/wp-content\/uploads\/2022\/08\/Norman-Langen-Verdammt-nochmal-warum.jpg 1181w\" sizes=\"auto, (max-width: 300px) 100vw, 300px\" \/>Er ist ein absoluter Publikumsliebling und die Popschlager Fans feiern seine Hits. Jetzt kommt er mit einer unglaublich Energie geladenen neuen Single in die Diskotheken und auf alle Tanzfl\u00e4chen der Republik zur\u00fcck.<\/p>\n<p>Die Rede ist von \u00a0<b>NORMAN LANGEN<\/b>.<\/p>\n<p>Man muss erkennen dass musikalisch im Bereich des tanzbaren Discofox und Popschlager, eine riesige L\u00fccke entstanden ist und diese will Norman nun schlie\u00dfen. Er freut sich wahnsinnig auf die neue Herausforderung und die Kooperation mit der Eventline Media KG welche Norman nun musikalisch als Label begleiten wird.<\/p>\n<p>Es kommt auch nicht von ungef\u00e4hr, dass ausgerechnet Tom\u00a0<b>Marquardt<\/b>, der als Komponist &amp; Texter unter anderem f\u00fcr die Songs von Michael Wendler verantwortlich war, nun auch f\u00fcr Norman Langen schreibt und mit der neuen Single \u201eVerdammt noch mal warum\u201c\u00a0 f\u00fcr absolute Ohrwurmgarantie sorgen wird.<\/p>\n<p>Norman Langen: \u201eIch bin super gl\u00fccklich, dass mein neues Management um Markus Krampe ein so schlagkr\u00e4ftiges Team f\u00fcr mich zusammengestellt hat und freue mich auf die Zukunft, vor allem aber auf viele Hits \u201c<\/p>\n<p><span style=\"color: #800000;\"><strong>Quelle: KLONDIKE Records &amp; Songs<\/strong><\/span><\/p>\n<p><span style=\"color: #800000;\"><strong>Dieser Song ist ab dem 05.08.2022 in allen bekannten Onlineshops erh\u00e4ltlich!<\/strong><\/span><\/p>\n<p><span style=\"color: #800000;\"><strong>Airdate (f\u00fcr Radiosender): 05.08.2022<\/strong><\/span><\/p>\n<p>&nbsp;<\/p>\n","protected":false},"excerpt":{"rendered":"<p>Er ist ein absoluter Publikumsliebling und die Popschlager Fans feiern seine Hits. Jetzt kommt er mit einer unglaublich Energie geladenen neuen Single in die Diskotheken und auf alle Tanzfl\u00e4chen der Republik zur\u00fcck. Die Rede ist von \u00a0NORMAN LANGEN. Man muss erkennen dass musikalisch im Bereich des tanzbaren Discofox und Popschlager, eine riesige L\u00fccke entstanden ist und diese will Norman nun schlie\u00dfen. Er freut sich wahnsinnig auf die neue Herausforderung und die Kooperation mit der Eventline Media KG welche Norman nun musikalisch als Label begleiten wird. Es kommt auch nicht von ungef\u00e4hr, dass ausgerechnet Tom\u00a0Marquardt, der als Komponist &amp; Texter unter anderem f\u00fcr die Songs von&#8230;<\/p>\n","protected":false},"author":1,"featured_media":12504,"comment_status":"closed","ping_status":"closed","sticky":false,"template":"","format":"standard","meta":{"footnotes":""},"categories":[2],"tags":[172],"class_list":["post-12502","post","type-post","status-publish","format-standard","has-post-thumbnail","hentry","category-schlager","tag-norman-langen","wpcat-2-id"],"_links":{"self":[{"href":"https:\/\/bergers-schlagerparadies.de\/index.php?rest_route=\/wp\/v2\/posts\/12502","targetHints":{"allow":["GET"]}}],"collection":[{"href":"https:\/\/bergers-schlagerparadies.de\/index.php?rest_route=\/wp\/v2\/posts"}],"about":[{"href":"https:\/\/bergers-schlagerparadies.de\/index.php?rest_route=\/wp\/v2\/types\/post"}],"author":[{"embeddable":true,"href":"https:\/\/bergers-schlagerparadies.de\/index.php?rest_route=\/wp\/v2\/users\/1"}],"replies":[{"embeddable":true,"href":"https:\/\/bergers-schlagerparadies.de\/index.php?rest_route=%2Fwp%2Fv2%2Fcomments&post=12502"}],"version-history":[{"count":1,"href":"https:\/\/bergers-schlagerparadies.de\/index.php?rest_route=\/wp\/v2\/posts\/12502\/revisions"}],"predecessor-version":[{"id":12505,"href":"https:\/\/bergers-schlagerparadies.de\/index.php?rest_route=\/wp\/v2\/posts\/12502\/revisions\/12505"}],"wp:featuredmedia":[{"embeddable":true,"href":"https:\/\/bergers-schlagerparadies.de\/index.php?rest_route=\/wp\/v2\/media\/12504"}],"wp:attachment":[{"href":"https:\/\/bergers-schlagerparadies.de\/index.php?rest_route=%2Fwp%2Fv2%2Fmedia&parent=12502"}],"wp:term":[{"taxonomy":"category","embeddable":true,"href":"https:\/\/bergers-schlagerparadies.de\/index.php?rest_route=%2Fwp%2Fv2%2Fcategories&post=12502"},{"taxonomy":"post_tag","embeddable":true,"href":"https:\/\/bergers-schlagerparadies.de\/index.php?rest_route=%2Fwp%2Fv2%2Ftags&post=12502"}],"curies":[{"name":"wp","href":"https:\/\/api.w.org\/{rel}","templated":true}]}}