{"id":12476,"date":"2022-08-15T10:30:40","date_gmt":"2022-08-15T08:30:40","guid":{"rendered":"http:\/\/bergers-schlagerparadies.de\/?p=12476"},"modified":"2022-08-12T19:27:20","modified_gmt":"2022-08-12T17:27:20","slug":"luna-klee-luftballon-%c2%b7-bergers-schlagerparadies","status":"publish","type":"post","link":"https:\/\/bergers-schlagerparadies.de\/?p=12476","title":{"rendered":"Luna Klee &#8211; Luftballon \u00b7 Berger\u00b4s Schlagerparadies"},"content":{"rendered":"<p><img loading=\"lazy\" decoding=\"async\" class=\"size-medium wp-image-12478 alignleft\" src=\"https:\/\/bergers-schlagerparadies.de\/wp-content\/uploads\/2022\/08\/Luna-Klee-Luftballon-300x300.jpg\" alt=\"\" width=\"300\" height=\"300\" srcset=\"https:\/\/bergers-schlagerparadies.de\/wp-content\/uploads\/2022\/08\/Luna-Klee-Luftballon-300x300.jpg 300w, https:\/\/bergers-schlagerparadies.de\/wp-content\/uploads\/2022\/08\/Luna-Klee-Luftballon-1024x1024.jpg 1024w, https:\/\/bergers-schlagerparadies.de\/wp-content\/uploads\/2022\/08\/Luna-Klee-Luftballon-150x150.jpg 150w, https:\/\/bergers-schlagerparadies.de\/wp-content\/uploads\/2022\/08\/Luna-Klee-Luftballon-768x768.jpg 768w, https:\/\/bergers-schlagerparadies.de\/wp-content\/uploads\/2022\/08\/Luna-Klee-Luftballon-1200x1200.jpg 1200w, https:\/\/bergers-schlagerparadies.de\/wp-content\/uploads\/2022\/08\/Luna-Klee-Luftballon-1188x1188.jpg 1188w, https:\/\/bergers-schlagerparadies.de\/wp-content\/uploads\/2022\/08\/Luna-Klee-Luftballon-100x100.jpg 100w, https:\/\/bergers-schlagerparadies.de\/wp-content\/uploads\/2022\/08\/Luna-Klee-Luftballon-1320x1320.jpg 1320w, https:\/\/bergers-schlagerparadies.de\/wp-content\/uploads\/2022\/08\/Luna-Klee-Luftballon.jpg 1400w\" sizes=\"auto, (max-width: 300px) 100vw, 300px\" \/>Als im Sommer 2021 in der Zeitschrift SUPERillu der \u201eSchlagerstar von morgen\u201c gesucht wird, ahnt niemand, was f\u00fcr eine gl\u00fcckliche F\u00fcgung sich aus diesem Wettbewerb ergeben w\u00fcrde. Im November steht es dann fest: LUNA KLEE ist die Siegerin! Sie hat beim finalen Vorsingen in den Berliner Hansa-Studios die Jury rund um die Schlagerlegenden Ute Freudenberg und Bernhard Brink \u00fcberzeugt \u2013 und das als j\u00fcngste Teilnehmerin von allen! Aus ihrem am 19. August 2022 erscheinenden Album \u201eMein Kopf, mein Bauch, mein Herz\u201c wird nun nach der Deb\u00fct-Single \u201eDein Blick (Your Eyes)\u201c (300.000 YouTube-Views!) aus dem Film \u201eLa Boum 2 \u2013 Die Fete geht weiter\u201c eine neue Single ausgekoppelt: \u201eLuftballon\u201c. Sie kommt am 05. August 2022 an die Radios.<\/p>\n<p>&#8222;Luna hat eine wunderbare Nat\u00fcrlichkeit und einen Wiedererkennungswert in der Stimme&#8220;, sagt Entdeckerin Ute Freudenberg, &#8222;da stimmt einfach das Gesamtpaket.&#8220; Und Schlagertitan Bernhard Brink erg\u00e4nzt: &#8222;Sie ist frisch und eloquent und sie singt einfach gut.&#8220; F\u00fcr Luna Klees Deb\u00fct-Album zeichnet als Textdichter Tobias Reitz (u.a. Helene Fischer, KLUBBB3, Die Flippers) verantwortlich. Gemeinsam mit Star-Autor*innen wie Jean Frankfurter, Jonathan Zelter, Tamara Olorga, Ricardo Bettiol oder Ali Zuckowski hat er Lunas Songs geschrieben. Wer Schlager liebt, sollte an Luna Klee und ihren Songs nicht achtlos vorbeigehen. Hier treffen treibende Rhythmen auf gro\u00dfe Melodieb\u00f6gen und Kopfkino, das unter die Haut geht. So ist es auch bei der Sommersingle \u201eLuftballon\u201c. Anders als in anderen Songs, in denen der Luftballon f\u00fcr Abschied steht oder f\u00fcr \u201eUfos aus dem All\u201c, die Chaos in der Welt stiften, ist bei Luna der Luftballon ein Sinnbild f\u00fcr die Liebe. \u201eManchmal fliegt sie leicht davon, doch dann kommt sie auch den Sternen nah\u201c. Dass die Route des Luftballons manchmal \u201ewolkenkratzerhoch und himmelweit\u201c f\u00fchrt, kann wohl jeder best\u00e4tigen, der schon mal richtig prall verliebt war! Ein sch\u00f6ner, knallbunter Diskofox ist er, dieser \u201eLuftballon\u201c, an dem wahrscheinlich alle Spa\u00df haben werden, die tanzbaren Schlager lieben und gerne laut mitsingen. Die Musik stammt von Schwedens Hit-Komponist J\u00f6rgen Andersson (schrieb u.a. Semino Rossis erfolgreichste Single \u201eWir sind im Herzen jung\u201c).<\/p>\n<p>Geboren wurde Luna Klee in Augsburg, wo die Familie zwischenzeitlich lebte. Ihre Kindheit hat sie gr\u00f6\u00dftenteils in Sonneberg (Th\u00fcringen) verbracht, bis die Familie schlie\u00dflich im oberfr\u00e4nkischen Coburg landete. Sie f\u00e4hrt leidenschaftlich gern Motorrad, macht Leichtathletik und nimmt neben dem Gesang Unterricht in Cello oder Gitarre. Au\u00dferdem setzt sie sich als Sch\u00fclersprecherin f\u00fcr die Rechte und Interessen ihrer Mitsch\u00fclerinnen und Mitsch\u00fcler ein. Und das Wichtigste? \u201eEindeutig die Familie\u201c, sagt sie. Neben ihren Br\u00fcdern Nils und Lino leben noch zwei Pflegegeschwister mit ihr und ihren Eltern Rita und Jens zusammen. Plus ein Hund und diverse Kleintiere. Langeweile? \u201eGibt\u2019s bei uns nicht\u201c, sagt Luna. Schon gar nicht, wenn jetzt auch noch eine Gesangskarriere losgeht.<\/p>\n<p>Luna Klees neue Single \u201eLuftballon\u201c kommt am 05. August 2022 an die Radios. Das Deb\u00fct-Album &#8222;Mein Kopf, mein Bauch, mein Herz&#8220; inkl. der Hit-Single \u201eDein Blick (Your Eyes)\u201c und der Neuaufnahme \u201eHinterm Horizont geht\u2019s weiter\u201c erscheint am 19.08.2022 bei Taxi28 Musik \/ TELAMO.<\/p>\n<p>&nbsp;<\/p>\n<p><span style=\"color: #800000;\"><strong>Quelle: Telamo<\/strong><\/span><\/p>\n<p><span style=\"color: #800000;\"><strong>Dieser Song ist ab dem 12.08.2022 in allen bekannten Onlineshops erh\u00e4ltlich!<\/strong><\/span><\/p>\n<p><span style=\"color: #800000;\"><strong>Airdate (f\u00fcr Radiosender): 12.08.2022<\/strong><\/span><\/p>\n<p>&nbsp;<\/p>\n","protected":false},"excerpt":{"rendered":"<p>Als im Sommer 2021 in der Zeitschrift SUPERillu der \u201eSchlagerstar von morgen\u201c gesucht wird, ahnt niemand, was f\u00fcr eine gl\u00fcckliche F\u00fcgung sich aus diesem Wettbewerb ergeben w\u00fcrde. Im November steht es dann fest: LUNA KLEE ist die Siegerin! Sie hat beim finalen Vorsingen in den Berliner Hansa-Studios die Jury rund um die Schlagerlegenden Ute Freudenberg und Bernhard Brink \u00fcberzeugt \u2013 und das als j\u00fcngste Teilnehmerin von allen! Aus ihrem am 19. August 2022 erscheinenden Album \u201eMein Kopf, mein Bauch, mein Herz\u201c wird nun nach der Deb\u00fct-Single \u201eDein Blick (Your Eyes)\u201c (300.000 YouTube-Views!) aus dem Film \u201eLa Boum 2 \u2013 Die Fete geht weiter\u201c eine neue&#8230;<\/p>\n","protected":false},"author":1,"featured_media":12478,"comment_status":"closed","ping_status":"closed","sticky":false,"template":"","format":"standard","meta":{"footnotes":""},"categories":[2],"tags":[1294],"class_list":["post-12476","post","type-post","status-publish","format-standard","has-post-thumbnail","hentry","category-schlager","tag-luna-klee","wpcat-2-id"],"_links":{"self":[{"href":"https:\/\/bergers-schlagerparadies.de\/index.php?rest_route=\/wp\/v2\/posts\/12476","targetHints":{"allow":["GET"]}}],"collection":[{"href":"https:\/\/bergers-schlagerparadies.de\/index.php?rest_route=\/wp\/v2\/posts"}],"about":[{"href":"https:\/\/bergers-schlagerparadies.de\/index.php?rest_route=\/wp\/v2\/types\/post"}],"author":[{"embeddable":true,"href":"https:\/\/bergers-schlagerparadies.de\/index.php?rest_route=\/wp\/v2\/users\/1"}],"replies":[{"embeddable":true,"href":"https:\/\/bergers-schlagerparadies.de\/index.php?rest_route=%2Fwp%2Fv2%2Fcomments&post=12476"}],"version-history":[{"count":1,"href":"https:\/\/bergers-schlagerparadies.de\/index.php?rest_route=\/wp\/v2\/posts\/12476\/revisions"}],"predecessor-version":[{"id":12479,"href":"https:\/\/bergers-schlagerparadies.de\/index.php?rest_route=\/wp\/v2\/posts\/12476\/revisions\/12479"}],"wp:featuredmedia":[{"embeddable":true,"href":"https:\/\/bergers-schlagerparadies.de\/index.php?rest_route=\/wp\/v2\/media\/12478"}],"wp:attachment":[{"href":"https:\/\/bergers-schlagerparadies.de\/index.php?rest_route=%2Fwp%2Fv2%2Fmedia&parent=12476"}],"wp:term":[{"taxonomy":"category","embeddable":true,"href":"https:\/\/bergers-schlagerparadies.de\/index.php?rest_route=%2Fwp%2Fv2%2Fcategories&post=12476"},{"taxonomy":"post_tag","embeddable":true,"href":"https:\/\/bergers-schlagerparadies.de\/index.php?rest_route=%2Fwp%2Fv2%2Ftags&post=12476"}],"curies":[{"name":"wp","href":"https:\/\/api.w.org\/{rel}","templated":true}]}}