{"id":12214,"date":"2022-07-22T12:59:15","date_gmt":"2022-07-22T10:59:15","guid":{"rendered":"http:\/\/bergers-schlagerparadies.de\/?p=12214"},"modified":"2022-07-22T12:59:15","modified_gmt":"2022-07-22T10:59:15","slug":"klanggefuehl-feat-mayque-polaroid-%c2%b7-bergers-schlagerparadies","status":"publish","type":"post","link":"https:\/\/bergers-schlagerparadies.de\/?p=12214","title":{"rendered":"Klanggef\u00fchl feat. Mayque &#8211; Polaroid \u00b7 Berger\u00b4s Schlagerparadies"},"content":{"rendered":"<p><img loading=\"lazy\" decoding=\"async\" class=\"size-medium wp-image-12216 alignleft\" src=\"https:\/\/bergers-schlagerparadies.de\/wp-content\/uploads\/2022\/07\/Klanggefuehl-feat.-Mayque-Polaroid-300x300.jpg\" alt=\"\" width=\"300\" height=\"300\" srcset=\"https:\/\/bergers-schlagerparadies.de\/wp-content\/uploads\/2022\/07\/Klanggefuehl-feat.-Mayque-Polaroid-300x300.jpg 300w, https:\/\/bergers-schlagerparadies.de\/wp-content\/uploads\/2022\/07\/Klanggefuehl-feat.-Mayque-Polaroid-1024x1024.jpg 1024w, https:\/\/bergers-schlagerparadies.de\/wp-content\/uploads\/2022\/07\/Klanggefuehl-feat.-Mayque-Polaroid-150x150.jpg 150w, https:\/\/bergers-schlagerparadies.de\/wp-content\/uploads\/2022\/07\/Klanggefuehl-feat.-Mayque-Polaroid-768x768.jpg 768w, https:\/\/bergers-schlagerparadies.de\/wp-content\/uploads\/2022\/07\/Klanggefuehl-feat.-Mayque-Polaroid-1536x1536.jpg 1536w, https:\/\/bergers-schlagerparadies.de\/wp-content\/uploads\/2022\/07\/Klanggefuehl-feat.-Mayque-Polaroid-2048x2048.jpg 2048w, https:\/\/bergers-schlagerparadies.de\/wp-content\/uploads\/2022\/07\/Klanggefuehl-feat.-Mayque-Polaroid-1200x1200.jpg 1200w, https:\/\/bergers-schlagerparadies.de\/wp-content\/uploads\/2022\/07\/Klanggefuehl-feat.-Mayque-Polaroid-1188x1188.jpg 1188w, https:\/\/bergers-schlagerparadies.de\/wp-content\/uploads\/2022\/07\/Klanggefuehl-feat.-Mayque-Polaroid-100x100.jpg 100w, https:\/\/bergers-schlagerparadies.de\/wp-content\/uploads\/2022\/07\/Klanggefuehl-feat.-Mayque-Polaroid-1320x1320.jpg 1320w\" sizes=\"auto, (max-width: 300px) 100vw, 300px\" \/>Klanggef\u00fchl melden sich mit ihrem brandneuen Titel \u201ePolaroid\u201c zur\u00fcck &#8211; dieses Mal mit der Unterst\u00fctzung der S\u00e4ngerin Mayque.<\/p>\n<p>In dem Song Polaroid geht um jemanden, der in seinem \u201eT\u00e4glich gr\u00fc\u00dft das Murmeltier\u201c Film festsitzt. Denn wer kennt es nicht, wenn der Alltag das Leben bestimmt? Genau deswegen ist es so wichtig, auch mal etwas zu wagen und aus der Langeweile des Alltags auszubrechen, um etwas zu erleben. Und wie k\u00f6nnte man diese Momente besser festhalten als auf einer Polaroid?<\/p>\n<p>Gegr\u00fcndet wurde das DJ Projekt Klanggef\u00fchl von Dennis Brandt und Daniel Vogel. Daniel K\u00f6rber wurde sp\u00e4ter als weiterer Produzent dazu geholt. Das Trio m\u00f6chte sich mit dem Projekt im Bereich Popschlager ansiedeln und die Leute mit ihrem Sound zum Tanzen bringen.<\/p>\n<p><span style=\"color: #800000;\"><strong>Quelle: Fiesta Records<\/strong><\/span><\/p>\n<p><span style=\"color: #800000;\"><strong>Dieser Song ist ab dem 29.07.2022 in allen bekannten Onlineshops erh\u00e4ltlich!<\/strong><\/span><\/p>\n<p><span style=\"color: #800000;\"><strong>Airdate (f\u00fcr Radiosender): 22.07.2022<\/strong><\/span><\/p>\n","protected":false},"excerpt":{"rendered":"<p>Klanggef\u00fchl melden sich mit ihrem brandneuen Titel \u201ePolaroid\u201c zur\u00fcck &#8211; dieses Mal mit der Unterst\u00fctzung der S\u00e4ngerin Mayque. In dem Song Polaroid geht um jemanden, der in seinem \u201eT\u00e4glich gr\u00fc\u00dft das Murmeltier\u201c Film festsitzt. Denn wer kennt es nicht, wenn der Alltag das Leben bestimmt? Genau deswegen ist es so wichtig, auch mal etwas zu wagen und aus der Langeweile des Alltags auszubrechen, um etwas zu erleben. Und wie k\u00f6nnte man diese Momente besser festhalten als auf einer Polaroid? Gegr\u00fcndet wurde das DJ Projekt Klanggef\u00fchl von Dennis Brandt und Daniel Vogel. Daniel K\u00f6rber wurde sp\u00e4ter als weiterer Produzent dazu geholt. Das Trio m\u00f6chte sich mit&#8230;<\/p>\n","protected":false},"author":1,"featured_media":12216,"comment_status":"closed","ping_status":"closed","sticky":false,"template":"","format":"standard","meta":{"footnotes":""},"categories":[2],"tags":[1426],"class_list":["post-12214","post","type-post","status-publish","format-standard","has-post-thumbnail","hentry","category-schlager","tag-klanggefuehl-feat-mayque","wpcat-2-id"],"_links":{"self":[{"href":"https:\/\/bergers-schlagerparadies.de\/index.php?rest_route=\/wp\/v2\/posts\/12214","targetHints":{"allow":["GET"]}}],"collection":[{"href":"https:\/\/bergers-schlagerparadies.de\/index.php?rest_route=\/wp\/v2\/posts"}],"about":[{"href":"https:\/\/bergers-schlagerparadies.de\/index.php?rest_route=\/wp\/v2\/types\/post"}],"author":[{"embeddable":true,"href":"https:\/\/bergers-schlagerparadies.de\/index.php?rest_route=\/wp\/v2\/users\/1"}],"replies":[{"embeddable":true,"href":"https:\/\/bergers-schlagerparadies.de\/index.php?rest_route=%2Fwp%2Fv2%2Fcomments&post=12214"}],"version-history":[{"count":1,"href":"https:\/\/bergers-schlagerparadies.de\/index.php?rest_route=\/wp\/v2\/posts\/12214\/revisions"}],"predecessor-version":[{"id":12217,"href":"https:\/\/bergers-schlagerparadies.de\/index.php?rest_route=\/wp\/v2\/posts\/12214\/revisions\/12217"}],"wp:featuredmedia":[{"embeddable":true,"href":"https:\/\/bergers-schlagerparadies.de\/index.php?rest_route=\/wp\/v2\/media\/12216"}],"wp:attachment":[{"href":"https:\/\/bergers-schlagerparadies.de\/index.php?rest_route=%2Fwp%2Fv2%2Fmedia&parent=12214"}],"wp:term":[{"taxonomy":"category","embeddable":true,"href":"https:\/\/bergers-schlagerparadies.de\/index.php?rest_route=%2Fwp%2Fv2%2Fcategories&post=12214"},{"taxonomy":"post_tag","embeddable":true,"href":"https:\/\/bergers-schlagerparadies.de\/index.php?rest_route=%2Fwp%2Fv2%2Ftags&post=12214"}],"curies":[{"name":"wp","href":"https:\/\/api.w.org\/{rel}","templated":true}]}}