{"id":12130,"date":"2022-07-19T12:28:59","date_gmt":"2022-07-19T10:28:59","guid":{"rendered":"http:\/\/bergers-schlagerparadies.de\/?p=12130"},"modified":"2022-07-19T12:42:46","modified_gmt":"2022-07-19T10:42:46","slug":"stefan-naihaus-sommerlebm-%c2%b7-bergers-schlagerparadies","status":"publish","type":"post","link":"https:\/\/bergers-schlagerparadies.de\/?p=12130","title":{"rendered":"Stefan Naihaus &#8211; Sommerleb\u00b4m \u00b7 Berger\u00b4s Schlagerparadies"},"content":{"rendered":"<p><strong><img loading=\"lazy\" decoding=\"async\" class=\"size-medium wp-image-12132 alignleft\" src=\"https:\/\/bergers-schlagerparadies.de\/wp-content\/uploads\/2022\/07\/Stefan-Naihaus-Sommerlebm-300x300.jpg\" alt=\"\" width=\"300\" height=\"300\" srcset=\"https:\/\/bergers-schlagerparadies.de\/wp-content\/uploads\/2022\/07\/Stefan-Naihaus-Sommerlebm-300x300.jpg 300w, https:\/\/bergers-schlagerparadies.de\/wp-content\/uploads\/2022\/07\/Stefan-Naihaus-Sommerlebm-1024x1024.jpg 1024w, https:\/\/bergers-schlagerparadies.de\/wp-content\/uploads\/2022\/07\/Stefan-Naihaus-Sommerlebm-150x150.jpg 150w, https:\/\/bergers-schlagerparadies.de\/wp-content\/uploads\/2022\/07\/Stefan-Naihaus-Sommerlebm-768x768.jpg 768w, https:\/\/bergers-schlagerparadies.de\/wp-content\/uploads\/2022\/07\/Stefan-Naihaus-Sommerlebm-1536x1536.jpg 1536w, https:\/\/bergers-schlagerparadies.de\/wp-content\/uploads\/2022\/07\/Stefan-Naihaus-Sommerlebm-2048x2048.jpg 2048w, https:\/\/bergers-schlagerparadies.de\/wp-content\/uploads\/2022\/07\/Stefan-Naihaus-Sommerlebm-1200x1200.jpg 1200w, https:\/\/bergers-schlagerparadies.de\/wp-content\/uploads\/2022\/07\/Stefan-Naihaus-Sommerlebm-1188x1188.jpg 1188w, https:\/\/bergers-schlagerparadies.de\/wp-content\/uploads\/2022\/07\/Stefan-Naihaus-Sommerlebm-100x100.jpg 100w, https:\/\/bergers-schlagerparadies.de\/wp-content\/uploads\/2022\/07\/Stefan-Naihaus-Sommerlebm-1320x1320.jpg 1320w\" sizes=\"auto, (max-width: 300px) 100vw, 300px\" \/><\/strong>\u2026auch wenn unbestritten bereits viele Songs den Sommer thematisieren pr\u00e4sentiert Stefan Naihaus mit \u201eSommerleb\u00b4m\u201c p\u00fcnktlich zum Start des Hochsommers einen Titel, der das Pr\u00e4dikat h\u00f6renswert absolut verdient!<\/p>\n<p><strong>\u00a0<\/strong><\/p>\n<p>Es ist fast unm\u00f6glich in diesen Tagen irgendjemand zu finden, der sich nicht auch vom derzeitigen EASY WAY OF SUMMER anstecken l\u00e4sst.<\/p>\n<p>Jeder neue wolkenlose, himmelblaue Sonnentag vers\u00fc\u00dft auf unnachahmliche Weise unsere Zeit und weckt ganz tief in uns die Lust auf unbeschwertes Sommerleben.<\/p>\n<p>&nbsp;<\/p>\n<p>\u201eDann lass i alles lieg\u2019n, dann lass i alles steh\u2019n, einfach nur dem Sommertag entgegen gehen\u201c \u2013 so einfach und genial generiert Stefan Naihaus in seinem aktuellen Sommerpopschlager einen perfekten Sommertag und sein ganz pers\u00f6nliches \u201eSommerleb\u00b4m\u201c.<\/p>\n<p><strong>\u00a0<\/strong><\/p>\n<p>Authentische Texte und bayrische Gelassenheit, eingebettet in ein starkes musikalisches Arrangement, \u2013 so hat es Stefan Naihaus am liebsten und hat mit seinen bisherigen Titeln wie z.B. \u201eDer alte Franz\u201c oder \u201eK\u00f6nnte ich mit Engeln reden\u201c erfolgreich gezeigt, dass sich moderner Schlager mit aussagekr\u00e4ftigen Texten au\u00dferordentlich gut kombinieren l\u00e4sst.<\/p>\n<p>&nbsp;<\/p>\n<p>\u201eIch m\u00f6chte diesem Supersommer, der uns allen zurzeit die Tage so unbeschwert genie\u00dfen l\u00e4sst<\/p>\n<p>einen ganz eigenen Sommertitel schenken\u201c so Stefan Naihaus, denn z\u00e4hlt doch f\u00fcr ihn pers\u00f6nlich der Sommer einfach zur besten und sch\u00f6nsten Zeit des Jahres.<\/p>\n<p>&nbsp;<\/p>\n<p>Also dann \u2013 unbedingt hineinh\u00f6ren und zusammen mit Stefan Naihaus den Sommer 2022 und das<\/p>\n<p>unbeschwerte Sommerleb\u00b4m genie\u00dfen.<\/p>\n<p><strong>\u00a0<\/strong><\/p>\n<p>Musik und Text: Stefan Jobst, Harald Maag, Stefan Krug<\/p>\n<p>Audio- und Videoproduktion: Stefan Krug \u2013 JUNIRECORDS\/JUNIVISION<\/p>\n<p>Label: JUNIRECORDS<\/p>\n<p>Verlag: Juni Musikverlag<\/p>\n<p>&nbsp;<\/p>\n<p><span style=\"color: #800000;\"><strong>Quelle: Junirecords<\/strong><\/span><\/p>\n<p><span style=\"color: #800000;\"><strong>Dieser Song ist ab dem 15.07.2022 in allen bekannten Onlineshops erh\u00e4ltlich!<\/strong><\/span><\/p>\n<p><span style=\"color: #800000;\"><strong>Airdate (f\u00fcr Radiosender): 15.07.2022<\/strong><\/span><\/p>\n","protected":false},"excerpt":{"rendered":"<p>\u2026auch wenn unbestritten bereits viele Songs den Sommer thematisieren pr\u00e4sentiert Stefan Naihaus mit \u201eSommerleb\u00b4m\u201c p\u00fcnktlich zum Start des Hochsommers einen Titel, der das Pr\u00e4dikat h\u00f6renswert absolut verdient! \u00a0 Es ist fast unm\u00f6glich in diesen Tagen irgendjemand zu finden, der sich nicht auch vom derzeitigen EASY WAY OF SUMMER anstecken l\u00e4sst. Jeder neue wolkenlose, himmelblaue Sonnentag vers\u00fc\u00dft auf unnachahmliche Weise unsere Zeit und weckt ganz tief in uns die Lust auf unbeschwertes Sommerleben. &nbsp; \u201eDann lass i alles lieg\u2019n, dann lass i alles steh\u2019n, einfach nur dem Sommertag entgegen gehen\u201c \u2013 so einfach und genial generiert Stefan Naihaus in seinem aktuellen Sommerpopschlager einen perfekten Sommertag und&#8230;<\/p>\n","protected":false},"author":1,"featured_media":12132,"comment_status":"closed","ping_status":"closed","sticky":false,"template":"","format":"standard","meta":{"footnotes":""},"categories":[2],"tags":[700],"class_list":["post-12130","post","type-post","status-publish","format-standard","has-post-thumbnail","hentry","category-schlager","tag-stefan-naihaus","wpcat-2-id"],"_links":{"self":[{"href":"https:\/\/bergers-schlagerparadies.de\/index.php?rest_route=\/wp\/v2\/posts\/12130","targetHints":{"allow":["GET"]}}],"collection":[{"href":"https:\/\/bergers-schlagerparadies.de\/index.php?rest_route=\/wp\/v2\/posts"}],"about":[{"href":"https:\/\/bergers-schlagerparadies.de\/index.php?rest_route=\/wp\/v2\/types\/post"}],"author":[{"embeddable":true,"href":"https:\/\/bergers-schlagerparadies.de\/index.php?rest_route=\/wp\/v2\/users\/1"}],"replies":[{"embeddable":true,"href":"https:\/\/bergers-schlagerparadies.de\/index.php?rest_route=%2Fwp%2Fv2%2Fcomments&post=12130"}],"version-history":[{"count":3,"href":"https:\/\/bergers-schlagerparadies.de\/index.php?rest_route=\/wp\/v2\/posts\/12130\/revisions"}],"predecessor-version":[{"id":12135,"href":"https:\/\/bergers-schlagerparadies.de\/index.php?rest_route=\/wp\/v2\/posts\/12130\/revisions\/12135"}],"wp:featuredmedia":[{"embeddable":true,"href":"https:\/\/bergers-schlagerparadies.de\/index.php?rest_route=\/wp\/v2\/media\/12132"}],"wp:attachment":[{"href":"https:\/\/bergers-schlagerparadies.de\/index.php?rest_route=%2Fwp%2Fv2%2Fmedia&parent=12130"}],"wp:term":[{"taxonomy":"category","embeddable":true,"href":"https:\/\/bergers-schlagerparadies.de\/index.php?rest_route=%2Fwp%2Fv2%2Fcategories&post=12130"},{"taxonomy":"post_tag","embeddable":true,"href":"https:\/\/bergers-schlagerparadies.de\/index.php?rest_route=%2Fwp%2Fv2%2Ftags&post=12130"}],"curies":[{"name":"wp","href":"https:\/\/api.w.org\/{rel}","templated":true}]}}