{"id":12050,"date":"2022-07-15T13:43:52","date_gmt":"2022-07-15T11:43:52","guid":{"rendered":"http:\/\/bergers-schlagerparadies.de\/?p=12050"},"modified":"2022-07-15T13:43:52","modified_gmt":"2022-07-15T11:43:52","slug":"mario-steffen-sieben-jahre-%c2%b7-bergers-schlagerparadies","status":"publish","type":"post","link":"https:\/\/bergers-schlagerparadies.de\/?p=12050","title":{"rendered":"Mario Steffen &#8211; Sieben Jahre \u00b7 Berger\u00b4s Schlagerparadies"},"content":{"rendered":"<p><img loading=\"lazy\" decoding=\"async\" class=\"size-medium wp-image-12052 alignleft\" src=\"https:\/\/bergers-schlagerparadies.de\/wp-content\/uploads\/2022\/07\/Mario-Steffen-Sieben-Jahre-300x300.jpg\" alt=\"\" width=\"300\" height=\"300\" srcset=\"https:\/\/bergers-schlagerparadies.de\/wp-content\/uploads\/2022\/07\/Mario-Steffen-Sieben-Jahre-300x300.jpg 300w, https:\/\/bergers-schlagerparadies.de\/wp-content\/uploads\/2022\/07\/Mario-Steffen-Sieben-Jahre-150x150.jpg 150w, https:\/\/bergers-schlagerparadies.de\/wp-content\/uploads\/2022\/07\/Mario-Steffen-Sieben-Jahre-768x768.jpg 768w, https:\/\/bergers-schlagerparadies.de\/wp-content\/uploads\/2022\/07\/Mario-Steffen-Sieben-Jahre-100x100.jpg 100w, https:\/\/bergers-schlagerparadies.de\/wp-content\/uploads\/2022\/07\/Mario-Steffen-Sieben-Jahre.jpg 800w\" sizes=\"auto, (max-width: 300px) 100vw, 300px\" \/>Es gibt viele K\u00fcnstler in der heutigen Musikwelt, doch nicht alle bleiben so konstant \u201eam Ball\u201c wie er. Der gelernte B\u00e4cker Mario Steffen ver\u00f6ffentlichte 2004 seine Deb\u00fct-Single \u201eWie ein Bilderbuch\u201c und danach etliche weitere Singles, wie z.B. \u201eVergessen, dass es dich gibt\u201c, &#8222;Ich setz den Joker drauf&#8220; und \u201eEinsam in der Samstagnacht&#8220; sowie bisher drei Alben.<\/p>\n<p>Mit jeder neuen Single-V\u00d6 war deutlich erkennbar, dass Mario Steffen mehr und mehr von den Rundfunkredakteuren \u201eangenommen\u201c wird. Aus dem einstigen Newcomer wurde ein ernstzunehmender K\u00fcnstler, der zwischenzeitlich seinen Musikstil fand. Ein neues Album ist f\u00fcr Herbst geplant!<\/p>\n<p>\u201eSieben Jahre\u201c ist vielleicht ja ein weiterer, musikalischer \u201eTreffer\u201c des sympathischen Unterfranken. Eing\u00e4ngig, modern und 100 % Schlager! Mario Steffen hofft, auch mit seiner brandneuen Single wieder in den Radiostationen gespielt zu werden und bedankt sich auf diesem Wege auch f\u00fcr die bisherige Unterst\u00fctzung.<\/p>\n<p>Musik: Uwe Altenried<br \/>\nText: Matthias Teriet<br \/>\nProduziert von J\u00f6rg Lamster<\/p>\n<p><span style=\"color: #800000;\"><strong>Quelle: Fiesta Records<\/strong><\/span><\/p>\n<p><span style=\"color: #800000;\"><strong>Dieser Song ist ab dem 22.07.2022 in allen bekannten Onlineshops erh\u00e4ltlich!<\/strong><\/span><\/p>\n<p><span style=\"color: #800000;\"><strong>Airdate (f\u00fcr Radiosender): 15.07.2022<\/strong><\/span><\/p>\n","protected":false},"excerpt":{"rendered":"<p>Es gibt viele K\u00fcnstler in der heutigen Musikwelt, doch nicht alle bleiben so konstant \u201eam Ball\u201c wie er. Der gelernte B\u00e4cker Mario Steffen ver\u00f6ffentlichte 2004 seine Deb\u00fct-Single \u201eWie ein Bilderbuch\u201c und danach etliche weitere Singles, wie z.B. \u201eVergessen, dass es dich gibt\u201c, &#8222;Ich setz den Joker drauf&#8220; und \u201eEinsam in der Samstagnacht&#8220; sowie bisher drei Alben. Mit jeder neuen Single-V\u00d6 war deutlich erkennbar, dass Mario Steffen mehr und mehr von den Rundfunkredakteuren \u201eangenommen\u201c wird. Aus dem einstigen Newcomer wurde ein ernstzunehmender K\u00fcnstler, der zwischenzeitlich seinen Musikstil fand. Ein neues Album ist f\u00fcr Herbst geplant! \u201eSieben Jahre\u201c ist vielleicht ja ein weiterer, musikalischer \u201eTreffer\u201c des sympathischen&#8230;<\/p>\n","protected":false},"author":1,"featured_media":12052,"comment_status":"closed","ping_status":"closed","sticky":false,"template":"","format":"standard","meta":{"footnotes":""},"categories":[2],"tags":[150],"class_list":["post-12050","post","type-post","status-publish","format-standard","has-post-thumbnail","hentry","category-schlager","tag-mario-steffen","wpcat-2-id"],"_links":{"self":[{"href":"https:\/\/bergers-schlagerparadies.de\/index.php?rest_route=\/wp\/v2\/posts\/12050","targetHints":{"allow":["GET"]}}],"collection":[{"href":"https:\/\/bergers-schlagerparadies.de\/index.php?rest_route=\/wp\/v2\/posts"}],"about":[{"href":"https:\/\/bergers-schlagerparadies.de\/index.php?rest_route=\/wp\/v2\/types\/post"}],"author":[{"embeddable":true,"href":"https:\/\/bergers-schlagerparadies.de\/index.php?rest_route=\/wp\/v2\/users\/1"}],"replies":[{"embeddable":true,"href":"https:\/\/bergers-schlagerparadies.de\/index.php?rest_route=%2Fwp%2Fv2%2Fcomments&post=12050"}],"version-history":[{"count":1,"href":"https:\/\/bergers-schlagerparadies.de\/index.php?rest_route=\/wp\/v2\/posts\/12050\/revisions"}],"predecessor-version":[{"id":12053,"href":"https:\/\/bergers-schlagerparadies.de\/index.php?rest_route=\/wp\/v2\/posts\/12050\/revisions\/12053"}],"wp:featuredmedia":[{"embeddable":true,"href":"https:\/\/bergers-schlagerparadies.de\/index.php?rest_route=\/wp\/v2\/media\/12052"}],"wp:attachment":[{"href":"https:\/\/bergers-schlagerparadies.de\/index.php?rest_route=%2Fwp%2Fv2%2Fmedia&parent=12050"}],"wp:term":[{"taxonomy":"category","embeddable":true,"href":"https:\/\/bergers-schlagerparadies.de\/index.php?rest_route=%2Fwp%2Fv2%2Fcategories&post=12050"},{"taxonomy":"post_tag","embeddable":true,"href":"https:\/\/bergers-schlagerparadies.de\/index.php?rest_route=%2Fwp%2Fv2%2Ftags&post=12050"}],"curies":[{"name":"wp","href":"https:\/\/api.w.org\/{rel}","templated":true}]}}