{"id":12037,"date":"2022-07-13T16:37:15","date_gmt":"2022-07-13T14:37:15","guid":{"rendered":"http:\/\/bergers-schlagerparadies.de\/?p=12037"},"modified":"2022-07-13T16:37:15","modified_gmt":"2022-07-13T14:37:15","slug":"sanny-die-stimme-der-berge-das-lebensbuch-vom-glueck-%c2%b7-bergers-schlagerparadies","status":"publish","type":"post","link":"https:\/\/bergers-schlagerparadies.de\/?p=12037","title":{"rendered":"Sanny Die Stimme der Berge &#8211; Das Lebensbuch vom Gl\u00fcck \u00b7 Berger\u00b4s Schlagerparadies"},"content":{"rendered":"<p><img loading=\"lazy\" decoding=\"async\" class=\"size-medium wp-image-12039 alignleft\" src=\"https:\/\/bergers-schlagerparadies.de\/wp-content\/uploads\/2022\/07\/Sanny-Die-Stimme-der-Berge-Das-Lebensbuch-vom-Glueck-300x300.jpg\" alt=\"\" width=\"300\" height=\"300\" srcset=\"https:\/\/bergers-schlagerparadies.de\/wp-content\/uploads\/2022\/07\/Sanny-Die-Stimme-der-Berge-Das-Lebensbuch-vom-Glueck-300x300.jpg 300w, https:\/\/bergers-schlagerparadies.de\/wp-content\/uploads\/2022\/07\/Sanny-Die-Stimme-der-Berge-Das-Lebensbuch-vom-Glueck-1024x1024.jpg 1024w, https:\/\/bergers-schlagerparadies.de\/wp-content\/uploads\/2022\/07\/Sanny-Die-Stimme-der-Berge-Das-Lebensbuch-vom-Glueck-150x150.jpg 150w, https:\/\/bergers-schlagerparadies.de\/wp-content\/uploads\/2022\/07\/Sanny-Die-Stimme-der-Berge-Das-Lebensbuch-vom-Glueck-768x768.jpg 768w, https:\/\/bergers-schlagerparadies.de\/wp-content\/uploads\/2022\/07\/Sanny-Die-Stimme-der-Berge-Das-Lebensbuch-vom-Glueck-1536x1536.jpg 1536w, https:\/\/bergers-schlagerparadies.de\/wp-content\/uploads\/2022\/07\/Sanny-Die-Stimme-der-Berge-Das-Lebensbuch-vom-Glueck-2048x2048.jpg 2048w, https:\/\/bergers-schlagerparadies.de\/wp-content\/uploads\/2022\/07\/Sanny-Die-Stimme-der-Berge-Das-Lebensbuch-vom-Glueck-1200x1200.jpg 1200w, https:\/\/bergers-schlagerparadies.de\/wp-content\/uploads\/2022\/07\/Sanny-Die-Stimme-der-Berge-Das-Lebensbuch-vom-Glueck-1188x1188.jpg 1188w, https:\/\/bergers-schlagerparadies.de\/wp-content\/uploads\/2022\/07\/Sanny-Die-Stimme-der-Berge-Das-Lebensbuch-vom-Glueck-100x100.jpg 100w, https:\/\/bergers-schlagerparadies.de\/wp-content\/uploads\/2022\/07\/Sanny-Die-Stimme-der-Berge-Das-Lebensbuch-vom-Glueck-1320x1320.jpg 1320w\" sizes=\"auto, (max-width: 300px) 100vw, 300px\" \/>Sanny \u2013 Die Stimme der Berge ist mit der neuen Single \u201eDas Lebensbuch vom Gl\u00fcck\u201c am Start. Es ist die erste Vorabauskopplung aus einem Studioalbum, das gerade in der Fertigstellung ist. Livepremiere hatte das Werk bereits auf der B\u00fchne beim Kastelruhter Spatzen Open Air in Seis am Schlern.<br \/>\nSanny und seine volkst\u00fcmliche Musik sind authentisch und zeichnen sich auch dadurch aus, ernste Themen ins Auge zu nehmen. \u201eDas Lebensbuch vom Gl\u00fcck\u201c \u2013 Jeder will drinstehen. Ob ein Platz f\u00fcr uns vorgesehen ist, erfahren wir erst im Laufe der Jahre. Der S\u00e4nger ist Vater von 3 S\u00f6hnen und stemmt mit seiner Ehefrau Heidi t\u00e4glich alle Herausforderungen, die der Alltag so mit sich bringt. Sanny, dessen wundersch\u00f6ne Stimme der Berge schon beinahe auf der ganzen Welt erklungen ist, er hat schon in Deutschland, \u00d6sterreich, Schweiz aber auch in S\u00fcdtirol, Kanada, auf Schiffen, im TV, auf Almh\u00fctten, in Kanada, New York, Florida, an den Niagara F\u00e4llen gesungen, ist sich ganz sicher, dass er sein Pl\u00e4tzchen im Lebensbuch vom Gl\u00fcck gefunden hat.<br \/>\nAm 16. Juli startet die erste Folge von \u201eSchlager Expedition\u201c auf MyTVPlus in der Sanny eine musikalische Reise mit den TV-Zuschauern durch die wundersch\u00f6ne s\u00e4chsische Schweiz unternimmt. Viele tolle Schlagerkollegen, unter anderem Peter Orloff und Geri der Klostertaler reisen mit. Zusammen mit seinem Team von Mike\u2019s Music Media (Germany) macht Sanny die Welt des volkst\u00fcmlichen Schlagers ein wenig sch\u00f6ner und gl\u00fccklicher.<\/p>\n<p><span style=\"color: #800000;\"><strong>Quelle: 100% Deutsch<\/strong><\/span><\/p>\n<p><span style=\"color: #800000;\"><strong>Dieser Song ist ab dem 15.07.2022 in allen bekannten Onlineshops erh\u00e4ltlich!<\/strong><\/span><\/p>\n<p><span style=\"color: #800000;\"><strong>Airdate (f\u00fcr Radiosender): 08.07.2022<\/strong><\/span><\/p>\n","protected":false},"excerpt":{"rendered":"<p>Sanny \u2013 Die Stimme der Berge ist mit der neuen Single \u201eDas Lebensbuch vom Gl\u00fcck\u201c am Start. Es ist die erste Vorabauskopplung aus einem Studioalbum, das gerade in der Fertigstellung ist. Livepremiere hatte das Werk bereits auf der B\u00fchne beim Kastelruhter Spatzen Open Air in Seis am Schlern. Sanny und seine volkst\u00fcmliche Musik sind authentisch und zeichnen sich auch dadurch aus, ernste Themen ins Auge zu nehmen. \u201eDas Lebensbuch vom Gl\u00fcck\u201c \u2013 Jeder will drinstehen. Ob ein Platz f\u00fcr uns vorgesehen ist, erfahren wir erst im Laufe der Jahre. Der S\u00e4nger ist Vater von 3 S\u00f6hnen und stemmt mit seiner Ehefrau Heidi t\u00e4glich alle Herausforderungen,&#8230;<\/p>\n","protected":false},"author":1,"featured_media":12039,"comment_status":"closed","ping_status":"closed","sticky":false,"template":"","format":"standard","meta":{"footnotes":""},"categories":[2],"tags":[1414],"class_list":["post-12037","post","type-post","status-publish","format-standard","has-post-thumbnail","hentry","category-schlager","tag-sanny-die-stimme-der-berge","wpcat-2-id"],"_links":{"self":[{"href":"https:\/\/bergers-schlagerparadies.de\/index.php?rest_route=\/wp\/v2\/posts\/12037","targetHints":{"allow":["GET"]}}],"collection":[{"href":"https:\/\/bergers-schlagerparadies.de\/index.php?rest_route=\/wp\/v2\/posts"}],"about":[{"href":"https:\/\/bergers-schlagerparadies.de\/index.php?rest_route=\/wp\/v2\/types\/post"}],"author":[{"embeddable":true,"href":"https:\/\/bergers-schlagerparadies.de\/index.php?rest_route=\/wp\/v2\/users\/1"}],"replies":[{"embeddable":true,"href":"https:\/\/bergers-schlagerparadies.de\/index.php?rest_route=%2Fwp%2Fv2%2Fcomments&post=12037"}],"version-history":[{"count":1,"href":"https:\/\/bergers-schlagerparadies.de\/index.php?rest_route=\/wp\/v2\/posts\/12037\/revisions"}],"predecessor-version":[{"id":12040,"href":"https:\/\/bergers-schlagerparadies.de\/index.php?rest_route=\/wp\/v2\/posts\/12037\/revisions\/12040"}],"wp:featuredmedia":[{"embeddable":true,"href":"https:\/\/bergers-schlagerparadies.de\/index.php?rest_route=\/wp\/v2\/media\/12039"}],"wp:attachment":[{"href":"https:\/\/bergers-schlagerparadies.de\/index.php?rest_route=%2Fwp%2Fv2%2Fmedia&parent=12037"}],"wp:term":[{"taxonomy":"category","embeddable":true,"href":"https:\/\/bergers-schlagerparadies.de\/index.php?rest_route=%2Fwp%2Fv2%2Fcategories&post=12037"},{"taxonomy":"post_tag","embeddable":true,"href":"https:\/\/bergers-schlagerparadies.de\/index.php?rest_route=%2Fwp%2Fv2%2Ftags&post=12037"}],"curies":[{"name":"wp","href":"https:\/\/api.w.org\/{rel}","templated":true}]}}