{"id":12015,"date":"2022-07-12T16:52:41","date_gmt":"2022-07-12T14:52:41","guid":{"rendered":"http:\/\/bergers-schlagerparadies.de\/?p=12015"},"modified":"2022-07-12T16:52:41","modified_gmt":"2022-07-12T14:52:41","slug":"2-klang-affaere-wer-haette-das-gedacht-%c2%b7-bergers-schlagerparadies","status":"publish","type":"post","link":"https:\/\/bergers-schlagerparadies.de\/?p=12015","title":{"rendered":"2 Klang Aff\u00e4re &#8211; Wer h\u00e4tte das gedacht \u00b7 Berger\u00b4s  Schlagerparadies"},"content":{"rendered":"<p><img loading=\"lazy\" decoding=\"async\" class=\"size-medium wp-image-12017 alignleft\" src=\"https:\/\/bergers-schlagerparadies.de\/wp-content\/uploads\/2022\/07\/2-Klang-Affaere-Wer-haette-das-gedacht-300x300.jpg\" alt=\"\" width=\"300\" height=\"300\" srcset=\"https:\/\/bergers-schlagerparadies.de\/wp-content\/uploads\/2022\/07\/2-Klang-Affaere-Wer-haette-das-gedacht-300x300.jpg 300w, https:\/\/bergers-schlagerparadies.de\/wp-content\/uploads\/2022\/07\/2-Klang-Affaere-Wer-haette-das-gedacht-1024x1024.jpg 1024w, https:\/\/bergers-schlagerparadies.de\/wp-content\/uploads\/2022\/07\/2-Klang-Affaere-Wer-haette-das-gedacht-150x150.jpg 150w, https:\/\/bergers-schlagerparadies.de\/wp-content\/uploads\/2022\/07\/2-Klang-Affaere-Wer-haette-das-gedacht-768x768.jpg 768w, https:\/\/bergers-schlagerparadies.de\/wp-content\/uploads\/2022\/07\/2-Klang-Affaere-Wer-haette-das-gedacht-1536x1536.jpg 1536w, https:\/\/bergers-schlagerparadies.de\/wp-content\/uploads\/2022\/07\/2-Klang-Affaere-Wer-haette-das-gedacht-2048x2048.jpg 2048w, https:\/\/bergers-schlagerparadies.de\/wp-content\/uploads\/2022\/07\/2-Klang-Affaere-Wer-haette-das-gedacht-1200x1200.jpg 1200w, https:\/\/bergers-schlagerparadies.de\/wp-content\/uploads\/2022\/07\/2-Klang-Affaere-Wer-haette-das-gedacht-1188x1188.jpg 1188w, https:\/\/bergers-schlagerparadies.de\/wp-content\/uploads\/2022\/07\/2-Klang-Affaere-Wer-haette-das-gedacht-100x100.jpg 100w, https:\/\/bergers-schlagerparadies.de\/wp-content\/uploads\/2022\/07\/2-Klang-Affaere-Wer-haette-das-gedacht-1320x1320.jpg 1320w\" sizes=\"auto, (max-width: 300px) 100vw, 300px\" \/>\u201eWer h\u00e4tte das gedacht\u201c&#8230; Nach den Singles \u201eAbenteuer\u201c und \u201eEine Nacht mit dir\u201c kommt hier die 3. Single der beiden K\u00fcnstler, die die Geschichte der beiden weiter tr\u00e4gt. Ein zuf\u00e4lliges Wiedersehen bringt die gro\u00dfe Liebe mit sich. Wer h\u00e4tte das gedacht&#8230;. dass sich 2KlangAff\u00e4re ihren Weg immer weiter bahnen und den n\u00e4chsten gelungenen Pop-Schlager mit dem Erfolgsproduzenten Gerd Lorenz erschaffen. Die Stimmen werden perfekt in Szene gesetzt, so dass Adis warme, tiefe Stimme und Birgit&#8217;s brillianter Stimmklang harmonieren und wieder einmal zu einer Einheit verschmelzen.<\/p>\n<p>&nbsp;<\/p>\n<p><span style=\"color: #800000;\"><strong>Quelle: TSL Records<\/strong><\/span><\/p>\n<p><span style=\"color: #800000;\"><strong>Dieser Song ist ab dem 08.07.2022 in allen bekannten Onlineshops erh\u00e4ltlich!<\/strong><\/span><\/p>\n<p><span style=\"color: #800000;\"><strong>Airdate (f\u00fcr Radiosender): 04.07.2022<\/strong><\/span><\/p>\n","protected":false},"excerpt":{"rendered":"<p>\u201eWer h\u00e4tte das gedacht\u201c&#8230; Nach den Singles \u201eAbenteuer\u201c und \u201eEine Nacht mit dir\u201c kommt hier die 3. Single der beiden K\u00fcnstler, die die Geschichte der beiden weiter tr\u00e4gt. Ein zuf\u00e4lliges Wiedersehen bringt die gro\u00dfe Liebe mit sich. Wer h\u00e4tte das gedacht&#8230;. dass sich 2KlangAff\u00e4re ihren Weg immer weiter bahnen und den n\u00e4chsten gelungenen Pop-Schlager mit dem Erfolgsproduzenten Gerd Lorenz erschaffen. Die Stimmen werden perfekt in Szene gesetzt, so dass Adis warme, tiefe Stimme und Birgit&#8217;s brillianter Stimmklang harmonieren und wieder einmal zu einer Einheit verschmelzen. &nbsp; Quelle: TSL Records Dieser Song ist ab dem 08.07.2022 in allen bekannten Onlineshops erh\u00e4ltlich! Airdate (f\u00fcr Radiosender): 04.07.2022<\/p>\n","protected":false},"author":1,"featured_media":12017,"comment_status":"closed","ping_status":"closed","sticky":false,"template":"","format":"standard","meta":{"footnotes":""},"categories":[2],"tags":[1412],"class_list":["post-12015","post","type-post","status-publish","format-standard","has-post-thumbnail","hentry","category-schlager","tag-2-klang-affaere","wpcat-2-id"],"_links":{"self":[{"href":"https:\/\/bergers-schlagerparadies.de\/index.php?rest_route=\/wp\/v2\/posts\/12015","targetHints":{"allow":["GET"]}}],"collection":[{"href":"https:\/\/bergers-schlagerparadies.de\/index.php?rest_route=\/wp\/v2\/posts"}],"about":[{"href":"https:\/\/bergers-schlagerparadies.de\/index.php?rest_route=\/wp\/v2\/types\/post"}],"author":[{"embeddable":true,"href":"https:\/\/bergers-schlagerparadies.de\/index.php?rest_route=\/wp\/v2\/users\/1"}],"replies":[{"embeddable":true,"href":"https:\/\/bergers-schlagerparadies.de\/index.php?rest_route=%2Fwp%2Fv2%2Fcomments&post=12015"}],"version-history":[{"count":1,"href":"https:\/\/bergers-schlagerparadies.de\/index.php?rest_route=\/wp\/v2\/posts\/12015\/revisions"}],"predecessor-version":[{"id":12018,"href":"https:\/\/bergers-schlagerparadies.de\/index.php?rest_route=\/wp\/v2\/posts\/12015\/revisions\/12018"}],"wp:featuredmedia":[{"embeddable":true,"href":"https:\/\/bergers-schlagerparadies.de\/index.php?rest_route=\/wp\/v2\/media\/12017"}],"wp:attachment":[{"href":"https:\/\/bergers-schlagerparadies.de\/index.php?rest_route=%2Fwp%2Fv2%2Fmedia&parent=12015"}],"wp:term":[{"taxonomy":"category","embeddable":true,"href":"https:\/\/bergers-schlagerparadies.de\/index.php?rest_route=%2Fwp%2Fv2%2Fcategories&post=12015"},{"taxonomy":"post_tag","embeddable":true,"href":"https:\/\/bergers-schlagerparadies.de\/index.php?rest_route=%2Fwp%2Fv2%2Ftags&post=12015"}],"curies":[{"name":"wp","href":"https:\/\/api.w.org\/{rel}","templated":true}]}}