{"id":11964,"date":"2022-07-11T10:30:25","date_gmt":"2022-07-11T08:30:25","guid":{"rendered":"http:\/\/bergers-schlagerparadies.de\/?p=11964"},"modified":"2022-07-10T05:47:36","modified_gmt":"2022-07-10T03:47:36","slug":"art-garfunkel-jr-ross-antony-cecilia-%c2%b7-bergers-schlagerparadies","status":"publish","type":"post","link":"https:\/\/bergers-schlagerparadies.de\/?p=11964","title":{"rendered":"Art Garfunkel jr. &#038; Ross Antony &#8211; Cecilia \u00b7 Berger\u00b4s Schlagerparadies"},"content":{"rendered":"<div class=\"cxmmr5t8 oygrvhab hcukyx3x c1et5uql o9v6fnle ii04i59q\">\n<div dir=\"auto\"><img loading=\"lazy\" decoding=\"async\" class=\"size-medium wp-image-11966 alignleft\" src=\"https:\/\/bergers-schlagerparadies.de\/wp-content\/uploads\/2022\/07\/Art-Garfunkel-jr.-Ross-Antony-Cecilia-300x300.jpg\" alt=\"\" width=\"300\" height=\"300\" srcset=\"https:\/\/bergers-schlagerparadies.de\/wp-content\/uploads\/2022\/07\/Art-Garfunkel-jr.-Ross-Antony-Cecilia-300x300.jpg 300w, https:\/\/bergers-schlagerparadies.de\/wp-content\/uploads\/2022\/07\/Art-Garfunkel-jr.-Ross-Antony-Cecilia.jpg 1024w, https:\/\/bergers-schlagerparadies.de\/wp-content\/uploads\/2022\/07\/Art-Garfunkel-jr.-Ross-Antony-Cecilia-150x150.jpg 150w, https:\/\/bergers-schlagerparadies.de\/wp-content\/uploads\/2022\/07\/Art-Garfunkel-jr.-Ross-Antony-Cecilia-768x768.jpg 768w, https:\/\/bergers-schlagerparadies.de\/wp-content\/uploads\/2022\/07\/Art-Garfunkel-jr.-Ross-Antony-Cecilia-100x100.jpg 100w\" sizes=\"auto, (max-width: 300px) 100vw, 300px\" \/>Was als Geburtstagsgeschenk f\u00fcr seinen Vater zum 80. begann, ist nun bereits die 21. Woche in den Offiziellen Deutschen Albumcharts vertreten und eine der Chart\u00fcberraschungen des Jahres. Auf seinem Deb\u00fct-Album \u201eWie Du \u2013 Hommage an meinen Vater\u201c pr\u00e4sentiert Art Garfunkel jr. seine Interpretationen der Klassiker und unvergessenen Welthits, mit denen sein Vater Musikgeschichte geschrieben hat \u2013 gemeinsam mit einem regelrechten Who-is-Who der deutschen Schlager- und Show-Welt.<\/div>\n<\/div>\n<div class=\"cxmmr5t8 oygrvhab hcukyx3x c1et5uql o9v6fnle ii04i59q\">\n<div dir=\"auto\">Auch f\u00fcr die neue Single konnte Art jr. einen Superstar als Duettpartner gewinnen: der Deutschen liebster Engl\u00e4nder \u2013 Ross Antony \u2013 gab sich die Ehre und nahm den Simon &amp; Garfunkel-Hit \u201eCecilia\u201c in einer deutschen Version gemeinsam mit dem geb\u00fcrtigen New Yorker auf, der bereits seit 15 Jahren in Europa und Deutschland lebt.<\/div>\n<\/div>\n<div class=\"cxmmr5t8 oygrvhab hcukyx3x c1et5uql o9v6fnle ii04i59q\">\n<div dir=\"auto\">Das Original von \u201eCecilia\u201c stammt aus dem Jahr 1970 und kletterte seinerzeit weltweit in die oberen Regionen der Charts (bspw. in Deutschland bis auf Platz 2, USA #4, \u00d6sterreich #6, Schweiz #3, etc.).<\/div>\n<\/div>\n<div class=\"cxmmr5t8 oygrvhab hcukyx3x c1et5uql o9v6fnle ii04i59q\">\n<div dir=\"auto\">W\u00e4hrend Art jr. auf seinem Album meist ziemlich nah am Original bleibt, bewegt er sich gelegentlich auch ziemlich weit weg von der Vorlage. So z.B. auch bei \u201eCecilia\u201c mit Ross Antony. \u201eDas klingt so richtig tropisch, als w\u00fcrden wir am Strand chillen \u2013 der vibe ist echt richtig cool und funktioniert wunderbar auf seine eigene Art\u201c, so Art jr. Und Ross erg\u00e4nzt: \u201eCecilia ist schon immer einer meiner absoluten Lieblingssongs von Simon &amp; Garfunkel gewesen. Einfach ein zeitloser Song, der immer toll<\/div>\n<div dir=\"auto\">klingt. Dass ich jetzt mit Art jr. den Song in meiner mittlerweile fast zweiten Muttersprache Deutsch singen kann, gibt \u201eCecilia\u201c nochmal einen neuen Anstrich, der ihr richtig gut steht. Danke Art jr., dass Du mich als Duettpartner f\u00fcr den Song ausgesucht hast. Wenn wir ihn zusammen performen, h\u00f6re ich die Sonne \u2013 egal wie das Wetter gerade ist.\u201c<\/div>\n<\/div>\n<div class=\"cxmmr5t8 oygrvhab hcukyx3x c1et5uql o9v6fnle ii04i59q\">\n<div dir=\"auto\">Biografisches zu Art Garfunkel jr.:<\/div>\n<\/div>\n<div class=\"cxmmr5t8 oygrvhab hcukyx3x c1et5uql o9v6fnle ii04i59q\">\n<div dir=\"auto\">Art Garfunkel jr. wurde am 15.12.1990 in Manhattan als erstes Kind von Art Garfunkel und Kathryn Garfunkel geboren. Seine Kinder- und Jugendzeit verbrachte er gr\u00f6\u00dftenteils in den USA. Seine Gro\u00dfeltern hatten auch deutsche Wurzeln, so dass er schon in jungen Jahren die deutsche Sprache erlernte und einen starken Bezug zu Europa aufbaute. Er besuchte in New York auch eine deutsche Schule und liebte es, in den Pausen zu einem Deutschen Feinkostladen zu pilgern und deutsche sowie \u00f6sterreichische Spezialit\u00e4ten zu probieren. Auch das Interesse an deutscher Schlager- und Volksmusik erwachte bereits sehr fr\u00fch bei Art Garfunkel jr. Deshalb verbrachte er seine Ferien oft auch in Deutschland, \u00d6sterreich und der Schweiz. Nachdem er schon 2018 und 2019 mit seinem Vater auf gro\u00dfer Deutschland-Tournee war, verneigt er sich nun vor dem Oeuvre von Mr. Garfunkel sr. \u2013 auf seinem Tribute-Album \u201eWie Du \u2013 Hommage an meinen Vater\u201c.<\/div>\n<\/div>\n<div class=\"cxmmr5t8 oygrvhab hcukyx3x c1et5uql o9v6fnle ii04i59q\">\n<div dir=\"auto\">Biografisches zu Ross Antony:<\/div>\n<\/div>\n<div class=\"cxmmr5t8 oygrvhab hcukyx3x c1et5uql o9v6fnle ii04i59q\">\n<div dir=\"auto\">Ross Antony ist den meisten Musikfans als Ex-Mitglied der Casting-Band Bro\u00b4Sis bekannt, seit 2013 auch als erfolgreicher Schlagers\u00e4nger. Aber der talentierte Brite hat im Laufe seiner Karriere weit mehr in seinen Lebenslauf schreiben k\u00f6nnen.<\/div>\n<div dir=\"auto\">Noch vor Beendigung (1995) der dreij\u00e4hrigen Ausbildung an der Guildford School of Acting for Music, Dance and Drama, wirkte Antony in M\u00e4rchenspielen und Musicals mit: \u201eGrease\u201c, \u201eChicago\u201c, \u201eCalamity Jane\u201c und \u201eJack The Ripper\u201c standen auf den Spielpl\u00e4nen in seinem Kalender. Die Musical-Karriere setzte er bis 2006 fort: \u201eA Chorus Line\u201c, \u201eCinderella\u201c, \u201eLa Cage aux Folles\u201c, \u201eCarousel\u201c, \u201eMozart\u201c, \u201eTabaluga &amp; Lilli\u201c, \u201eHair\u201c, \u201eElisabeth\u201c und \u201eSaturday Night Fever\u201c. Kaum eine weltbekannte Show, in der er nicht dabei war.<\/div>\n<div dir=\"auto\">Seit 2015 moderiert er im MDR eigene Schlagersendungen wie \u201eMeine Schlagerwelt\u201c, \u201eSchlager meiner Heimat\u201c, \u201eSchlager einer Stadt\u201c, \u201eDie MDR Silvestershow\u201c oder jetzt eine eigens nach ihm benannte Sendung: \u201eDie Ross Antony Show\u201c.<\/div>\n<\/div>\n<div class=\"cxmmr5t8 oygrvhab hcukyx3x c1et5uql o9v6fnle ii04i59q\">\n<div dir=\"auto\">Neben seiner Autobiografie hat der Allrounder gemeinsam mit Sabine Zett das Kinderbuch \u201eMein Freund Button\u201c ver\u00f6ffentlicht, inkl. zugeh\u00f6riger CD mit zw\u00f6lf Kinderliedern im Gep\u00e4ck. Im Mai 2021 brachte Ross Antony das Ratgeber-Buch \u201eGute Laune glitzert und gl\u00e4nzt\u201c auf den Markt, das es gleich auf die Spiegel-Bestseller-Liste schaffte. Ebenso wie sein aktuelles Backbuch \u201eBacken mit Ross\u201c.<\/div>\n<\/div>\n<div class=\"cxmmr5t8 oygrvhab hcukyx3x c1et5uql o9v6fnle ii04i59q\">\n<div dir=\"auto\">Im August 2022 erscheint nun auch sein zweites Backbuch \u201eWeihnachtsbacken mit Ross\u201c \u2013 wir d\u00fcrfen uns schon auf Leckereien f\u00fcr die Weihnachtszeit freuen.<\/div>\n<div dir=\"auto\"><\/div>\n<\/div>\n<div class=\"cxmmr5t8 oygrvhab hcukyx3x c1et5uql o9v6fnle ii04i59q\">\n<div dir=\"auto\"><span style=\"color: #800000;\"><strong>Quelle : Telamo<\/strong><\/span><\/div>\n<\/div>\n<div dir=\"auto\"><\/div>\n<div dir=\"auto\"><span style=\"color: #800000;\"><strong>Dieser Song ist ab dem 08.07.2022 in allen bekannten Onlineshops erh\u00e4ltlich!<\/strong><\/span><\/p>\n<p><span style=\"color: #800000;\"><strong>Airdate (f\u00fcr Radiosender): 08.07.2022<\/strong><\/span><\/div>\n","protected":false},"excerpt":{"rendered":"<p>Was als Geburtstagsgeschenk f\u00fcr seinen Vater zum 80. begann, ist nun bereits die 21. Woche in den Offiziellen Deutschen Albumcharts vertreten und eine der Chart\u00fcberraschungen des Jahres. Auf seinem Deb\u00fct-Album \u201eWie Du \u2013 Hommage an meinen Vater\u201c pr\u00e4sentiert Art Garfunkel jr. seine Interpretationen der Klassiker und unvergessenen Welthits, mit denen sein Vater Musikgeschichte geschrieben hat \u2013 gemeinsam mit einem regelrechten Who-is-Who der deutschen Schlager- und Show-Welt. Auch f\u00fcr die neue Single konnte Art jr. einen Superstar als Duettpartner gewinnen: der Deutschen liebster Engl\u00e4nder \u2013 Ross Antony \u2013 gab sich die Ehre und nahm den Simon &amp; Garfunkel-Hit \u201eCecilia\u201c in einer deutschen Version gemeinsam mit dem&#8230;<\/p>\n","protected":false},"author":1,"featured_media":11966,"comment_status":"closed","ping_status":"closed","sticky":false,"template":"","format":"standard","meta":{"footnotes":""},"categories":[2],"tags":[1408],"class_list":["post-11964","post","type-post","status-publish","format-standard","has-post-thumbnail","hentry","category-schlager","tag-art-garfunkel-jr-ross-antony","wpcat-2-id"],"_links":{"self":[{"href":"https:\/\/bergers-schlagerparadies.de\/index.php?rest_route=\/wp\/v2\/posts\/11964","targetHints":{"allow":["GET"]}}],"collection":[{"href":"https:\/\/bergers-schlagerparadies.de\/index.php?rest_route=\/wp\/v2\/posts"}],"about":[{"href":"https:\/\/bergers-schlagerparadies.de\/index.php?rest_route=\/wp\/v2\/types\/post"}],"author":[{"embeddable":true,"href":"https:\/\/bergers-schlagerparadies.de\/index.php?rest_route=\/wp\/v2\/users\/1"}],"replies":[{"embeddable":true,"href":"https:\/\/bergers-schlagerparadies.de\/index.php?rest_route=%2Fwp%2Fv2%2Fcomments&post=11964"}],"version-history":[{"count":1,"href":"https:\/\/bergers-schlagerparadies.de\/index.php?rest_route=\/wp\/v2\/posts\/11964\/revisions"}],"predecessor-version":[{"id":11967,"href":"https:\/\/bergers-schlagerparadies.de\/index.php?rest_route=\/wp\/v2\/posts\/11964\/revisions\/11967"}],"wp:featuredmedia":[{"embeddable":true,"href":"https:\/\/bergers-schlagerparadies.de\/index.php?rest_route=\/wp\/v2\/media\/11966"}],"wp:attachment":[{"href":"https:\/\/bergers-schlagerparadies.de\/index.php?rest_route=%2Fwp%2Fv2%2Fmedia&parent=11964"}],"wp:term":[{"taxonomy":"category","embeddable":true,"href":"https:\/\/bergers-schlagerparadies.de\/index.php?rest_route=%2Fwp%2Fv2%2Fcategories&post=11964"},{"taxonomy":"post_tag","embeddable":true,"href":"https:\/\/bergers-schlagerparadies.de\/index.php?rest_route=%2Fwp%2Fv2%2Ftags&post=11964"}],"curies":[{"name":"wp","href":"https:\/\/api.w.org\/{rel}","templated":true}]}}