{"id":11946,"date":"2022-07-11T10:30:01","date_gmt":"2022-07-11T08:30:01","guid":{"rendered":"http:\/\/bergers-schlagerparadies.de\/?p=11946"},"modified":"2022-07-09T17:06:08","modified_gmt":"2022-07-09T15:06:08","slug":"judith-mel-rotlicht-fuer-die-liebe-%c2%b7-bergers-schlagerparadies","status":"publish","type":"post","link":"https:\/\/bergers-schlagerparadies.de\/?p=11946","title":{"rendered":"JUDITH &#038; MEL &#8211; Rotlicht f\u00fcr die Liebe \u00b7 Berger\u00b4s Schlagerparadies"},"content":{"rendered":"<div class=\"kvgmc6g5 cxmmr5t8 oygrvhab hcukyx3x c1et5uql ii04i59q\">\n<div dir=\"auto\"><img loading=\"lazy\" decoding=\"async\" class=\"size-medium wp-image-11949 alignleft\" src=\"https:\/\/bergers-schlagerparadies.de\/wp-content\/uploads\/2022\/07\/JUDITH-MEL-Rotlicht-fuer-die-Liebe-300x300.jpg\" alt=\"\" width=\"300\" height=\"300\" srcset=\"https:\/\/bergers-schlagerparadies.de\/wp-content\/uploads\/2022\/07\/JUDITH-MEL-Rotlicht-fuer-die-Liebe-300x300.jpg 300w, https:\/\/bergers-schlagerparadies.de\/wp-content\/uploads\/2022\/07\/JUDITH-MEL-Rotlicht-fuer-die-Liebe-1024x1024.jpg 1024w, https:\/\/bergers-schlagerparadies.de\/wp-content\/uploads\/2022\/07\/JUDITH-MEL-Rotlicht-fuer-die-Liebe-150x150.jpg 150w, https:\/\/bergers-schlagerparadies.de\/wp-content\/uploads\/2022\/07\/JUDITH-MEL-Rotlicht-fuer-die-Liebe-768x768.jpg 768w, https:\/\/bergers-schlagerparadies.de\/wp-content\/uploads\/2022\/07\/JUDITH-MEL-Rotlicht-fuer-die-Liebe-1536x1536.jpg 1536w, https:\/\/bergers-schlagerparadies.de\/wp-content\/uploads\/2022\/07\/JUDITH-MEL-Rotlicht-fuer-die-Liebe.jpg 2048w, https:\/\/bergers-schlagerparadies.de\/wp-content\/uploads\/2022\/07\/JUDITH-MEL-Rotlicht-fuer-die-Liebe-1200x1200.jpg 1200w, https:\/\/bergers-schlagerparadies.de\/wp-content\/uploads\/2022\/07\/JUDITH-MEL-Rotlicht-fuer-die-Liebe-1188x1188.jpg 1188w, https:\/\/bergers-schlagerparadies.de\/wp-content\/uploads\/2022\/07\/JUDITH-MEL-Rotlicht-fuer-die-Liebe-100x100.jpg 100w, https:\/\/bergers-schlagerparadies.de\/wp-content\/uploads\/2022\/07\/JUDITH-MEL-Rotlicht-fuer-die-Liebe-1320x1320.jpg 1320w\" sizes=\"auto, (max-width: 300px) 100vw, 300px\" \/>JUDITH &amp; MEL ver\u00f6ffentlichen im Herbst eine neue CD &#8211; eine Vorab \u2013 Single daraus: \u201eROTLICHT F\u00dcR DIE LIEBE\u201c wird Anfang Juli ver\u00f6ffentlicht. Das Thema der Single ist sehr zeitnah. Im Moment ist die Welt voller Verbote und Regelungen f\u00fcr unser t\u00e4gliches Leben, je- den Tag gibt es neue Verbote und Regeln, die Welt ist voller ROTLICHT. Alles kann man Judith &amp; Mel und auch allen anderen Menschen dieser Erde verbieten, aber die Liebe zueinander nicht. Deshalb schrieb Mel den Titel \u201eROTLICHT F\u00dcR DIE LIEBE\u201c ist kein Thema f\u00fcr uns zwei. Klare Aussage!! \u00dcber 30 Jahre zusammen auf der B\u00fchne und noch immer erfolgreich und gl\u00fccklich vereint, es gibt nicht mehr viel vergleichbare Paare in der Branche.<\/div>\n<\/div>\n<div class=\"cxmmr5t8 oygrvhab hcukyx3x c1et5uql o9v6fnle ii04i59q\">\n<div dir=\"auto\"><\/div>\n<\/div>\n<div class=\"cxmmr5t8 oygrvhab hcukyx3x c1et5uql o9v6fnle ii04i59q\">\n<div dir=\"auto\"><span style=\"color: #800000;\"><strong>Quelle : Melan Records<\/strong><\/span><\/div>\n<div dir=\"auto\"><\/div>\n<\/div>\n<div dir=\"auto\"><span style=\"color: #800000;\"><strong>Dieser Song ist ab dem 08.07.2022 in allen bekannten Onlineshops erh\u00e4ltlich!<\/strong><\/span><\/p>\n<p><span style=\"color: #800000;\"><strong>Airdate (f\u00fcr Radiosender): 08.07.2022<\/strong><\/span><\/div>\n<div dir=\"auto\"><\/div>\n","protected":false},"excerpt":{"rendered":"<p>JUDITH &amp; MEL ver\u00f6ffentlichen im Herbst eine neue CD &#8211; eine Vorab \u2013 Single daraus: \u201eROTLICHT F\u00dcR DIE LIEBE\u201c wird Anfang Juli ver\u00f6ffentlicht. Das Thema der Single ist sehr zeitnah. Im Moment ist die Welt voller Verbote und Regelungen f\u00fcr unser t\u00e4gliches Leben, je- den Tag gibt es neue Verbote und Regeln, die Welt ist voller ROTLICHT. Alles kann man Judith &amp; Mel und auch allen anderen Menschen dieser Erde verbieten, aber die Liebe zueinander nicht. Deshalb schrieb Mel den Titel \u201eROTLICHT F\u00dcR DIE LIEBE\u201c ist kein Thema f\u00fcr uns zwei. Klare Aussage!! \u00dcber 30 Jahre zusammen auf der B\u00fchne und noch immer erfolgreich und&#8230;<\/p>\n","protected":false},"author":1,"featured_media":11949,"comment_status":"closed","ping_status":"closed","sticky":false,"template":"","format":"standard","meta":{"footnotes":""},"categories":[2],"tags":[725],"class_list":["post-11946","post","type-post","status-publish","format-standard","has-post-thumbnail","hentry","category-schlager","tag-judith-mel","wpcat-2-id"],"_links":{"self":[{"href":"https:\/\/bergers-schlagerparadies.de\/index.php?rest_route=\/wp\/v2\/posts\/11946","targetHints":{"allow":["GET"]}}],"collection":[{"href":"https:\/\/bergers-schlagerparadies.de\/index.php?rest_route=\/wp\/v2\/posts"}],"about":[{"href":"https:\/\/bergers-schlagerparadies.de\/index.php?rest_route=\/wp\/v2\/types\/post"}],"author":[{"embeddable":true,"href":"https:\/\/bergers-schlagerparadies.de\/index.php?rest_route=\/wp\/v2\/users\/1"}],"replies":[{"embeddable":true,"href":"https:\/\/bergers-schlagerparadies.de\/index.php?rest_route=%2Fwp%2Fv2%2Fcomments&post=11946"}],"version-history":[{"count":1,"href":"https:\/\/bergers-schlagerparadies.de\/index.php?rest_route=\/wp\/v2\/posts\/11946\/revisions"}],"predecessor-version":[{"id":11950,"href":"https:\/\/bergers-schlagerparadies.de\/index.php?rest_route=\/wp\/v2\/posts\/11946\/revisions\/11950"}],"wp:featuredmedia":[{"embeddable":true,"href":"https:\/\/bergers-schlagerparadies.de\/index.php?rest_route=\/wp\/v2\/media\/11949"}],"wp:attachment":[{"href":"https:\/\/bergers-schlagerparadies.de\/index.php?rest_route=%2Fwp%2Fv2%2Fmedia&parent=11946"}],"wp:term":[{"taxonomy":"category","embeddable":true,"href":"https:\/\/bergers-schlagerparadies.de\/index.php?rest_route=%2Fwp%2Fv2%2Fcategories&post=11946"},{"taxonomy":"post_tag","embeddable":true,"href":"https:\/\/bergers-schlagerparadies.de\/index.php?rest_route=%2Fwp%2Fv2%2Ftags&post=11946"}],"curies":[{"name":"wp","href":"https:\/\/api.w.org\/{rel}","templated":true}]}}