{"id":11917,"date":"2022-07-08T14:09:07","date_gmt":"2022-07-08T12:09:07","guid":{"rendered":"http:\/\/bergers-schlagerparadies.de\/?p=11917"},"modified":"2022-07-08T14:09:07","modified_gmt":"2022-07-08T12:09:07","slug":"lyane-hegemann-michael-stein-lieben-und-lachen-%c2%b7-bergers-schlagerparadies","status":"publish","type":"post","link":"https:\/\/bergers-schlagerparadies.de\/?p=11917","title":{"rendered":"Lyane Hegemann &#038; Michael Stein \u201eLieben und Lachen\u201c \u00b7 Berger\u00b4s Schlagerparadies"},"content":{"rendered":"<p><img loading=\"lazy\" decoding=\"async\" class=\"size-medium wp-image-11919 alignleft\" src=\"https:\/\/bergers-schlagerparadies.de\/wp-content\/uploads\/2022\/07\/Lyane-Hegemann-Michael-Stein-\u201eLieben-und-Lachen-300x300.jpg\" alt=\"\" width=\"300\" height=\"300\" srcset=\"https:\/\/bergers-schlagerparadies.de\/wp-content\/uploads\/2022\/07\/Lyane-Hegemann-Michael-Stein-\u201eLieben-und-Lachen-300x300.jpg 300w, https:\/\/bergers-schlagerparadies.de\/wp-content\/uploads\/2022\/07\/Lyane-Hegemann-Michael-Stein-\u201eLieben-und-Lachen-1024x1024.jpg 1024w, https:\/\/bergers-schlagerparadies.de\/wp-content\/uploads\/2022\/07\/Lyane-Hegemann-Michael-Stein-\u201eLieben-und-Lachen-150x150.jpg 150w, https:\/\/bergers-schlagerparadies.de\/wp-content\/uploads\/2022\/07\/Lyane-Hegemann-Michael-Stein-\u201eLieben-und-Lachen-768x768.jpg 768w, https:\/\/bergers-schlagerparadies.de\/wp-content\/uploads\/2022\/07\/Lyane-Hegemann-Michael-Stein-\u201eLieben-und-Lachen-1536x1536.jpg 1536w, https:\/\/bergers-schlagerparadies.de\/wp-content\/uploads\/2022\/07\/Lyane-Hegemann-Michael-Stein-\u201eLieben-und-Lachen-2048x2048.jpg 2048w, https:\/\/bergers-schlagerparadies.de\/wp-content\/uploads\/2022\/07\/Lyane-Hegemann-Michael-Stein-\u201eLieben-und-Lachen-1200x1200.jpg 1200w, https:\/\/bergers-schlagerparadies.de\/wp-content\/uploads\/2022\/07\/Lyane-Hegemann-Michael-Stein-\u201eLieben-und-Lachen-1188x1188.jpg 1188w, https:\/\/bergers-schlagerparadies.de\/wp-content\/uploads\/2022\/07\/Lyane-Hegemann-Michael-Stein-\u201eLieben-und-Lachen-100x100.jpg 100w, https:\/\/bergers-schlagerparadies.de\/wp-content\/uploads\/2022\/07\/Lyane-Hegemann-Michael-Stein-\u201eLieben-und-Lachen-1320x1320.jpg 1320w\" sizes=\"auto, (max-width: 300px) 100vw, 300px\" \/>\u201eLieben und Lachen\u201c ein lebensfroher und bejahender Song der sehr gut in alle Schlager und<br \/>\nPopschlager Sammlungen passt. Ein ganz besonderer Song, denn er entstand bereits 2019 und ist<br \/>\neiner ganz besonderen Person gewidmet.<br \/>\nHier die Geschichte: Im Herbst 2018 traf ich Michael Stein auf einem Branchentreff. Schnell kamen<br \/>\nwir ins Gespr\u00e4ch und merkten das wir auf einer Wellenl\u00e4nge waren. Eigentlich kamen wir den ganzen<br \/>\nAbend nicht voneinander los, so interessant waren unsere Gespr\u00e4che. Es folgen weitere Treffen bei<br \/>\nVeranstaltungen und es wuchs die Idee, einen gemeinsamen Song als Duett aufzunehmen. Michael<br \/>\nhatte zusammen mit seinen musikalischen Partnern bereits etwas vorproduziert, was wir dann weiter<br \/>\nausgearbeitet haben. So entstand &#8222;Lieben und Lachen&#8220;.<br \/>\nDer Titel lag Michael sehr am Herzen und er telefonierte oft stundenlang mit Produzent Thomas<br \/>\nBleicher, um Details abzustimmen und Alternativen auszuprobieren. Das Ergebnis war ein poppiger<br \/>\nSchlager, mit dem Michael sehr gl\u00fccklich war.<\/p>\n<p>Dann kam Corona und au\u00dfer Telefonaten blieb nicht viel. Wir waren gerade dabei den Titel f\u00fcr die<br \/>\nVermarktung vorzubereiten, als alle Planungen durch die Pandemie auf den Kopf gestellt wurden.<br \/>\nWenig sp\u00e4ter erkrankte Michael an Krebs, und er bat mich, den Song doch erstmal auf mein Album<br \/>\nzu nehmen bis es ihm wieder besser ging. Ende 2020 hatte sich Michael von seiner Operation gut<br \/>\nerholt, war voller Tatendrang und hatte auch seinen Humor nicht verloren. Er wollte schnell wieder mit<br \/>\nder Musik loslegen, schmiedete Pl\u00e4ne f\u00fcr ein ganzes Album und weitere, gemeinsame Auftritte.<br \/>\nAls Anfang 2021 der Anruf seines Ablebens kam war ich geschockt und nat\u00fcrlich sehr traurig. Hatte<br \/>\nich doch einen lieben Kollegen und inzwischen auch Freund verloren.<br \/>\nAus Piet\u00e4t habe ich den Song zuerst einmal auf Eis gelegt, die Gef\u00fchle waren einfach noch zu frisch.<br \/>\nDoch nun m\u00f6chte ich den Titel endlich als Erinnerung an Michael ver\u00f6ffentlichen.<br \/>\nEr erscheint vorab auf meiner EP \u201eMeine sch\u00f6nsten Duette und Mitwirkungen\u201c und wird ausserdem<br \/>\nals einziges Duett auf meinem kommenden Soloalbum &#8222;Seelenfeuer&#8220; ver\u00f6ffentlicht (verf\u00fcgbar als CD<br \/>\nund auf USB-Stick).<br \/>\nMichael zu Ehren werden alle Einnahmen an &#8222;Lieben und Lachen&#8220; einem guten Zweck zukommen.<br \/>\nIch denke seine treuen Fans werden den Song lieben und sich bestimmt freuen, seinen letzten Titel<br \/>\nendlich h\u00f6ren zu k\u00f6nnen.<br \/>\nLyane Hegemann<br \/>\n&#8222;Lieben und Lachen&#8220; stammt aus der Feder von Michael Stein (Ekki Hessler) sowie seinen Partnern<br \/>\nKlaus Peplies und Fritz Kussin. Produziert und Arrangiert von Thomas Bleicher im Auftrag von 3H<br \/>\nRecords.<\/p>\n<p><span style=\"color: #800000;\"><strong>Quelle: 3H Records<\/strong><\/span><\/p>\n<p><span style=\"color: #800000;\"><strong>Dieser Song ist ab dem 08.07.2022 in allen bekannten Onlineshops erh\u00e4ltlich!<\/strong><\/span><\/p>\n<p><span style=\"color: #800000;\"><strong>Airdate (f\u00fcr Radiosender): 08.07.2022<\/strong><\/span><\/p>\n","protected":false},"excerpt":{"rendered":"<p>\u201eLieben und Lachen\u201c ein lebensfroher und bejahender Song der sehr gut in alle Schlager und Popschlager Sammlungen passt. Ein ganz besonderer Song, denn er entstand bereits 2019 und ist einer ganz besonderen Person gewidmet. Hier die Geschichte: Im Herbst 2018 traf ich Michael Stein auf einem Branchentreff. Schnell kamen wir ins Gespr\u00e4ch und merkten das wir auf einer Wellenl\u00e4nge waren. Eigentlich kamen wir den ganzen Abend nicht voneinander los, so interessant waren unsere Gespr\u00e4che. Es folgen weitere Treffen bei Veranstaltungen und es wuchs die Idee, einen gemeinsamen Song als Duett aufzunehmen. Michael hatte zusammen mit seinen musikalischen Partnern bereits etwas vorproduziert, was wir dann weiter&#8230;<\/p>\n","protected":false},"author":1,"featured_media":11919,"comment_status":"closed","ping_status":"closed","sticky":false,"template":"","format":"standard","meta":{"footnotes":""},"categories":[2],"tags":[1405],"class_list":["post-11917","post","type-post","status-publish","format-standard","has-post-thumbnail","hentry","category-schlager","tag-lyane-hegemann-michael-stein","wpcat-2-id"],"_links":{"self":[{"href":"https:\/\/bergers-schlagerparadies.de\/index.php?rest_route=\/wp\/v2\/posts\/11917","targetHints":{"allow":["GET"]}}],"collection":[{"href":"https:\/\/bergers-schlagerparadies.de\/index.php?rest_route=\/wp\/v2\/posts"}],"about":[{"href":"https:\/\/bergers-schlagerparadies.de\/index.php?rest_route=\/wp\/v2\/types\/post"}],"author":[{"embeddable":true,"href":"https:\/\/bergers-schlagerparadies.de\/index.php?rest_route=\/wp\/v2\/users\/1"}],"replies":[{"embeddable":true,"href":"https:\/\/bergers-schlagerparadies.de\/index.php?rest_route=%2Fwp%2Fv2%2Fcomments&post=11917"}],"version-history":[{"count":1,"href":"https:\/\/bergers-schlagerparadies.de\/index.php?rest_route=\/wp\/v2\/posts\/11917\/revisions"}],"predecessor-version":[{"id":11920,"href":"https:\/\/bergers-schlagerparadies.de\/index.php?rest_route=\/wp\/v2\/posts\/11917\/revisions\/11920"}],"wp:featuredmedia":[{"embeddable":true,"href":"https:\/\/bergers-schlagerparadies.de\/index.php?rest_route=\/wp\/v2\/media\/11919"}],"wp:attachment":[{"href":"https:\/\/bergers-schlagerparadies.de\/index.php?rest_route=%2Fwp%2Fv2%2Fmedia&parent=11917"}],"wp:term":[{"taxonomy":"category","embeddable":true,"href":"https:\/\/bergers-schlagerparadies.de\/index.php?rest_route=%2Fwp%2Fv2%2Fcategories&post=11917"},{"taxonomy":"post_tag","embeddable":true,"href":"https:\/\/bergers-schlagerparadies.de\/index.php?rest_route=%2Fwp%2Fv2%2Ftags&post=11917"}],"curies":[{"name":"wp","href":"https:\/\/api.w.org\/{rel}","templated":true}]}}